{"id":250626,"date":"2026-05-29T01:37:12","date_gmt":"2026-05-29T01:37:12","guid":{"rendered":"https:\/\/www.europesays.com\/no\/250626\/"},"modified":"2026-05-29T01:37:12","modified_gmt":"2026-05-29T01:37:12","slug":"mamma-domt-til-19-ar-i-fengsel-for-a-ha-drept-19-dager-gammel-datter","status":"publish","type":"post","link":"https:\/\/www.europesays.com\/no\/250626\/","title":{"rendered":"Mamma d\u00f8mt til 19 \u00e5r i fengsel for \u00e5 ha drept 19 dager gammel datter"},"content":{"rendered":"\n<p class=\"_lead_145nj_2 _lead_6fko5_53 layout-component text-serif-m layout-normal text-serif-l layout-component layout-wide layout-padded _wide_17hqh_1 layout-padded\">Nicole Blain (30) hevdet et annet barn hadde mistet babyen i gulvet.<\/p>\n<p><img alt=\" Foto: Politiet i Skottland\" class=\"_image_jw3bv_65 layout-component layout-wide\" data-fullscreen- data-track-element-type=\"Article image fullscreen\" data-track-name=\"ImageFullscreen\" fetchpriority=\"high\" decoding=\"sync\" loading=\"eager\" height=\"319\" itemprop=\"image\"  src=\"https:\/\/www.europesays.com\/no\/wp-content\/uploads\/2026\/05\/3526e97b-f50a-3ab4-afaf-16147153543f.jpeg\"  style=\"object-position:0% 0%\" width=\"320\"\/> Foto: Politiet i Skottland<\/p>\n<ul aria-hidden=\"true\" class=\"_images_ntbth_112\">\n<li><a class=\"_link_ntbth_117\" href=\"https:\/\/www.vg.no\/forfatter\/emilie-juell-moemb\" style=\"z-index:1\" title=\"Emilie Juell M\u00f8mb\" rel=\"nofollow noopener\" target=\"_blank\"><img alt=\"Bilde av Emilie Juell M\u00f8mb\" class=\"_image_ntbth_93\" fetchpriority=\"low\" loading=\"lazy\" decoding=\"async\" itemprop=\"image\"  src=\"https:\/\/www.europesays.com\/no\/wp-content\/uploads\/2026\/05\/1780018632_853_75a13ffa-6bad-4c88-a692-479c3111d196.jpeg\"  width=\"480\"\/><\/a><\/li>\n<\/ul>\n<p> Oppdatert fredag 29. mai kl. 02:53    <\/p>\n<ul class=\"_list_145nj_3 _list_64s2r_85 _unordered_145nj_106 text-sans-m\">\n<li class=\"_item_145nj_30\">Nicole Blain (30) ble funnet skyldig i drapet p\u00e5 datteren Thea Wilson, som d\u00f8de av alvorlige skader.<\/li>\n<li class=\"_item_145nj_30\">Blain hevdet et annet barn hadde mistet babyen i gulvet, men retten avviste dette.<\/li>\n<li class=\"_item_145nj_30\">Hun er d\u00f8mt til livstid med minste tid p\u00e5 19 \u00e5r og har allerede anket dommen.<\/li>\n<\/ul>\n<p>Vis mer <\/p>\n<p class=\"_paragraph_145nj_4 _paragraph_6fko5_10 layout-component text-serif-m layout-normal text-serif-m layout-padded\">Thea Wilson var bare 19 dager gammel da hun d\u00f8de 14. juli 2023. Babyen hadde brukne ribbein, tre brudd i hodeskallen, hjerneskade og bl\u00f8dninger bak \u00f8ynene, melder <a href=\"https:\/\/www.bbc.com\/news\/articles\/cvgz5ykr17eo\" class=\"_link_145nj_39\" rel=\"nofollow noopener\" target=\"_blank\">BBC<\/a>.<\/p>\n<p class=\"_paragraph_145nj_4 _paragraph_6fko5_10 layout-component text-serif-m layout-normal text-serif-m layout-padded\">Sommeren 2023 fikk politiet en melding om at en baby var syk p\u00e5 en eiendom i Greenock i <a href=\"https:\/\/www.vg.no\/tag\/skottland?utm_source=vg-article&amp;utm_medium=auto-tagger&amp;utm_campaign=zO4em5\" class=\"_link_145nj_39\" rel=\"nofollow noopener\" target=\"_blank\">Skottland<\/a>. Babyen ble fraktet til Royal Hospital for Children i Glasgow, hvor hun d\u00f8de. <\/p>\n<p class=\"_paragraph_145nj_4 _paragraph_6fko5_10 layout-component text-serif-m layout-normal text-serif-m layout-padded\">Forrige m\u00e5ned ble moren hennes, Nicole Blain (30), funnet skyldig i drapet. N\u00e5 er hun d\u00f8mt til livstid, med minst 19 \u00e5r i fengsel.<\/p>\n<p> Skyldte p\u00e5 et annet barn<\/p>\n<p class=\"_paragraph_145nj_4 _paragraph_6fko5_10 layout-component text-serif-m layout-normal text-serif-m layout-padded\">Blain erkjente ikke drapet, men hevdet at hun v\u00e5knet fra en lur i leiligheten og fant datteren skadet p\u00e5 gulvet. Hun skyldte p\u00e5 et annet barn som var i leiligheten, og p\u00e5sto at det skulle ha sluppet babyen i bakken.<\/p>\n<p class=\"_paragraph_145nj_4 _paragraph_6fko5_10 layout-component text-serif-m layout-normal text-serif-m layout-padded\">Dommer Lord Scott ble ikke overbevist av forklaringen.<\/p>\n<p class=\"_paragraph_145nj_4 _paragraph_6fko5_10 layout-component text-serif-m layout-normal text-serif-m layout-padded\">If\u00f8lge BBC forklarte en patolog i retten at skadene til jenta var forenelig med at hun hadde blitt voldsomt ristet og gjentatte ganger sl\u00e5tt mot et hardt gulv, en vegg eller m\u00f8bler. <\/p>\n<p class=\"_paragraph_145nj_4 _paragraph_6fko5_10 layout-component text-serif-m layout-normal text-serif-m layout-padded\">\u2013 Det kan ikke ha v\u00e6rt for\u00e5rsaket av et fall eller at det ble mistet. Til tross for vedvarende fors\u00f8k p\u00e5 \u00e5 antyde det, var det ikke et annet barn som gjorde det, men deg, hovedpersonen som var ansvarlig for omsorgen for baby Thea.<\/p>\n<p class=\"_paragraph_145nj_4 _paragraph_6fko5_10 layout-component text-serif-m layout-normal text-serif-m layout-padded\">Under rettssaken skal Blain ha fortalt at hun slet med f\u00f8dselsdepresjon etter datterens f\u00f8dsel, skriver <a href=\"https:\/\/www.bbc.com\/news\/articles\/cn8p752z9zyo\" class=\"_link_145nj_39\" rel=\"nofollow noopener\" target=\"_blank\">BBC<\/a>. <\/p>\n<p> Har anket saken<\/p>\n<p class=\"_paragraph_145nj_4 _paragraph_6fko5_10 layout-component text-serif-m layout-normal text-serif-m layout-padded\">If\u00f8lge BBC hadde flere titalls personer m\u00f8tt opp i retten, og det ble ropt \u00abmonster\u00bb fra publikumsbenken da Blain ble f\u00f8rt ut for \u00e5 starte soningen av straffen sin.<\/p>\n<p class=\"_paragraph_145nj_4 _paragraph_6fko5_10 layout-component text-serif-m layout-normal text-serif-m layout-padded\">Advokaten hennes, Thomas Ross, sa at en anke over b\u00e5de over domfellelsen og straffeutm\u00e5lingen allerede er levert. <\/p>\n","protected":false},"excerpt":{"rendered":"Nicole Blain (30) hevdet et annet barn hadde mistet babyen i gulvet. Foto: Politiet i Skottland Oppdatert fredag&hellip;\n","protected":false},"author":2,"featured_media":250627,"comment_status":"","ping_status":"","sticky":false,"template":"","format":"standard","meta":{"footnotes":"","_share_on_mastodon":"0"},"categories":[12],"tags":[20,21,24,25,15,22,23,13,30,28,29,14,16,4682,26,27,42,43,44,45],"class_list":["post-250626","post","type-post","status-publish","format-standard","has-post-thumbnail","category-verden","tag-breaking-news","tag-breakingnews","tag-featured-news","tag-featurednews","tag-headlines","tag-latest-news","tag-latestnews","tag-news","tag-no","tag-norge","tag-norway","tag-nyheter","tag-overskrifter","tag-skottland","tag-top-stories","tag-topstories","tag-verden","tag-world","tag-world-news","tag-worldnews"],"share_on_mastodon":{"url":"https:\/\/pubeurope.com\/@no\/116655308843860409","error":""},"_links":{"self":[{"href":"https:\/\/www.europesays.com\/no\/wp-json\/wp\/v2\/posts\/250626","targetHints":{"allow":["GET"]}}],"collection":[{"href":"https:\/\/www.europesays.com\/no\/wp-json\/wp\/v2\/posts"}],"about":[{"href":"https:\/\/www.europesays.com\/no\/wp-json\/wp\/v2\/types\/post"}],"author":[{"embeddable":true,"href":"https:\/\/www.europesays.com\/no\/wp-json\/wp\/v2\/users\/2"}],"replies":[{"embeddable":true,"href":"https:\/\/www.europesays.com\/no\/wp-json\/wp\/v2\/comments?post=250626"}],"version-history":[{"count":0,"href":"https:\/\/www.europesays.com\/no\/wp-json\/wp\/v2\/posts\/250626\/revisions"}],"wp:featuredmedia":[{"embeddable":true,"href":"https:\/\/www.europesays.com\/no\/wp-json\/wp\/v2\/media\/250627"}],"wp:attachment":[{"href":"https:\/\/www.europesays.com\/no\/wp-json\/wp\/v2\/media?parent=250626"}],"wp:term":[{"taxonomy":"category","embeddable":true,"href":"https:\/\/www.europesays.com\/no\/wp-json\/wp\/v2\/categories?post=250626"},{"taxonomy":"post_tag","embeddable":true,"href":"https:\/\/www.europesays.com\/no\/wp-json\/wp\/v2\/tags?post=250626"}],"curies":[{"name":"wp","href":"https:\/\/api.w.org\/{rel}","templated":true}]}}