{"id":25063,"date":"2025-09-02T16:19:10","date_gmt":"2025-09-02T16:19:10","guid":{"rendered":"https:\/\/www.europesays.com\/no\/25063\/"},"modified":"2025-09-02T16:19:10","modified_gmt":"2025-09-02T16:19:10","slug":"square-enix-hinter-til-ny-materia-blade-hemmelighet-i-final-fantasy-tactics-the-ivalice-chronicles","status":"publish","type":"post","link":"https:\/\/www.europesays.com\/no\/25063\/","title":{"rendered":"Square Enix hinter til ny Materia Blade-hemmelighet i Final Fantasy Tactics: The Ivalice Chronicles"},"content":{"rendered":"<p>Siden Final Fantasy Tactics: The Ivalice Chronicles er en forbedret versjon av det turbaserte strategispillet fra 1997, er mange av de opprinnelige hemmelighetene knapt hemmeligheter lenger. Selv om dette oppdaterte spillet vil v\u00e6re sv\u00e6rt autentisk i forhold til originalen, som vi <a href=\"https:\/\/www.gamereactor.no\/final-fantasy-tactics-the-ivalice-chronicles-forhandsvisning-en-etterlengtet-og-velrealisert-tilbakekomst-1852263\/\" title=\"Final Fantasy Tactics: The Ivalice Chronicles Forh\u00e5ndsvisning: En etterlengtet og velrealisert tilbakekomst\" rel=\"nofollow noopener\" target=\"_blank\">nylig nevnte i forh\u00e5ndsomtalen v\u00e5r<\/a>, vil det inneholde noen f\u00e5 endringer, blant annet i en av de st\u00f8rste hemmelighetene og p\u00e5skeeggene.<\/p>\n<p>Under Gamescom hadde vi sjansen til \u00e5 snakke med medregiss\u00f8rene Ayako Yokoyama og Kazutoyo Maehiro, hvor sistnevnte ertet oss litt om hva vi kan forvente av Final Fantasy VII crossover.<\/p>\n<p><img loading=\"lazy\" decoding=\"async\" id=\"img-1853403-4653183\" data-fullsize=\"\/media\/31\/squareenixteases_4653183b.jpg\" data-lazy=\"\" src=\"https:\/\/www.europesays.com\/no\/wp-content\/uploads\/2025\/09\/squareenixteases_4653183_650x.jpg\" width=\"650\" onclick=\"if (!window.__cfRLUnblockHandlers) return false; gallery_openmodal('1853403','4653183',false,'2c2c5fd01b61e3e0e687573af8f7e1fa');\" height=\"366\" alt=\"Final Fantasy Tactics: The Ivalice Chronicles\" class=\"rwd_col_content lazy\" data-cf-modified-ce8b8660c380efa40896373c-=\"\"\/><\/p>\n<p>For alle som ikke er kjent, i det originale spillet kunne du rekruttere Cloud som en spillbar karakter, men han var begrenset og ute av stand til \u00e5 bruke noen evner p\u00e5 grunn av at han manglet et mytisk v\u00e5pen kjent som Materia Blade. Den gjenstanden kunne tjenes ved \u00e5 n\u00e5 toppen av et fjell, men i The Ivalice Chronicles vil det v\u00e6re en liten justering, da Cloud vil kunne rekrutteres med Materia Blade i sin besittelse. S\u00e5 hva vil v\u00e6re i stedet for det ber\u00f8mte bladet p\u00e5 toppen av Mount Bervenia?<\/p>\n<p>Maehiro ertet oss med f\u00f8lgende: &laquo;S\u00e5 v\u00e5re fans av originalen er kanskje kjent med dette allerede, men Final Fantasy VIIs Cloud kan bli med i gruppen din som en spillbar karakter. Og i den opprinnelige versjonen var det et bestemt sverd, og hvis du \u00f8nsket \u00e5 bruke hans spesifikke evner, m\u00e5tte du skaffe deg dette sverdet. De gode nyhetene er at han vil ha det sverdet tilgjengelig, han har sverdet med seg n\u00e5r han slutter seg til gruppen din. S\u00e5 jeg vil at alle skal g\u00e5 og utforske stedet der sverdet pleide \u00e5 v\u00e6re, og finne ut hva som var der.&raquo;<\/p>\n<p>Det ser selvsagt ut til at det vil v\u00e6re mange flere hemmeligheter \u00e5 oppdage n\u00e5r Final Fantasy Tactics: The Ivalice Chronicles kommer den 30. september p\u00e5 PC, PlayStation, Xbox Series X\/S og Nintendo Switch 2. Se hele intervjuet med Maehiro og Yokoyama nedenfor.<\/p>\n","protected":false},"excerpt":{"rendered":"Siden Final Fantasy Tactics: The Ivalice Chronicles er en forbedret versjon av det turbaserte strategispillet fra 1997, er&hellip;\n","protected":false},"author":2,"featured_media":25064,"comment_status":"","ping_status":"","sticky":false,"template":"","format":"standard","meta":{"footnotes":""},"categories":[57],"tags":[30,28,29,65,63,64,66,70,69,67,68],"class_list":{"0":"post-25063","1":"post","2":"type-post","3":"status-publish","4":"format-standard","5":"has-post-thumbnail","7":"category-vitenskap-og-teknologi","8":"tag-no","9":"tag-norge","10":"tag-norway","11":"tag-science","12":"tag-science-and-technology","13":"tag-scienceandtechnology","14":"tag-technology","15":"tag-teknologi","16":"tag-vitenskap","17":"tag-vitenskap-og-teknologi","18":"tag-vitenskapteknologi"},"share_on_mastodon":{"url":"","error":""},"_links":{"self":[{"href":"https:\/\/www.europesays.com\/no\/wp-json\/wp\/v2\/posts\/25063","targetHints":{"allow":["GET"]}}],"collection":[{"href":"https:\/\/www.europesays.com\/no\/wp-json\/wp\/v2\/posts"}],"about":[{"href":"https:\/\/www.europesays.com\/no\/wp-json\/wp\/v2\/types\/post"}],"author":[{"embeddable":true,"href":"https:\/\/www.europesays.com\/no\/wp-json\/wp\/v2\/users\/2"}],"replies":[{"embeddable":true,"href":"https:\/\/www.europesays.com\/no\/wp-json\/wp\/v2\/comments?post=25063"}],"version-history":[{"count":0,"href":"https:\/\/www.europesays.com\/no\/wp-json\/wp\/v2\/posts\/25063\/revisions"}],"wp:featuredmedia":[{"embeddable":true,"href":"https:\/\/www.europesays.com\/no\/wp-json\/wp\/v2\/media\/25064"}],"wp:attachment":[{"href":"https:\/\/www.europesays.com\/no\/wp-json\/wp\/v2\/media?parent=25063"}],"wp:term":[{"taxonomy":"category","embeddable":true,"href":"https:\/\/www.europesays.com\/no\/wp-json\/wp\/v2\/categories?post=25063"},{"taxonomy":"post_tag","embeddable":true,"href":"https:\/\/www.europesays.com\/no\/wp-json\/wp\/v2\/tags?post=25063"}],"curies":[{"name":"wp","href":"https:\/\/api.w.org\/{rel}","templated":true}]}}