{"id":25070,"date":"2025-09-02T16:23:12","date_gmt":"2025-09-02T16:23:12","guid":{"rendered":"https:\/\/www.europesays.com\/no\/25070\/"},"modified":"2025-09-02T16:23:12","modified_gmt":"2025-09-02T16:23:12","slug":"kong-harald-uttrykker-kondolanse-etter-jordskjelvet-i-afghanistan","status":"publish","type":"post","link":"https:\/\/www.europesays.com\/no\/25070\/","title":{"rendered":"Kong Harald uttrykker kondolanse etter jordskjelvet i Afghanistan"},"content":{"rendered":"<p>  Kj\u00f8ttkaker havnet ikke p\u00e5 Sveriges kulturarvliste. N\u00e5 koker det over for kjendiskokk.\u00a0\u00a0<\/p>\n<p>\n    KULTURARV?: Svenske kj\u00f8ttkaker servert p\u00e5 Ikea p\u00e5 Slependen i B\u00e6rum. Foto: Heiko Junge \/ NTB\n  <\/p>\n<p>    Kort fortalt<\/p>\n<ul lang=\"nb-NO\">\n<li>Sveriges regjering har lansert en kulturkanon uten tradisjonelle matretter.<\/li>\n<li>Kjendiskokk Leif Mannerstr\u00f6m uttrykker stor skuffelse over frav\u00e6ret av svenske kj\u00f8ttboller.<\/li>\n<li>Kulturkanonen inkluderer verk som Pippi Langstr\u00f8mpe og Ingmar Bergmans filmer.<\/li>\n<li>Kulturministeren forsvarer prosjektet, og g\u00e5r hardt ut mot kritikk og misforst\u00e5elser.<\/li>\n<\/ul>\n<p class=\"italic ai-disclaimer\" data-lab-italic=\"italic\">Sammendraget er laget av ChatGPT og godkjent av Dagbladet.<\/p>\n<p>      Vis mer<br \/>\n      Vis mindre<\/p>\n<p>Den svenske regjeringen har lansert en liste over hundre verk og fenomener som skal speile nasjonens kulturarv.\u00a0<\/p>\n<p class=\"font-weight-bold m-font-weight-bold\" data-lab-font_weight=\"font-weight-bold\">Mat, som for eksempel kj\u00f8ttboller, er helt frav\u00e6rende &#8211; til stor frustrasjon for mange svensker, melder SVT.<\/p>\n<p class=\"font-weight-normal m-font-weight-normal\" data-lab-font_weight=\"font-weight-normal\">S\u00e6rlig kokkelegenden Leif Mannerstr\u00f6m reagerer.<\/p>\n<p>Pippi er med<\/p>\n<p>Den s\u00e5kalte kulturkanonen, som ble lagt fram tirsdag, er et statlig prosjekt ledet av historiker Lars Tr\u00e4g\u00e5rdh.\u00a0<\/p>\n<p>Den skal framheve sentrale deler av svensk kultur og identitet, fordelt p\u00e5 b\u00e5de kunstarter og samfunnsomr\u00e5der.\u00a0<\/p>\n<p>Verkene m\u00e5 v\u00e6re minst 50 \u00e5r gamle, og lista spenner fra Ikea til Astrid Lindgrens \u00abPippi Langstr\u00f8mpe\u00bb og August Strindbergs \u00abGiftas\u00bb, til Ingmar Bergmans \u00abDet sjuende segl\u00bb.<\/p>\n<p>    <a itemprop=\"url\" href=\"https:\/\/www.dagbladet.no\/kjendis\/deler-gladnyhet\/83536833\" rel=\"nofollow noopener\" target=\"_blank\"><\/p>\n<p>      <img loading=\"lazy\" decoding=\"async\" src=\"https:\/\/www.europesays.com\/no\/wp-content\/uploads\/2025\/09\/83536964.webp\" width=\"980\" height=\"441\" title=\"Deler gladnyhet\" alt=\"\" class=\"lazyload\" style=\"--aspect-ratio-image: 2.22; \"\/><\/p>\n<p>        Deler gladnyhet<\/p>\n<p>    <\/a><\/p>\n<p>Med p\u00e5 lista er ogs\u00e5 Jan Johanssons album \u00abJazz p\u00e5 svenska\u00bb, Carl Larssons malerier og historiske dokumenter, som Frihetsf\u00f6rordningen fra 1766.<\/p>\n<p>Ogs\u00e5 Nobelprisen, Riksbanken og pappapermisjonen er med &#8211; men hva med svenske tradisjonelle matretter?<\/p>\n<p>        SER DU FORSKJELLEN? Tidligere landbruks- og matminister B\u00e5rd Hoksrud skjelte ut IKEAs nye vegetarboller. Vi fikk ham til \u00e5 teste bollene selv. Foto: Nina Hansen \/ Dagbladet TV<\/p>\n<p>&#8211; Forst\u00e5r kanskje ikke  <\/p>\n<p>Det viser seg at ingen svenske matretter er med.\u00a0<\/p>\n<p>Verken kanelboller, sild, kj\u00f8ttboller eller Carl Butlers klassiske kokebok er \u00e5 finne p\u00e5 lista.<\/p>\n<p>Heller ikke <a href=\"https:\/\/dinside.dagbladet.no\/fritid\/smaker-sjo-og-diare\/83470460\" rel=\"nofollow noopener\" target=\"_blank\">surstr\u00f6mming, som Dagbladets stakkars reportere nylig smakte p\u00e5, er med<\/a>.<\/p>\n<p>        MYE GASS: Vi har smakt p\u00e5 det som omtales \u00e5 ha verdens verste lukt &#8230; Det gikk helt ok! Video: Embla Hjort-Larsen. <\/p>\n<p>Frav\u00e6ret av svenske retter i kulturkanonen f\u00e5r Leif Mannerstr\u00f6m til \u00e5 rase.<\/p>\n<p class=\"font-weight-bold m-font-weight-bold\" data-lab-font_weight=\"font-weight-bold\">&#8211; Jeg har jobbet med mat i n\u00e6r 70 \u00e5r. Selvsagt er jeg veldig skuffet, sier Mannerstr\u00f6m til det svenske nyhetsbyr\u00e5et TT, if\u00f8lge <a href=\"https:\/\/www.expressen.se\/noje\/mannerstrom-sagar-kulturkanon-valdigt-besviken\/\" rel=\"nofollow noopener\" target=\"_blank\">Expressen<\/a>.<\/p>\n<p>          <img loading=\"lazy\" decoding=\"async\" src=\"https:\/\/www.europesays.com\/no\/wp-content\/uploads\/2025\/09\/83537377.webp\" width=\"686\" height=\"748\" title=\"LEGENDE: Leif Mannerstr\u00f6m, her med et herlig rekesm\u00f8rbr\u00f8d med tilbeh\u00f8r, synes ingenting om den nye lista. Foto: Wikimedia Commons\" alt=\"\" class=\"\" style=\"--aspect-ratio-image: 0.92; \"\/><\/p>\n<p>\n          LEGENDE: Leif Mannerstr\u00f6m, her med et herlig rekesm\u00f8rbr\u00f8d med tilbeh\u00f8r, synes ingenting om den nye lista. Foto: Wikimedia Commons\n      <\/p>\n<p>Mannerstr\u00f6m er en av Sveriges mest anerkjente kokker. Han ble landskjent som dommer i TV4-programmene \u00abSveriges mesterkokk\u00bb og \u00abSveriges yngste mesterkokk\u00bb. <\/p>\n<p>Han fortsetter \u00e5 lange ut mot matmangelen i kulturkanonen.<\/p>\n<p>&#8211; De forst\u00e5r kanskje ikke hvor viktig matkulturen er. Jeg er veldig stolt av den matkulturen vi har i Sverige.<\/p>\n<p>Han mener det burde v\u00e6rt \u00abselvsagt\u00bb \u00e5 l\u00e6re bort svensk matkultur i skolen, og trekker fram b\u00e5de sild og svenske kj\u00f8ttboller som opplagte innslag.<\/p>\n<p>    <a itemprop=\"url\" href=\"https:\/\/www.dagbladet.no\/nyheter\/lekket-plan-galskap\/83535409\" rel=\"nofollow noopener\" target=\"_blank\"><\/p>\n<p>      <img loading=\"lazy\" decoding=\"async\" src=\"https:\/\/www.europesays.com\/no\/wp-content\/uploads\/2025\/09\/83535466.webp\" width=\"980\" height=\"441\" title=\"Lekket plan: - Galskap\" alt=\"\" class=\"lazyload\" style=\"--aspect-ratio-image: 2.22; \"\/><\/p>\n<p>        Lekket plan: &#8211; Galskap<\/p>\n<p>    <\/a><\/p>\n<p>&#8211; Kraftig provosert<\/p>\n<p> Da Sveriges kulturminister Parisa Liljestrand lanserte arbeidet med en svensk kulturkanon, beskrev hun den som et \u00abverkt\u00f8y for kunnskap, fellesskap og tilgjengelighet\u00bb.\u00a0<\/p>\n<p>&#8211; Det er f\u00e5 utredninger som har blitt s\u00e5 debattert og grundig gjennomg\u00e5tt allerede f\u00f8r de har blitt presentert. Vi har f\u00e5tt en livlig, morsom og noen ganger ganske merkelig debatt, sier kulturministeren til SVT.<\/p>\n<p>          <img loading=\"lazy\" decoding=\"async\" src=\"https:\/\/www.europesays.com\/no\/wp-content\/uploads\/2025\/09\/83537939.webp\" width=\"686\" height=\"460\" title=\"OVERRASKET: Sveriges kulturminister Parisa Liljestrand var ikke forberedt p\u00e5 hvor mye kulturkanonen skulle komme til \u00e5 engasjere og provosere. Foto: Lars Schroder \/ TT News Agency \/ AP\" alt=\"\" class=\"\" style=\"--aspect-ratio-image: 1.49; \"\/><\/p>\n<p>\n          OVERRASKET: Sveriges kulturminister Parisa Liljestrand var ikke forberedt p\u00e5 hvor mye kulturkanonen skulle komme til \u00e5 engasjere og provosere. Foto: Lars Schroder \/ TT News Agency \/ AP\n      <\/p>\n<p>Under presentasjonen i Gustavianum i Uppsala gikk hun ut mot kritikken som har blitt rettet mot prosjektet &#8211; noe hun selv sier hun ble overrasket over:<\/p>\n<p>&#8211; Jeg har innimellom blitt kraftig provosert av hvordan kanonprosjektet har blitt tilskrevet intensjoner som aldri har eksistert &#8211; bortsett kanskje i kritikernes fantasi.<\/p>\n","protected":false},"excerpt":{"rendered":"Kj\u00f8ttkaker havnet ikke p\u00e5 Sveriges kulturarvliste. N\u00e5 koker det over for kjendiskokk.\u00a0\u00a0 KULTURARV?: Svenske kj\u00f8ttkaker servert p\u00e5 Ikea&hellip;\n","protected":false},"author":2,"featured_media":25071,"comment_status":"","ping_status":"","sticky":false,"template":"","format":"standard","meta":{"footnotes":""},"categories":[5],"tags":[20,21,3990,24,25,15,19,479,2590,22,23,17,18,13,30,28,29,14,16,26,27],"class_list":{"0":"post-25070","1":"post","2":"type-post","3":"status-publish","4":"format-standard","5":"has-post-thumbnail","7":"category-overskrifter","8":"tag-breaking-news","9":"tag-breakingnews","10":"tag-det-norske-kongehuset","11":"tag-featured-news","12":"tag-featurednews","13":"tag-headlines","14":"tag-hovedoppslag","15":"tag-kjendis","16":"tag-kong-harald","17":"tag-latest-news","18":"tag-latestnews","19":"tag-main-news","20":"tag-mainnews","21":"tag-news","22":"tag-no","23":"tag-norge","24":"tag-norway","25":"tag-nyheter","26":"tag-overskrifter","27":"tag-top-stories","28":"tag-topstories"},"share_on_mastodon":{"url":"","error":""},"_links":{"self":[{"href":"https:\/\/www.europesays.com\/no\/wp-json\/wp\/v2\/posts\/25070","targetHints":{"allow":["GET"]}}],"collection":[{"href":"https:\/\/www.europesays.com\/no\/wp-json\/wp\/v2\/posts"}],"about":[{"href":"https:\/\/www.europesays.com\/no\/wp-json\/wp\/v2\/types\/post"}],"author":[{"embeddable":true,"href":"https:\/\/www.europesays.com\/no\/wp-json\/wp\/v2\/users\/2"}],"replies":[{"embeddable":true,"href":"https:\/\/www.europesays.com\/no\/wp-json\/wp\/v2\/comments?post=25070"}],"version-history":[{"count":0,"href":"https:\/\/www.europesays.com\/no\/wp-json\/wp\/v2\/posts\/25070\/revisions"}],"wp:featuredmedia":[{"embeddable":true,"href":"https:\/\/www.europesays.com\/no\/wp-json\/wp\/v2\/media\/25071"}],"wp:attachment":[{"href":"https:\/\/www.europesays.com\/no\/wp-json\/wp\/v2\/media?parent=25070"}],"wp:term":[{"taxonomy":"category","embeddable":true,"href":"https:\/\/www.europesays.com\/no\/wp-json\/wp\/v2\/categories?post=25070"},{"taxonomy":"post_tag","embeddable":true,"href":"https:\/\/www.europesays.com\/no\/wp-json\/wp\/v2\/tags?post=25070"}],"curies":[{"name":"wp","href":"https:\/\/api.w.org\/{rel}","templated":true}]}}