{"id":25072,"date":"2025-09-02T16:24:24","date_gmt":"2025-09-02T16:24:24","guid":{"rendered":"https:\/\/www.europesays.com\/no\/25072\/"},"modified":"2025-09-02T16:24:24","modified_gmt":"2025-09-02T16:24:24","slug":"sport-eiker-martinius-19-med-stor-nyhet-et-stort-skritt-for-meg","status":"publish","type":"post","link":"https:\/\/www.europesays.com\/no\/25072\/","title":{"rendered":"Sport, Eiker | Martinius (19) med stor nyhet: \u2013 Et stort skritt for meg"},"content":{"rendered":"\n<p><b>HOKKSUND:<\/b> \u2013 Motivasjonen er p\u00e5 topp foran 2026-sesongen. Dette er et stort skritt videre for meg, og jeg setter enormt pris p\u00e5 st\u00f8tten fra familie, partnere og alle som har v\u00e6rt med meg p\u00e5 veien. N\u00e5 begynner en ny fase, og jeg ser fram til \u00e5 utvikle meg videre og ta nye steg, sier Stenshorne i en pressemelding som er gjengitt i flere norske medier, deriblant NTB.<\/p>\n<p>Overgangen skjer etter en imponerende sesong i Formel 3, hvor han n\u00e5 ligger p\u00e5 5. plass sammenlagt.<\/p>\n<p>\u00abOvergangen til Formel 2 representerer b\u00e5de en sportslig og profesjonell opptrapping, der konkurransen blir t\u00f8ffere, bilene mer avanserte og oppmerksomheten st\u00f8rre\u00bb, heter det i meldingen fra teamet.<\/p>\n<p>Drammens Tidende omtalte i sommer at familien Stenshorne har jobbet intenst med forhandlinger om nettopp en F2-plass. Da fortalte pappa Martin at et budsjett p\u00e5 rundt 25 millioner kroner kreves for en sesong i den nest gjeveste klassen.<\/p>\n<p>\u2013 Dette er noe vi jobber for, og jeg tror det kommer til \u00e5 g\u00e5 i boks. Det blir moro \u00e5 ta et steg opp. I Formel 2 er alt mye st\u00f8rre, og det g\u00e5r litt fortere, sa Martinius da til Drammens Tidende.<\/p>\n<p>  <a href=\"https:\/\/www.dt.no\/5-57-2675809\" class=\"related-teaser has-image default-story-teaser article--c-eRUmMG article--c-eRUmMG-jKCPdD-design-default\" rel=\"nofollow noopener\" target=\"_blank\"><\/p>\n<p>    <img decoding=\"async\" loading=\"lazy\"  src=\"https:\/\/www.europesays.com\/no\/wp-content\/uploads\/2025\/09\/Stenshorne+%2810+av+12%29.jpg\" alt=\"\" class=\"brick-c-cFOWSL\" style=\"\"\/><\/p>\n<p>\n            Les ogs\u00e5<\/p>\n<p>              Martinius (19) tar nytt steg mot dr\u00f8mmen: \u2013 Trengs rundt 25 mill.\n        <\/p>\n<p>  <\/a><\/p>\n<p>Les mer om: artikkelemnene<\/p>\n","protected":false},"excerpt":{"rendered":"HOKKSUND: \u2013 Motivasjonen er p\u00e5 topp foran 2026-sesongen. Dette er et stort skritt videre for meg, og jeg&hellip;\n","protected":false},"author":2,"featured_media":25073,"comment_status":"","ping_status":"","sticky":false,"template":"","format":"standard","meta":{"footnotes":""},"categories":[59],"tags":[36,454,779,30,28,29,83,82,1510],"class_list":{"0":"post-25072","1":"post","2":"type-post","3":"status-publish","4":"format-standard","5":"has-post-thumbnail","7":"category-sport","8":"tag-art","9":"tag-eiker","10":"tag-hokksund","11":"tag-no","12":"tag-norge","13":"tag-norway","14":"tag-sport","15":"tag-sports","16":"tag-story"},"share_on_mastodon":{"url":"","error":""},"_links":{"self":[{"href":"https:\/\/www.europesays.com\/no\/wp-json\/wp\/v2\/posts\/25072","targetHints":{"allow":["GET"]}}],"collection":[{"href":"https:\/\/www.europesays.com\/no\/wp-json\/wp\/v2\/posts"}],"about":[{"href":"https:\/\/www.europesays.com\/no\/wp-json\/wp\/v2\/types\/post"}],"author":[{"embeddable":true,"href":"https:\/\/www.europesays.com\/no\/wp-json\/wp\/v2\/users\/2"}],"replies":[{"embeddable":true,"href":"https:\/\/www.europesays.com\/no\/wp-json\/wp\/v2\/comments?post=25072"}],"version-history":[{"count":0,"href":"https:\/\/www.europesays.com\/no\/wp-json\/wp\/v2\/posts\/25072\/revisions"}],"wp:featuredmedia":[{"embeddable":true,"href":"https:\/\/www.europesays.com\/no\/wp-json\/wp\/v2\/media\/25073"}],"wp:attachment":[{"href":"https:\/\/www.europesays.com\/no\/wp-json\/wp\/v2\/media?parent=25072"}],"wp:term":[{"taxonomy":"category","embeddable":true,"href":"https:\/\/www.europesays.com\/no\/wp-json\/wp\/v2\/categories?post=25072"},{"taxonomy":"post_tag","embeddable":true,"href":"https:\/\/www.europesays.com\/no\/wp-json\/wp\/v2\/tags?post=25072"}],"curies":[{"name":"wp","href":"https:\/\/api.w.org\/{rel}","templated":true}]}}