{"id":250805,"date":"2026-05-29T09:10:13","date_gmt":"2026-05-29T09:10:13","guid":{"rendered":"https:\/\/www.europesays.com\/no\/250805\/"},"modified":"2026-05-29T09:10:13","modified_gmt":"2026-05-29T09:10:13","slug":"michael-essien-om-andreas-schjelderup-han-kan-spille-for-verdens-storste-klubber","status":"publish","type":"post","link":"https:\/\/www.europesays.com\/no\/250805\/","title":{"rendered":"Michael Essien om Andreas Schjelderup: \u2013 Han kan spille for verdens st\u00f8rste klubber"},"content":{"rendered":"\n<p class=\"_lead_145nj_2 _lead_6fko5_53 layout-component text-serif-m layout-normal text-serif-l layout-component layout-wide layout-padded _wide_17hqh_1 layout-padded\">Michael Essien er full av begeistring for norske Andreas Schjelderup.<\/p>\n<p><img alt=\"SMILER BREDT: Andreas Schjelderup har v\u00e6rt en av Benficas viktigste spillere den siste tiden. Foto: ESTELA SILVA \/ EPA \/ NTB\" class=\"_image_jw3bv_65 layout-component layout-wide\" data-fullscreen- data-track-element-type=\"Article image fullscreen\" data-track-name=\"ImageFullscreen\" fetchpriority=\"high\" decoding=\"sync\" loading=\"eager\" height=\"3219\" itemprop=\"image\"  src=\"https:\/\/www.europesays.com\/no\/wp-content\/uploads\/2026\/05\/7a3b6505-e550-3921-b801-5edd508d7634.jpeg\"  style=\"object-position:0% 0%\" width=\"4829\"\/>SMILER BREDT: Andreas Schjelderup har v\u00e6rt en av Benficas viktigste spillere den siste tiden. Foto: ESTELA SILVA \/ EPA \/ NTB<\/p>\n<ul aria-hidden=\"true\" class=\"_images_ntbth_112\">\n<li><a class=\"_link_ntbth_117\" href=\"https:\/\/www.vg.no\/forfatter\/andreas-hellenes\" style=\"z-index:1\" title=\"Andreas Hellenes\" rel=\"nofollow noopener\" target=\"_blank\"><img alt=\"Bilde av Andreas Hellenes\" class=\"_image_ntbth_93\" fetchpriority=\"low\" loading=\"lazy\" decoding=\"async\" itemprop=\"image\"  src=\"https:\/\/www.europesays.com\/no\/wp-content\/uploads\/2026\/05\/1780045813_827_f0e69750-1684-4e72-ba28-6c797f48859d.jpeg\"  width=\"480\"\/><\/a><\/li>\n<\/ul>\n<p>VG rapporterer fra Farum, Danmark Oppdatert fredag 29. mai kl. 10:45    <\/p>\n<ul class=\"_list_145nj_3 _list_64s2r_85 _unordered_145nj_106 text-sans-m\">\n<li class=\"_item_145nj_30\">Michael Essien roser norske Andreas Schjelderup og forteller om deres n\u00e6re forhold fra tiden i Nordsj\u00e6lland.<\/li>\n<li class=\"_item_145nj_30\">Schjelderup ble solgt til Benfica for rundt 150 millioner kroner, og har denne sesongen imponert under Jos\u00e9 Mourinho.<\/li>\n<li class=\"_item_145nj_30\">Schjelderup har levert 10 m\u00e5l og seks assist s\u00e5 langt, kun overg\u00e5tt av Haaland, S\u00f8rloth og Ryerson i Norges landslag.<\/li>\n<\/ul>\n<p>Vis mer <\/p>\n<p class=\"_paragraph_145nj_4 _paragraph_6fko5_10 layout-component text-serif-m layout-normal text-serif-m layout-padded\">Michael Essien (43) har spilt med Cristiano Ronaldo, blitt trent av Jos\u00e9 Mourinho og vunnet Champions League med Chelsea.<\/p>\n<p class=\"_paragraph_145nj_4 _paragraph_6fko5_10 layout-component text-serif-m layout-normal text-serif-m layout-padded\">Da ghaneseren med en stor fotballkarriere bak segstor fotballkarriere bak segVunnet Champions League og Premier League med Chelsea, samt spilt for flere storklubber som Real Madrid og AC Milan. snakker om norske <a href=\"https:\/\/www.vg.no\/tag\/andreas-schjelderup?utm_source=vg-article&amp;utm_medium=auto-tagger&amp;utm_campaign=43bWKR\" class=\"_link_145nj_39\" rel=\"nofollow noopener\" target=\"_blank\">Andreas Schjelderup<\/a> (21), m\u00e5 han trekke p\u00e5 smileb\u00e5ndet:<\/p>\n<p class=\"_paragraph_145nj_4 _paragraph_6fko5_10 layout-component text-serif-m layout-normal text-serif-m layout-padded\">\u2013 \u00abSchjelde\u00bb\u00abSchjelde\u00bbKallenavnet til Andreas Schjelderup. passet hunden min, sier Essien til VG og ler.<\/p>\n<p><img alt=\"SPILLERUTVIKLER: Michael Essien jobber i den danske talentfabrikken Nordsj\u00e6lland.  Foto: Andreas Hellenes, VG\" class=\"_image_jw3bv_65 layout-component layout-normal\" data-fullscreen- data-track-element-type=\"Article image fullscreen\" data-track-name=\"ImageFullscreen\" decoding=\"async\" loading=\"lazy\" height=\"2832\" itemprop=\"image\"  src=\"https:\/\/www.europesays.com\/no\/wp-content\/uploads\/2026\/05\/397cf5d3-4b03-3f4c-9447-85b9a378a360.jpeg\"  style=\"object-position:0% 0%\" width=\"4240\"\/>SPILLERUTVIKLER: Michael Essien jobber i den danske talentfabrikken Nordsj\u00e6lland.  Foto: Andreas Hellenes, VG<\/p>\n<p class=\"_paragraph_145nj_4 _paragraph_6fko5_10 layout-component text-serif-m layout-normal text-serif-m layout-padded\">Bare 16 \u00e5r gammel forlot Schjelderup Bod\u00f8\/Glimts akademi i 2021, til fordel for den danske talentfabrikken Nordsj\u00e6lland.<\/p>\n<p class=\"_paragraph_145nj_4 _paragraph_6fko5_10 layout-component text-serif-m layout-normal text-serif-m layout-padded\">Klubben er kjent for \u00e5 hente unge spillere i ten\u00e5rene, utvikle dem til toppspillere, f\u00f8r de selges videre for opp mot 200 millioner kroner200 millioner kronerSchjelderup ble solgt solgt til Benfica i 2023 for rundt 150 millioner kroner. Det er klubbens \u00e5ttende dyreste salg noensinne..<\/p>\n<p class=\"_paragraph_145nj_4 _paragraph_6fko5_10 layout-component text-serif-m layout-normal text-serif-m layout-padded\">Se mer om Andreas Schjelderups tid i Nordsj\u00e6lland i VGs nye TV-serie <a href=\"https:\/\/tv.vg.no\/serier\/vendepunktet?categoryId=100595\" class=\"_link_145nj_39\" rel=\"nofollow noopener\" target=\"_blank\">\u00abVendepunktet\u00bb:<\/a><\/p>\n<p class=\"_paragraph_145nj_4 _paragraph_6fko5_10 layout-component text-serif-m layout-normal text-serif-m layout-padded\">Under Schjelderups tid i Danmark var tidligere Chelsea- og Real Madrid-spiller Essien en av de som fulgte Schjelderup tettest. <\/p>\n<p class=\"_paragraph_145nj_4 _paragraph_6fko5_10 layout-component text-serif-m layout-normal text-serif-m layout-padded\">F\u00f8rst som spillerutvikler, s\u00e5 som nabo.<\/p>\n<p class=\"_paragraph_145nj_4 _paragraph_6fko5_10 layout-component text-serif-m layout-normal text-serif-m layout-padded\">\u2013 Han flyttet til samme leilighetskompleks som meg da han ble 18 \u00e5r. Hvis jeg trengte hjelp med hunden, stilte han alltid opp. S\u00e5nne sm\u00e5 ting gj\u00f8r at man blir n\u00e6re. Vi fikk et veldig tett b\u00e5nd, sier Essien.<\/p>\n<p class=\"_paragraph_145nj_4 _paragraph_6fko5_10 layout-component text-serif-m layout-normal text-serif-m layout-padded\">I januar 2023 ble Schjelderup solgt til den portugisiske storklubben Benfica for rundt 150 millioner kroner.<\/p>\n<ul class=\"_list_145nj_3 _list_6fko5_9 _unordered_145nj_106 layout-component text-serif-m layout-normal text-serif-m layout-padded\">\n<li class=\"_item_145nj_30\"><a href=\"https:\/\/tv.vg.no\/kategori\/3\/sport?popup_id=68cc0df3ffb54300134ef32c&amp;utm_source=sdrn%3Avg%3Aarticle%3AWv6Jrd\" class=\"_link_145nj_39\" rel=\"nofollow noopener\" target=\"_blank\"><strong class=\"_strong_145nj_25\">Se Schjelderup, Benfica og flere kamper i Liga Portugal direkte p\u00e5 VG+ Sport.<\/strong><\/a><\/li>\n<\/ul>\n<p class=\"_paragraph_145nj_4 _paragraph_6fko5_10 layout-component text-serif-m layout-normal text-serif-m layout-padded\">Etter flere sesonger med lite spilletid og et utl\u00e5n tilbake til gamleklubben Nordsj\u00e6lland, har det for alvor l\u00f8snet for Schjelderup under trenerlegenden Jos\u00e9 Mourinhos ledelse denne sesongen.<\/p>\n<p class=\"_paragraph_145nj_4 _paragraph_6fko5_10 layout-component text-serif-m layout-normal text-serif-m layout-padded\">Med 10 m\u00e5l og seks m\u00e5lgivende s\u00e5 langt denne sesongen, er det bare Erling Braut Haaland, Alexander S\u00f8rloth og Julian Ryerson fra Norges landslag som har levert flere m\u00e5lpoeng for sine klubblag denne sesongen.<\/p>\n<p class=\"_paragraph_145nj_4 _paragraph_6fko5_10 layout-component text-serif-m layout-normal text-serif-m layout-padded\">Essien, som selv har spilt under Mourinho b\u00e5de i Chelsea og Real Madrid, tror at denne sesongen bare er starten p\u00e5 reisen for nordmannen.<\/p>\n<p class=\"_paragraph_145nj_4 _paragraph_6fko5_10 layout-component text-serif-m layout-normal text-serif-m layout-padded\">\u2013 \u00abSchjelde\u00bb har alt som skal til for \u00e5 ta enda st\u00f8rre steg. Sky is the limit. Schjelderup kan spille for verdens st\u00f8rste klubber, og jeg synes selvsagt det hadde v\u00e6rt g\u00f8y \u00e5 se ham i Real Madrid eller en av de andre store, sier Essien som fortsatt f\u00f8lger med p\u00e5 nordmannen.<\/p>\n<p class=\"_paragraph_145nj_4 _paragraph_6fko5_10 layout-component text-serif-m layout-normal text-serif-m layout-padded\">\u2013 Jeg ser Benfica-kamper n\u00e5r jeg kan. N\u00e5r Andreas (Schjelderup) l\u00f8per med ballen, ser det nesten ut som om han er raskere med ball enn uten. Det er ikke mange som har det. N\u00e5r han setter fart, er han vanskelig \u00e5 stoppe.<\/p>\n<p class=\"_paragraph_145nj_4 _paragraph_6fko5_10 layout-component text-serif-m layout-normal text-serif-m layout-padded\">At nordmannen glimtvis har herjet for Benfica, ogs\u00e5 mot storlag som Real Madrid, overrasker ham ikke. Essien s\u00e5 nemlig noe spesielt i Schjelderup allerede som 16-\u00e5ring.<\/p>\n<p class=\"_paragraph_145nj_4 _paragraph_6fko5_10 layout-component text-serif-m layout-normal text-serif-m layout-padded\"><strong class=\"_strong_145nj_25\">Se alle episoder av \u00abVendepunktet\u00bb her:<\/strong><\/p>\n<p class=\"_paragraph_145nj_4 _paragraph_6fko5_10 layout-component text-serif-m layout-normal text-serif-m layout-padded\">\u2013 F\u00f8rst ser du selvf\u00f8lgelig talentet. Han er ekstremt teknisk og utrolig komfortabel med ballen, men s\u00e5 ser du personen. Han var respektfull. Han lyttet. Han stilte sp\u00f8rsm\u00e5l hele tiden. Han ville l\u00e6re. Mange unge spillere pr\u00f8ver p\u00e5 vanskelige ting. Andreas fikk det til \u00e5 se enkelt ut.<\/p>\n","protected":false},"excerpt":{"rendered":"Michael Essien er full av begeistring for norske Andreas Schjelderup. SMILER BREDT: Andreas Schjelderup har v\u00e6rt en av&hellip;\n","protected":false},"author":2,"featured_media":250806,"comment_status":"","ping_status":"","sticky":false,"template":"","format":"standard","meta":{"footnotes":"","_share_on_mastodon":"0"},"categories":[59],"tags":[4761,3705,30,28,29,6096,83,82],"class_list":["post-250805","post","type-post","status-publish","format-standard","has-post-thumbnail","category-sport","tag-andreas-schjelderup","tag-jose-mourinho","tag-no","tag-norge","tag-norway","tag-sl-benfica","tag-sport","tag-sports"],"share_on_mastodon":{"url":"https:\/\/pubeurope.com\/@no\/116657090182740085","error":""},"_links":{"self":[{"href":"https:\/\/www.europesays.com\/no\/wp-json\/wp\/v2\/posts\/250805","targetHints":{"allow":["GET"]}}],"collection":[{"href":"https:\/\/www.europesays.com\/no\/wp-json\/wp\/v2\/posts"}],"about":[{"href":"https:\/\/www.europesays.com\/no\/wp-json\/wp\/v2\/types\/post"}],"author":[{"embeddable":true,"href":"https:\/\/www.europesays.com\/no\/wp-json\/wp\/v2\/users\/2"}],"replies":[{"embeddable":true,"href":"https:\/\/www.europesays.com\/no\/wp-json\/wp\/v2\/comments?post=250805"}],"version-history":[{"count":0,"href":"https:\/\/www.europesays.com\/no\/wp-json\/wp\/v2\/posts\/250805\/revisions"}],"wp:featuredmedia":[{"embeddable":true,"href":"https:\/\/www.europesays.com\/no\/wp-json\/wp\/v2\/media\/250806"}],"wp:attachment":[{"href":"https:\/\/www.europesays.com\/no\/wp-json\/wp\/v2\/media?parent=250805"}],"wp:term":[{"taxonomy":"category","embeddable":true,"href":"https:\/\/www.europesays.com\/no\/wp-json\/wp\/v2\/categories?post=250805"},{"taxonomy":"post_tag","embeddable":true,"href":"https:\/\/www.europesays.com\/no\/wp-json\/wp\/v2\/tags?post=250805"}],"curies":[{"name":"wp","href":"https:\/\/api.w.org\/{rel}","templated":true}]}}