{"id":250851,"date":"2026-05-29T10:29:17","date_gmt":"2026-05-29T10:29:17","guid":{"rendered":"https:\/\/www.europesays.com\/no\/250851\/"},"modified":"2026-05-29T10:29:17","modified_gmt":"2026-05-29T10:29:17","slug":"sjokkerte-store-far-hoy-puls","status":"publish","type":"post","link":"https:\/\/www.europesays.com\/no\/250851\/","title":{"rendered":"Sjokkerte St\u00f8re: &#8211; F\u00e5r h\u00f8y puls"},"content":{"rendered":"<p> Statsminister Jonas Gahr St\u00f8re har fredag\u00a0 morgen hatt et m\u00f8te hos Kripos for \u00e5 diskutere innsatsen mot ekstreme og sadistiske nettsekter.\u00a0<\/p>\n<p> Bakgrunnen er at politiet og Kripos den siste tida har satt s\u00f8kelyset p\u00e5\u00a0<a href=\"https:\/\/www.dagbladet.no\/nyheter\/rekrutteres-en-spiral-av-helvete\/84409048\" rel=\"nofollow noopener\" target=\"_blank\">det ekstreme sektfenomet \u00abThe Com\u00bb<\/a>\u00a0&#8211; som sprer voldelig, krenkende og manipulerende innhold p\u00e5 internett. <\/p>\n<p> \u00abThe Com\u00bb &#8211; eller \u00abThe Community\u00bb &#8211; best\u00e5r av flere undergrupper. \u00ab764\u00bb er den mest kjente av dem i Norge, og kan kobles til flere norske straffesaker, der barn er involvert. B\u00e5de\u00a0<a href=\"https:\/\/www.dagbladet.no\/nyheter\/over-100-selvdrap-alvorlig\/84641879\" rel=\"nofollow noopener\" target=\"_blank\">Kripos og PST<\/a>,\u00a0<a href=\"https:\/\/www.dagbladet.no\/nyheter\/advarer-om-sadistisk-internettsekt\/83379349\" rel=\"nofollow noopener\" target=\"_blank\">politiet<\/a>,\u00a0<a href=\"https:\/\/www.dagbladet.no\/nyheter\/har-ondskap-som-hovedmal\/84519588\" rel=\"nofollow noopener\" target=\"_blank\">justisminister Astri Aas-Hansen og barneombud Mina Gerhardsen<\/a>\u00a0har tidligere sl\u00e5tt alarm.<\/p>\n<p data-lab-font_weight=\"\">&#8211; Det sjokkerer. Jeg er bestefar og pappa. Det treffer oss n\u00e5r<br \/>\nvi leser om det som skjer med disse s\u00e5rbare barna, sa St\u00f8re i m\u00f8tet.\u00a0<\/p>\n<p>Han gikk hardt ut mot teknologiselskapene som han mener ikke gj\u00f8r nok.<\/p>\n<p> &#8211; De j\u00e6vla tekselskapene. De tar ikke ansvaret sitt. Jeg f\u00e5r h\u00f8y puls av \u00e5 tenke p\u00e5 det. De \u00e5pner opp v\u00e5re liv, samtidig er det der dette skjer.<\/p>\n<p>        <img loading=\"lazy\" decoding=\"async\" src=\"https:\/\/www.europesays.com\/no\/wp-content\/uploads\/2026\/05\/84689043.webp\" width=\"980\" height=\"559\" alt=\"\" class=\"\" style=\"--aspect-ratio-image: 1.75; \"\/><\/p>\n<p>\n        MANGE AKT\u00d8RER: I m\u00f8tet deltok ogs\u00e5 barne- og familieminister Lene V\u00e5gslid, statssekret\u00e6r Joakim \u00d8ren i Justis- og beredskapsdepartementet sammen med representanter fra Politidirektoratet, Politiets sikkerhetstjeneste (PST), Kripos, Barne-, ungdoms- og familiedirektoratet og Helsedirektoratet. Foto: Henning Lilleg\u00e5rd \/ Dagbladet\n    <\/p>\n<p>&#8211; De har et ansvar\t<\/p>\n<p class=\"italic m-italic\" data-lab-italic=\"italic\">&#8211; De j\u00e6vla tekselskapene, sier du?<\/p>\n<p>&#8211; Ja, der gikk jeg litt langt, men de har et ansvar. Jeg sier jo ikke at de har ansvar for at disse grusomme tingene vi h\u00f8rer om i dag, overgrep p\u00e5 nett og barn som er blitt drevet inn i fryktelige ting, skjer. Men det skjer p\u00e5 deres plattformer. P\u00e5 deres rom. S\u00e5 vi m\u00e5 ha dialogen med dem, og jeg synes for mye av den dialogen preger seg av at det har ikke de ansvaret for, og de ser p\u00e5 det som et angrep p\u00e5 sin egen forretningsmodell, sier statsministeren til Dagbladet.<\/p>\n<p>Han fortsetter:\u00a0<\/p>\n<p>&#8211; Dette er jo den moderne \u00f8konomiens helter p\u00e5 b\u00f8rsene. De tjener masse penger. Men de m\u00e5 ta st\u00f8rre ansvar. Det er det jeg mener.<\/p>\n<p class=\"italic m-italic\" data-lab-italic=\"italic\">&#8211; Hva gj\u00f8r dere for \u00e5 f\u00e5 dem til \u00e5 ta det ansvaret?<\/p>\n<p>&#8211; Det er jo et veldig dilemma hva vi kan gj\u00f8re med det. Dette er globale kjemper som er verdt enormt mye penger. De aller fleste av dem er amerikanske. N\u00e5 er det rettssaker i USA som holder dem ansvarlig for en del av det som har skjedd med barn. Det er viktig at det amerikanske rettssamfunn tar tak i det. Men alt vi h\u00f8rer her understreker at dette er et tema som alle sektorer m\u00e5 samarbeide om, og som vi m\u00e5 samarbeide om p\u00e5 tvers av landegrensene.<\/p>\n<p>    <a itemprop=\"url\" href=\"https:\/\/www.dagbladet.no\/nyheter\/over-100-selvdrap-alvorlig\/84641879\" rel=\"nofollow noopener\" target=\"_blank\"><\/p>\n<p>        <img loading=\"lazy\" decoding=\"async\" src=\"https:\/\/www.europesays.com\/no\/wp-content\/uploads\/2026\/05\/1780050555_292_84644708.webp\" width=\"980\" height=\"441\" alt=\"\" class=\"lazyload\" style=\"--aspect-ratio-image: 2.22; \"\/><\/p>\n<p>        Over 100 selvdrap: &#8211; Alvorlig<\/p>\n<p>    <\/a><\/p>\n<p>&#8211; M\u00e5 jobbe tett\t<\/p>\n<p>Han er tydelig p\u00e5 at akt\u00f8rene som jobber med dette fenomenet, og som var til stede p\u00e5 m\u00f8tet, jobber godt sammen.\u00a0<\/p>\n<p>&#8211; Mitt ansvar er \u00e5 s\u00f8rge for at hvis det er hindringer for deres samarbeid, s\u00e5 skal vi rydde de hindringene bort. Her m\u00e5 skole, helse, politi og PST jobbe veldig tett sammen, og det gj\u00f8r de &#8211; og de skal jobbe enda tettere sammen.<\/p>\n<p class=\"italic m-italic\" data-lab-italic=\"italic\">&#8211; Dette er ikke et nytt fenomen. Kripos har kjent til dette siden 2022. Dagbladet\u00a0har skrevet om dette i et \u00e5r n\u00e5. Hvorfor er du her akkurat n\u00e5?<\/p>\n<p>&#8211; Det er ikke et nytt fenomen. Vi har v\u00e6rt opptatt av dette hele tida. Vi har gitt det ressurser. Veldig mange av de nye politi\u00e5rsverkene som kommer n\u00e5 jobber p\u00e5 nett. Jeg er opptatt av \u00e5 takke de som gj\u00f8r det, for det er t\u00f8ft. S\u00e5 har det\u00a0fremkommet ting som dere har skrevet om, som jeg tror mange har lest og blir sjokkert over. Mine statsr\u00e5der har l\u00f8pende m\u00f8ter med b\u00e5de politi og helsevesen, og for meg er det en fin m\u00e5te \u00e5 f\u00e5 en oppdatering p\u00e5.<\/p>\n<p>        <img loading=\"lazy\" decoding=\"async\" src=\"https:\/\/www.europesays.com\/no\/wp-content\/uploads\/2026\/05\/84689086.webp\" width=\"667\" height=\"381\" alt=\"\" class=\"\" style=\"--aspect-ratio-image: 1.75; \"\/><\/p>\n<p>\n        STILTE SP\u00d8RSM\u00c5L: B\u00e5de barne- og familieminister Lene V\u00e5gslid og statsminister Jonas Gahr St\u00f8re stilte sp\u00f8rsm\u00e5l i m\u00f8tet og noterte underveis. Foto: Henning Lilleg\u00e5rd \/ Dagbladet\n    <\/p>\n<p>&#8211; Fryktelig og radikalt\t<\/p>\n<p> Barne- og familieminister Lene V\u00e5gslid og statssekret\u00e6r Joakim \u00d8ren i Justis- og beredskapsdepartementet var ogs\u00e5 til stede &#8211; sammen med\u00a0 Politidirektoratet, Politiets sikkerhetstjeneste (PST), Kripos, Barne-, ungdoms- og familiedirektoratet og Helsedirektoratet. <\/p>\n<p>Under m\u00f8tet stilte statsministeren flere sp\u00f8rsm\u00e5l til politiet og Kripos, og gjorde notater underveis.\u00a0<\/p>\n<p>&#8211; Det er et enda<br \/>\nmer fryktelig og radikalt univers. Vi m\u00e5 forst\u00e5 dette bildet s\u00e5 langt vi kan og<br \/>\nhandle resolutt, sa han.<\/p>\n<p>Han pekte p\u00e5 utfordringen med at det er voldsfascinasjonen i seg selv som er motivasjonen bak handlingene.<\/p>\n<p>&#8211; Her er det<br \/>\nikke n\u00f8dvendigvis pengemotivet som ligger bak. Det \u00e5pner for noe nytt. Grensene<br \/>\ner irrelevante, egentlig bare en hindring for v\u00e5r del, sa han.\u00a0<\/p>\n<p>    <a itemprop=\"url\" href=\"https:\/\/www.dagbladet.no\/nyheter\/rekrutteres-en-spiral-av-helvete\/84409048\" rel=\"nofollow noopener\" target=\"_blank\"><\/p>\n<p>        <img loading=\"lazy\" decoding=\"async\" src=\"https:\/\/www.europesays.com\/no\/wp-content\/uploads\/2026\/05\/1780050556_523_84414408.webp\" width=\"980\" height=\"441\" alt=\"\" class=\"lazyload\" style=\"--aspect-ratio-image: 2.22; \"\/><\/p>\n<p>        Rekrutteres: &#8211; En spiral av helvete<\/p>\n<p>    <\/a><\/p>\n<p> Fredy Joaquin Salazar, seksjonsleder for etterforskning av seksuelle overgrep mot barn i Kripos, redegjorde for hva dette sektsamfunnet er.\u00a0<\/p>\n<p class=\"font-weight-bold m-font-weight-bold\" data-lab-font_weight=\"font-weight-bold\">Han omtaler det som en\u00a0\u00abcocktail av kaos\u00bb.\u00a0<\/p>\n<p>&#8211; Krig og elendighet streames og deles p\u00e5 plattformer, vi eksponeres i stadig st\u00f8rre grad for alvorlig vold gjennom mobiltelefonen. Det kan \u00f8ke menneskets evne til \u00e5 normalisere vold, sa han &#8211; og understrekte bekymringen med hurtig radikalisering p\u00e5 internett.<\/p>\n<p>100 selvdrap\t<\/p>\n<p>Globalt ansl\u00e5s det \u00e5 v\u00e6re 100 000 brukere i det ekstreme nettsamfunnet. FBI melder om flere hundre aktive etterforskninger &#8211; en \u00f8kning p\u00e5 300 prosent.\u00a0<\/p>\n<p>Kripos har tidligere opplyst at 100 selvdrap kan knyttes til det ekstreme voldelige nettverket globalt.<\/p>\n<p>    <a itemprop=\"url\" href=\"https:\/\/www.dagbladet.no\/nyheter\/har-ondskap-som-hovedmal\/84519588\" rel=\"nofollow noopener\" target=\"_blank\"><\/p>\n<p>        <img loading=\"lazy\" decoding=\"async\" src=\"https:\/\/www.europesays.com\/no\/wp-content\/uploads\/2026\/05\/84519940.webp\" width=\"980\" height=\"441\" alt=\"\" class=\"lazyload\" style=\"--aspect-ratio-image: 2.22; \"\/><\/p>\n<p>        &#8211; Har ondskap som hovedm\u00e5l<\/p>\n<p>    <\/a><\/p>\n<p>Torsdag hadde Kripos et m\u00f8te med Europol. Helsedirektoratet sendte forrige uke <a href=\"https:\/\/www.dagbladet.no\/nyheter\/kan-ikke-sitte-og-se-pa\/84650374\" rel=\"nofollow noopener\" target=\"_blank\">ut info om fenomenet til helsepersonell<\/a>.\u00a0<\/p>\n<p>Per 21. mai var det opprettet 69 straffesaker i Norge knyttet til fenomenet. Dette er fordelt p\u00e5 21 sakskompleks.\u00a0<\/p>\n<p>I et kompleks kan for eksempel fremstilling av seksuelle overgrep mot barn eller seksualisering av barn, og medvirkning til selvp\u00e5f\u00f8rt betydelig skade p\u00e5 kropp og helse inng\u00e5, og kanskje ogs\u00e5 voldtekt eller seksuelt krenkende atferd, mot en mistenkt eller forn\u00e6rmet.<\/p>\n<p>29 av sakene er henlagt. 38 er fremdeles under etterforskning, og to er hos p\u00e5taleansvarlig.<\/p>\n","protected":false},"excerpt":{"rendered":"Statsminister Jonas Gahr St\u00f8re har fredag\u00a0 morgen hatt et m\u00f8te hos Kripos for \u00e5 diskutere innsatsen mot ekstreme&hellip;\n","protected":false},"author":2,"featured_media":250852,"comment_status":"","ping_status":"","sticky":false,"template":"","format":"standard","meta":{"footnotes":"","_share_on_mastodon":"0"},"categories":[10],"tags":[20,21,24,25,15,2539,201,148,1957,22,23,13,30,28,29,14,16,3166,26,27],"class_list":["post-250851","post","type-post","status-publish","format-standard","has-post-thumbnail","category-norge","tag-breaking-news","tag-breakingnews","tag-featured-news","tag-featurednews","tag-headlines","tag-innenriks","tag-jonas-gahr-store","tag-kriminalitet","tag-kripos","tag-latest-news","tag-latestnews","tag-news","tag-no","tag-norge","tag-norway","tag-nyheter","tag-overskrifter","tag-regjeringen","tag-top-stories","tag-topstories"],"share_on_mastodon":{"url":"https:\/\/pubeurope.com\/@no\/116657400992358150","error":""},"_links":{"self":[{"href":"https:\/\/www.europesays.com\/no\/wp-json\/wp\/v2\/posts\/250851","targetHints":{"allow":["GET"]}}],"collection":[{"href":"https:\/\/www.europesays.com\/no\/wp-json\/wp\/v2\/posts"}],"about":[{"href":"https:\/\/www.europesays.com\/no\/wp-json\/wp\/v2\/types\/post"}],"author":[{"embeddable":true,"href":"https:\/\/www.europesays.com\/no\/wp-json\/wp\/v2\/users\/2"}],"replies":[{"embeddable":true,"href":"https:\/\/www.europesays.com\/no\/wp-json\/wp\/v2\/comments?post=250851"}],"version-history":[{"count":0,"href":"https:\/\/www.europesays.com\/no\/wp-json\/wp\/v2\/posts\/250851\/revisions"}],"wp:featuredmedia":[{"embeddable":true,"href":"https:\/\/www.europesays.com\/no\/wp-json\/wp\/v2\/media\/250852"}],"wp:attachment":[{"href":"https:\/\/www.europesays.com\/no\/wp-json\/wp\/v2\/media?parent=250851"}],"wp:term":[{"taxonomy":"category","embeddable":true,"href":"https:\/\/www.europesays.com\/no\/wp-json\/wp\/v2\/categories?post=250851"},{"taxonomy":"post_tag","embeddable":true,"href":"https:\/\/www.europesays.com\/no\/wp-json\/wp\/v2\/tags?post=250851"}],"curies":[{"name":"wp","href":"https:\/\/api.w.org\/{rel}","templated":true}]}}