{"id":25090,"date":"2025-09-02T16:47:10","date_gmt":"2025-09-02T16:47:10","guid":{"rendered":"https:\/\/www.europesays.com\/no\/25090\/"},"modified":"2025-09-02T16:47:10","modified_gmt":"2025-09-02T16:47:10","slug":"helsa-under-lupen-hoy-risiko","status":"publish","type":"post","link":"https:\/\/www.europesays.com\/no\/25090\/","title":{"rendered":"Helsa under lupen: &#8211; H\u00f8y risiko"},"content":{"rendered":"<p class=\"kicker \" style=\"\">Donald Trump:\u00a0<\/p>\n<p>  Trump viser seg tirsdag for f\u00f8rste gang p\u00e5 ei uke. &#8211; Forvent l\u00f8gn og mye rart, sier ekspert.\u00a0<\/p>\n<p>\n    RYKTESTORM: Donald Trump prater under et Make America Healthy Again (MAHA) arrangement med helseminister Robert F. Kennedy. N\u00e5 er det hans egen helse det stilles sp\u00f8rsm\u00e5l ved. Foto: AP \/ Jacquelyn Martin \/ NTB\n  <\/p>\n<p>Siden Donald Trumps forrige offentlige opptreden, for ei uke siden, har spekulasjonene om helsa hans tatt av.\u00a0<\/p>\n<p data-lab-font_weight=\"\">Med bilder av hovne ankler, sminkede hender og slepende skritt, har folk i b\u00e5de sosiale og tradisjonelle medier antydet at han har alvorlige helseproblemer. Noen tror til og med at <a href=\"https:\/\/www.dagbladet.no\/nyheter\/forsvant-elleville-rykter\/83530960\" rel=\"nofollow noopener\" target=\"_blank\">Trump er d\u00f8d.<\/a><\/p>\n<p class=\"font-weight-bold m-font-weight-bold\" data-lab-font_weight=\"font-weight-bold\">&#8211; Ryktene f\u00e5r voldsom fart n\u00e5r han ikke er i rampelyset. Det er veldig uvanlig for Trump \u00e5 holde seg s\u00e5 langt unna, s\u00e5 lenge, sier USA-ekspert Eirik L\u00f8kke.\u00a0<\/p>\n<p>USA-ekspert Hilmar Mjelde p\u00e5peker at august er \u00abpolitisk ferietid\u00bb i USA og at man ikke n\u00f8dvendigvis skal rope varsko bare fordi han ikke har vist seg p\u00e5 ei uke. Men:<\/p>\n<p data-lab-font_weight=\"\">&#8211;\u00a0 Trump er 79 \u00e5r, har alltid hatt et d\u00e5rlig kosthold, trener ikke, sover lite og har verdens mest stressende jobb. Man trenger ikke v\u00e6re overlege for \u00e5 si at Trump er i en h\u00f8yrisiko-gruppe for at noe alvorlig skal ramme ham, sier han.<\/p>\n<p>        TRUMP: Det skulle ikke s\u00e5 mye til f\u00f8r ryktene om Donald Trumps bortgang begynte \u00e5 svirre. Reporter: Edward Stenlund. Video: AP \/ Reuters \/ USA Today<\/p>\n<p>Har f\u00e5tt diagnose\t<\/p>\n<p>Eirik L\u00f8kke minner ogs\u00e5 om at Donald Trump tross alt er en eldre mann.\u00a0<\/p>\n<p>&#8211; Han har v\u00e6rt veldig opptatt av \u00e5 vise hvor god form han er i. Helseplager m\u00e5 v\u00e6re veldig synlige for at han skal innr\u00f8mme noe. Men med alderen blir man jo tr\u00f8ttere og fysisk redusert, sier han.\u00a0<\/p>\n<p>I juli kunne Trumps lege avsl\u00f8re at han har f\u00e5tt <a href=\"https:\/\/www.dagbladet.no\/nyheter\/ekspert-usannsynlige-forklaringer\/83496382\" rel=\"nofollow noopener\" target=\"_blank\">p\u00e5vist sykdommen kronisk ven\u00f8s insuffisiens.<\/a><\/p>\n<p>NHI beskriver det som en vedvarende svikt i blod\u00e5rene i beina som frakter blodet tilbake til hjertet. Diagnosen er vanlig for folk i Trumps alder.<\/p>\n<p>          <img loading=\"lazy\" decoding=\"async\" src=\"https:\/\/www.europesays.com\/no\/wp-content\/uploads\/2025\/09\/83535331.webp\" width=\"980\" height=\"559\" title=\"EKSPERT: Eirik L\u00f8kke er til daglig r\u00e5dgiver i tankesmia Civita og driver podkasten \u00abLiberal Halvtime\u00bb. Foto: Bj\u00f8rn Langsem \/ Dagbladet\" alt=\"\" class=\"\" style=\"--aspect-ratio-image: 1.75; \"\/><\/p>\n<p>\n          EKSPERT: Eirik L\u00f8kke er til daglig r\u00e5dgiver i tankesmia Civita og driver podkasten \u00abLiberal Halvtime\u00bb. Foto: Bj\u00f8rn Langsem \/ Dagbladet\n      <\/p>\n<p>Selv om Det hvite hus\u00a0\u00abinnr\u00f8mte\u00bb at Trump har sykdommen, tror ikke L\u00f8kke at det betyr at vi kan stole p\u00e5 helseopplysninger fra Det hvite hus.<\/p>\n<p>Han peker p\u00e5 at ogs\u00e5 Biden og andre presidenter har villedet offentligheten om helsetilstanden sin.\u00a0<\/p>\n<p>&#8211; Men vi kan stole p\u00e5 Trump i mindre grad enn andre. Han har et veldig problematisk forhold til virkeligheten, sier USA-eksperten.<\/p>\n<p>Tre ting \u00e5 f\u00f8lge med p\u00e5\t<\/p>\n<p>Hilmar Mjelde deler L\u00f8kkes oppfatning om at man ikke kan stole p\u00e5 helseopplysningene fra Trump-leiren.<\/p>\n<p>&#8211; Vi vet lite om Trumps helsetilstand. Men om han faktisk har \u00f8kende helseproblemer, vil det komme signaler\u00a0som er umulige \u00e5 dekke helt over. Man vil se ham mindre offentlig, han vil se tr\u00f8tt ut p\u00e5 pressekonferanser, og han vil trenge mer tilrettelagt transport, sier Mjelde. <\/p>\n<p>Mjelde peker p\u00e5 flere ting vi b\u00f8r f\u00f8lge med p\u00e5:<\/p>\n<ul>\n<li class=\"lab-bodytext-line\">Hvordan ser han ut n\u00e5r han g\u00e5r om bord i helikopteret sitt?\u00a0<\/li>\n<li class=\"lab-bodytext-line\">Kommer han til \u00e5 begynne \u00e5 bruke den kortere trappa inn til undersiden av Air Force One, slik Biden gjorde?<\/li>\n<li class=\"lab-bodytext-line\">Kommer han til \u00e5 begynne \u00e5 bruke golfbilen mer?<\/li>\n<\/ul>\n<p class=\"font-weight-bold m-font-weight-bold\" data-lab-font_weight=\"font-weight-bold\">&#8211; Golfbilen kan bli en kamuflasje-rullestol for Trump dersom han sliter med \u00e5 g\u00e5, sier Mjelde.\u00a0<\/p>\n<p>USA-eksperten p\u00e5peker at helsa ikke er et politisk problem for Trump n\u00e5, men han tror det kommer til \u00e5 bli et tema framover.<\/p>\n<p>&#8211; Det er vanskelig for oss \u00e5 forst\u00e5 hvor ekstremt belastende presidentjobben er. Obama s\u00e5 ut som sin egen bestefar etter to perioder, sier han.\u00a0<\/p>\n<p>          <img loading=\"lazy\" decoding=\"async\" src=\"https:\/\/www.europesays.com\/no\/wp-content\/uploads\/2025\/09\/83535982.webp\" width=\"686\" height=\"412\" title=\"PROFESSOR: Hilmar Mjelde, professor ved H\u00f8gskulen p\u00e5 Vestlandet, forsker p\u00e5 amerikansk politikk, politiske partier og demokrati. Foto: Mauricio Pavez \/ HVL\" alt=\"\" class=\"\" style=\"--aspect-ratio-image: 1.67; \"\/><\/p>\n<p>\n          PROFESSOR: Hilmar Mjelde, professor ved H\u00f8gskulen p\u00e5 Vestlandet, forsker p\u00e5 amerikansk politikk, politiske partier og demokrati. Foto: Mauricio Pavez \/ HVL\n      <\/p>\n<p>Vance er klar: &#8211; Sitter langt inne\t<\/p>\n<p> Visepresident JD Vance slengte en god dose bensin p\u00e5 b\u00e5let, da han i et intervju med\u00a0<a href=\"https:\/\/eu.usatoday.com\/story\/news\/politics\/2025\/08\/28\/vance-training-president-trump-good-health\/85852650007\/\" rel=\"nofollow noopener\" target=\"_blank\">USA Today<\/a>\u00a0forrige torsdag sa at han var klar til \u00e5 ta over om noe skulle skje. <\/p>\n<p> &#8211; Hvis &#8211; gud forby &#8211; en forferdelig tragedie skulle skje, kan jeg ikke se for meg en bedre praktisk oppl\u00e6ring enn den jeg har hatt de siste 200 dagene, sa han. <\/p>\n<p class=\"font-weight-bold m-font-weight-bold\" data-lab-font_weight=\"font-weight-bold\">&#8211;\u00a0Han kommer til \u00e5 overta hvis noe skjer med presidenten. Men det tror jeg sitter langt inne for Trump. Da skal han nok omtrent v\u00e6re d\u00f8d, sier Eirik L\u00f8kke.\u00a0<\/p>\n<p>          <img loading=\"lazy\" decoding=\"async\" src=\"https:\/\/www.europesays.com\/no\/wp-content\/uploads\/2025\/09\/83535141.webp\" width=\"686\" height=\"433\" title=\"KLAR: Visepresident JD Vance er klar for \u00e5 ta over om noe skulle skjedd med sjefen hans. Foto: Mandel NGAN \/ AFP \/ NTB\" alt=\"\" class=\"\" style=\"--aspect-ratio-image: 1.58; \"\/><\/p>\n<p>\n          KLAR: Visepresident JD Vance er klar for \u00e5 ta over om noe skulle skjedd med sjefen hans. Foto: Mandel NGAN \/ AFP \/ NTB\n      <\/p>\n<p>Bryter tausheten\t<\/p>\n<p>Det hvite hus har varslet at Trump kommer med en kunngj\u00f8ring fra Det ovale kontor klokka 20.00 norsk tid. Ekspert L\u00f8kke holder ikke pusten:<\/p>\n<p>&#8211; Man kan forvente mye l\u00f8gn og mye rart, som vanlig. Det ville ikke forundret meg om det var noe helt rabiat som kom ut, sier han.\u00a0<\/p>\n<p>&#8211; Av innhold ville jeg ikke blitt overrasket om han annonserer at f\u00f8derale styrker skal inn i Chicago, legger han til.\u00a0<\/p>\n<p>Trump har <a href=\"https:\/\/www.dagbladet.no\/nyheter\/raser-mot-grep\/83504185\" rel=\"nofollow noopener\" target=\"_blank\">tidligere begrunnet planene<\/a> med at byen er utrygg og at kriminaliteten er ute av kontroll. Han har allerede sendt inn f\u00f8derale styrker i Los Angeles og Washington D.C.\u00a0<\/p>\n<p>        MERKE: En flekk p\u00e5 president Donald Trumps h\u00e5nd har igjen vekket spekulasjoner. Video: C-SPAN<\/p>\n<p>Utfordrende tid\t<\/p>\n<p>Eirik L\u00f8kke forteller Trump vil trenge alle kreftene sine, med en krevende h\u00f8st i vente. Han ramser opp:<\/p>\n<p>&#8211; Kongressen kommer tilbake. Epstein-filene er et overhengende problem. De m\u00e5 unng\u00e5 f\u00f8deral nedstengning. Han har problemer med tollene sine i domstolene. Og freden han skulle sikre i Ukraina er han ikke en millimeter n\u00e6rmere \u00e5 oppn\u00e5, sier han.<\/p>\n<p>&#8211; Det er krevende tider i vente for Trump, legger han til.<\/p>\n","protected":false},"excerpt":{"rendered":"Donald Trump:\u00a0 Trump viser seg tirsdag for f\u00f8rste gang p\u00e5 ei uke. &#8211; Forvent l\u00f8gn og mye rart,&hellip;\n","protected":false},"author":2,"featured_media":24438,"comment_status":"","ping_status":"","sticky":false,"template":"","format":"standard","meta":{"footnotes":""},"categories":[12],"tags":[20,21,24,25,15,22,23,13,30,28,29,14,16,26,27,412,42,43,44,45],"class_list":{"0":"post-25090","1":"post","2":"type-post","3":"status-publish","4":"format-standard","5":"has-post-thumbnail","7":"category-verden","8":"tag-breaking-news","9":"tag-breakingnews","10":"tag-featured-news","11":"tag-featurednews","12":"tag-headlines","13":"tag-latest-news","14":"tag-latestnews","15":"tag-news","16":"tag-no","17":"tag-norge","18":"tag-norway","19":"tag-nyheter","20":"tag-overskrifter","21":"tag-top-stories","22":"tag-topstories","23":"tag-utenriks","24":"tag-verden","25":"tag-world","26":"tag-world-news","27":"tag-worldnews"},"share_on_mastodon":{"url":"","error":""},"_links":{"self":[{"href":"https:\/\/www.europesays.com\/no\/wp-json\/wp\/v2\/posts\/25090","targetHints":{"allow":["GET"]}}],"collection":[{"href":"https:\/\/www.europesays.com\/no\/wp-json\/wp\/v2\/posts"}],"about":[{"href":"https:\/\/www.europesays.com\/no\/wp-json\/wp\/v2\/types\/post"}],"author":[{"embeddable":true,"href":"https:\/\/www.europesays.com\/no\/wp-json\/wp\/v2\/users\/2"}],"replies":[{"embeddable":true,"href":"https:\/\/www.europesays.com\/no\/wp-json\/wp\/v2\/comments?post=25090"}],"version-history":[{"count":0,"href":"https:\/\/www.europesays.com\/no\/wp-json\/wp\/v2\/posts\/25090\/revisions"}],"wp:featuredmedia":[{"embeddable":true,"href":"https:\/\/www.europesays.com\/no\/wp-json\/wp\/v2\/media\/24438"}],"wp:attachment":[{"href":"https:\/\/www.europesays.com\/no\/wp-json\/wp\/v2\/media?parent=25090"}],"wp:term":[{"taxonomy":"category","embeddable":true,"href":"https:\/\/www.europesays.com\/no\/wp-json\/wp\/v2\/categories?post=25090"},{"taxonomy":"post_tag","embeddable":true,"href":"https:\/\/www.europesays.com\/no\/wp-json\/wp\/v2\/tags?post=25090"}],"curies":[{"name":"wp","href":"https:\/\/api.w.org\/{rel}","templated":true}]}}