{"id":25091,"date":"2025-09-02T16:48:08","date_gmt":"2025-09-02T16:48:08","guid":{"rendered":"https:\/\/www.europesays.com\/no\/25091\/"},"modified":"2025-09-02T16:48:08","modified_gmt":"2025-09-02T16:48:08","slug":"falske-reklamer-fjernes","status":"publish","type":"post","link":"https:\/\/www.europesays.com\/no\/25091\/","title":{"rendered":"Falske reklamer fjernes"},"content":{"rendered":"<p>  Ei knapp uke f\u00f8r \u00e5rets stortingsvalg, har det dukket opp falske valgreklamer flere steder i Oslo sentrum. &#8211; Anses som innbrudd og h\u00e6rverk, sier markedssjef.<\/p>\n<p>\n    FALSKE REKLAMER: Det har dukket opp flere falske valgreklamer i Oslo. Foto: Johannes Fjeld \/ Dagbladet\n  <\/p>\n<p>Dagbladet har sett falske reklamer som rammer b\u00e5de H\u00f8yre (H) og Arbeiderpartiet (Ap) p\u00e5 bussholdeplassen p\u00e5 Olaf Ryes plass p\u00e5 Gr\u00fcnerl\u00f8kka. Reklamene er ogs\u00e5 observert andre steder i Oslo.<\/p>\n<p>\u00abOljeleting for morgendagen, klimakrise for framtida\u00bb, st\u00e5r det p\u00e5 plakaten med bilde av Ap-leder og statsminister Jonas Gahr St\u00f8re.\u00a0<\/p>\n<p>H\u00f8yres slagord denne valgkampen er \u00abingen slagord\u00bb. Dette har blitt vridd til \u00abingen handling\u00bb i den falske kampanjen.\u00a0<\/p>\n<p>Blir anmeldt\t<\/p>\n<p>Bauer Media &#8211; som styrer reklamene i hovedstaden &#8211; bekrefter at de er kjent med de falske reklamene.<\/p>\n<p class=\"font-weight-bold m-font-weight-bold\" data-lab-font_weight=\"font-weight-bold\">&#8211; Fenomenet kalles\u00a0adbusting,\u00a0og inneb\u00e6rer at aktivister ulovlig tar seg inn i reklameflater for \u00e5 plassere egne plakater. Dette er \u00e5 anse som innbrudd og h\u00e6rverk, og vi anmelder alltid slike forhold, sier markedssjef Cecilie Foss til Dagbladet.<\/p>\n<p> Dagbladet har observert at noen av plakatene var fjernet allerede mandag kveld.\u00a0<\/p>\n<p>Det er ikke kjent hvem som st\u00e5r bak de falske reklamene. Foss sier at slike hendelser forekommer fra tid til annen &#8211; men understreker at det ikke utgj\u00f8r et stort problem.<\/p>\n<p>&#8211; V\u00e5re entrepren\u00f8rer gjennomf\u00f8rer hyppige kontroller og fjerner raskt disse plakatene. Vi har etablerte rutiner og f\u00f8lger situasjonen tett. V\u00e5rt m\u00e5l er alltid \u00e5 sikre at v\u00e5re flater fremst\u00e5r profesjonelle, ryddige og tilgjengelige for kundene, sier hun.<\/p>\n<p>&#8211; Best \u00e5 la v\u00e6re\t<\/p>\n<p>H\u00f8yre er veldig glade for at de falske plakatene fjernes.\u00a0<\/p>\n<p>&#8211;\u00a0 Dersom man ikke har andre m\u00e5ter \u00e5 uttrykke seg p\u00e5 enn ved \u00e5 beg\u00e5 h\u00e6rverk og innbrudd, s\u00e5 er det best \u00e5 la v\u00e6re, sier kommunikasjonssjef i H\u00f8yre, Cato Husab\u00f8 Fossen, til Dagbladet.<\/p>\n<p>Arbeiderpartiet har forel\u00f8pig ikke besvart Dagbladets henvendelse om den falske kampanjen.<\/p>\n","protected":false},"excerpt":{"rendered":"Ei knapp uke f\u00f8r \u00e5rets stortingsvalg, har det dukket opp falske valgreklamer flere steder i Oslo sentrum. &#8211;&hellip;\n","protected":false},"author":2,"featured_media":25092,"comment_status":"","ping_status":"","sticky":false,"template":"","format":"standard","meta":{"footnotes":""},"categories":[10],"tags":[20,21,24,25,15,2539,22,23,13,30,28,29,14,16,26,27],"class_list":{"0":"post-25091","1":"post","2":"type-post","3":"status-publish","4":"format-standard","5":"has-post-thumbnail","7":"category-norge","8":"tag-breaking-news","9":"tag-breakingnews","10":"tag-featured-news","11":"tag-featurednews","12":"tag-headlines","13":"tag-innenriks","14":"tag-latest-news","15":"tag-latestnews","16":"tag-news","17":"tag-no","18":"tag-norge","19":"tag-norway","20":"tag-nyheter","21":"tag-overskrifter","22":"tag-top-stories","23":"tag-topstories"},"share_on_mastodon":{"url":"","error":""},"_links":{"self":[{"href":"https:\/\/www.europesays.com\/no\/wp-json\/wp\/v2\/posts\/25091","targetHints":{"allow":["GET"]}}],"collection":[{"href":"https:\/\/www.europesays.com\/no\/wp-json\/wp\/v2\/posts"}],"about":[{"href":"https:\/\/www.europesays.com\/no\/wp-json\/wp\/v2\/types\/post"}],"author":[{"embeddable":true,"href":"https:\/\/www.europesays.com\/no\/wp-json\/wp\/v2\/users\/2"}],"replies":[{"embeddable":true,"href":"https:\/\/www.europesays.com\/no\/wp-json\/wp\/v2\/comments?post=25091"}],"version-history":[{"count":0,"href":"https:\/\/www.europesays.com\/no\/wp-json\/wp\/v2\/posts\/25091\/revisions"}],"wp:featuredmedia":[{"embeddable":true,"href":"https:\/\/www.europesays.com\/no\/wp-json\/wp\/v2\/media\/25092"}],"wp:attachment":[{"href":"https:\/\/www.europesays.com\/no\/wp-json\/wp\/v2\/media?parent=25091"}],"wp:term":[{"taxonomy":"category","embeddable":true,"href":"https:\/\/www.europesays.com\/no\/wp-json\/wp\/v2\/categories?post=25091"},{"taxonomy":"post_tag","embeddable":true,"href":"https:\/\/www.europesays.com\/no\/wp-json\/wp\/v2\/tags?post=25091"}],"curies":[{"name":"wp","href":"https:\/\/api.w.org\/{rel}","templated":true}]}}