{"id":25093,"date":"2025-09-02T16:49:18","date_gmt":"2025-09-02T16:49:18","guid":{"rendered":"https:\/\/www.europesays.com\/no\/25093\/"},"modified":"2025-09-02T16:49:18","modified_gmt":"2025-09-02T16:49:18","slug":"tillitsvalgt-gar-til-erstatningssak-mot-prestisjeskolen-ais","status":"publish","type":"post","link":"https:\/\/www.europesays.com\/no\/25093\/","title":{"rendered":"Tillitsvalgt g\u00e5r til erstatningssak mot prestisjeskolen AIS"},"content":{"rendered":"\n<p class=\"_paragraph_1bvmi_4 _paragraph_xtcu6_10 layout-component text-serif-m layout-normal text-serif-m layout-padded\">Det begynte s\u00e5 lovende. Utadvendte, kanadiske Carley Lind gledet seg til \u00e5 begynne \u00e5 jobbe p\u00e5 den vel ansette privatskolen i Asker kommune.<\/p>\n<p class=\"_paragraph_1bvmi_4 _paragraph_xtcu6_10 layout-component text-serif-m layout-normal text-serif-m layout-padded\">For ni \u00e5r siden pekte alle piler oppover for henne, b\u00e5de privat og p\u00e5 jobben. <\/p>\n<p class=\"_paragraph_1bvmi_4 _paragraph_xtcu6_10 layout-component text-serif-m layout-normal text-serif-m layout-padded\">Som \u00e5tte\u00e5ring, hjemme i Stratford, Ontario i Canada, likte Carley seg p\u00e5 skolen og \u00abelsket\u00bb sin f\u00f8rste l\u00e6rer. Hun fortalte moren sin at det var dette hun ville bli som voksen. Og slik ble det.<\/p>\n<p class=\"_paragraph_1bvmi_4 _paragraph_xtcu6_10 layout-component text-serif-m layout-normal text-serif-m layout-padded\">Filip Lind (38), mannen hun giftet seg med, er norsk. Etter \u00e5 ha bodd i Australia, Canada og England sammen bestemte de seg for \u00e5 flytte til Norge.<\/p>\n<p><img alt=\"\" class=\"_image_qp4xg_65 layout-component layout-normal\" data-fullscreen- data-track-element-type=\"Article image fullscreen\" data-track-name=\"ImageFullscreen\" decoding=\"async\" loading=\"lazy\" height=\"3864\" itemprop=\"image\"  src=\"https:\/\/www.europesays.com\/no\/wp-content\/uploads\/2025\/09\/5ad8ce17-e51f-4179-abc3-ae99764c1759\"  style=\"object-position:0% 0%\" width=\"3864\"\/><\/p>\n<p class=\"_paragraph_1bvmi_4 _paragraph_xtcu6_10 layout-component text-serif-m layout-normal text-serif-m layout-padded\">Lind s\u00f8kte l\u00e6rerstilling ved prestisjeskolen <a href=\"https:\/\/askeris.no\/\" class=\"_link_1bvmi_39\" rel=\"nofollow noopener\" target=\"_blank\">Asker International School (AIS)<\/a>. Hun fikk ikke jobben hun s\u00f8kte p\u00e5. Likevel hadde skolen lagt merke til henne. <\/p>\n<p class=\"_paragraph_1bvmi_4 _paragraph_xtcu6_10 layout-component text-serif-m layout-normal text-serif-m layout-padded\">I mars 2016 ble hun oppringt med sp\u00f8rsm\u00e5l om hun ville jobbe der. Samme \u00e5r fikk Lind stilling som kontaktl\u00e6rerkontaktl\u00e6rerEn kontaktl\u00e6rer er en l\u00e6rer i norsk grunnskole eller videreg\u00e5ende skole som har som tilleggsoppgave \u00e5 v\u00e6re en form for bindeledd mellom skolen og elevenes foresatte. fra skolestart.<\/p>\n<p class=\"_paragraph_1bvmi_4 _paragraph_xtcu6_10 layout-component text-serif-m layout-normal text-serif-m layout-padded\">\u2013 Jeg h\u00e5pet at dette kom til \u00e5 bli min permanente jobb. I starten virket det veldig lovende. P\u00e5 den tiden var det ogs\u00e5 veldig f\u00e5 skoler for engelsk\u00adtalende l\u00e6rere i Norge. Jeg f\u00f8lte meg heldig, forteller Carley Lind (40) i dag.<\/p>\n<p><img alt=\"\" class=\"_image_qp4xg_65 layout-component layout-normal\" data-fullscreen- data-track-element-type=\"Article image fullscreen\" data-track-name=\"ImageFullscreen\" decoding=\"async\" loading=\"lazy\" height=\"2232\" itemprop=\"image\"  src=\"https:\/\/www.europesays.com\/no\/wp-content\/uploads\/2025\/09\/13a5691d-2266-4928-99a7-c9e60590a457\"  style=\"object-position:0% 0%\" width=\"2232\"\/><\/p>\n<p class=\"_paragraph_1bvmi_4 _paragraph_xtcu6_10 layout-component text-serif-m layout-normal text-serif-m layout-padded\">Hennes opplevelse var at skolen var preget av hierarki med en markant ledelse p\u00e5 toppen, men hun opplevde l\u00e6rermilj\u00f8et som godt.<\/p>\n<p class=\"_paragraph_1bvmi_4 _paragraph_xtcu6_10 layout-component text-serif-m layout-normal text-serif-m layout-padded\">I starten s\u00e5 ikke Lind tydelige tegn p\u00e5 en ledelseskultur som hun siden mener har kostet henne mye.<\/p>\n<p class=\"_paragraph_1bvmi_4 _paragraph_xtcu6_10 layout-component text-serif-m layout-normal text-serif-m layout-padded\">I dag lider Carley Lind av kompleks PTSDkompleks PTSDKompleks posttraumatisk stresslidelse (kompleks PTSD) er en lidelse som kan utvikles etter eksponering for en hendelse eller serie hendelser av ekstremt truende eller forferdelig art, oftest langvarige eller repeterende hendelser som det er vanskelig eller umulig \u00e5 unnslippe (f.eks. tortur, slaveri, folkemordskampanjer, langvarig vold i hjemmet, gjentatt seksuell eller fysisk mishandling i barndommen). Alle diagnostiske krav for PTSD er oppfylt. I tillegg er kompleks PTSD karakterisert av alvorlige og vedvarende 1) problemer med affektregulering; 2) oppfatninger om seg selv som redusert, beseiret eller verdil\u00f8s, ledsaget av f\u00f8lelser av skam, skyld eller fiasko knyttet til den traumatiske hendelsen; og 3) vansker med \u00e5 opprettholde relasjoner og f\u00f8le seg n\u00e6r andre. Disse symptomene for\u00e5rsaker betydelig svekkelse i personlige, famili\u00e6re, sosiale, utdanningsmessige, yrkesmessige eller andre viktige funksjonsomr\u00e5der.. VG har sett dokumentasjon p\u00e5 dette.<\/p>\n<p class=\"_paragraph_1bvmi_4 _paragraph_xtcu6_10 layout-component text-serif-m layout-normal text-serif-m layout-padded\">Selv er hun ikke i tvil om at \u00e5rsaken.<\/p>\n<p class=\"_paragraph_1bvmi_4 _paragraph_xtcu6_10 layout-component text-serif-m layout-normal text-serif-m layout-padded\"><strong class=\"_strong_1bvmi_25\">Lind har stevnet skolen i saken \u2013 og varsler et erstatningskrav p\u00e5 flere millioner kroner.<\/strong><\/p>\n<p><img decoding=\"async\" alt=\"Bilde av Servet Yildiz St\u00eark\" class=\"_image_ygndg_42\" height=\"37\" itemprop=\"image\" loading=\"lazy\"  src=\"https:\/\/www.europesays.com\/no\/wp-content\/uploads\/2025\/09\/73fdc961-3769-4fe4-95dd-6fbc4b57e8fa\"  width=\"40\"\/><strong class=\"_name_ygndg_51 title-serif-xs\">Servet Yildiz St\u00eark<\/strong><\/p>\n<p class=\"_paragraph_1bvmi_4 text-sans-m _description_ygndg_56\">Advokat<\/p>\n<p class=\"_paragraph_1bvmi_4 _paragraph_xtcu6_10 layout-component text-serif-m layout-normal text-serif-m layout-padded\">Det er Servet Yildiz St\u00eark som n\u00e5 f\u00f8rer Linds sak i rettssystemet.<\/p>\n<p class=\"_paragraph_1bvmi_4 _paragraph_xtcu6_10 layout-component text-serif-m layout-normal text-serif-m layout-padded\">\u2013 De medisinske journalene er entydige p\u00e5 at det Lind har v\u00e6rt utsatt for, skyldes arbeidsmilj\u00f8et. I tillegg har et betydelig antall tidligere medarbeidere bekreftet de samme forholdene, sier St\u00eark til VG.<\/p>\n<p class=\"_paragraph_1bvmi_4 _paragraph_xtcu6_10 layout-component text-serif-m layout-normal text-serif-m layout-padded\">\u2013 Til sist, n\u00e5r vi ser hvordan ledelsen har h\u00e5ndtert fagforeninger og fors\u00f8k p\u00e5 \u00e5 organisere seg og inng\u00e5 tariffavtale, tegnes det et klart bilde av kulturen ved skolen.<\/p>\n<p class=\"_paragraph_1bvmi_4 _paragraph_xtcu6_10 layout-component text-serif-m layout-normal text-serif-m layout-padded\">\u2013 Hvordan blir erstatningskravet?<\/p>\n<p class=\"_paragraph_1bvmi_4 _paragraph_xtcu6_10 layout-component text-serif-m layout-normal text-serif-m layout-padded\">\u2013 Erstatningskravet vil bygge p\u00e5 en beregning av Linds tap som f\u00f8lge av langvarig redusert inntekt og arbeidsevne. Prinsippet i Norge er at den skadelidte skal holdes \u00f8konomisk skadesl\u00f8s for det tap som p\u00e5f\u00f8res, svarer advokaten.<\/p>\n<p class=\"_paragraph_1bvmi_4 _paragraph_xtcu6_10 layout-component text-serif-m layout-normal text-serif-m layout-padded\">Til dette svarer styreleder Anders Sj\u00f8l\u00f8kken i Asker International School:<\/p>\n<p class=\"_paragraph_1bvmi_4 _paragraph_xtcu6_10 layout-component text-serif-m layout-normal text-serif-m layout-padded\">\u2013 Det er ikke riktig av oss og kommentere en personalsak som er en p\u00e5g\u00e5ende rettslig prosess. Vi ber om forst\u00e5else for det. Vi opplever samarbeidet ved skolen som konstruktivt og godt, skriver styrelederen i en epost.<\/p>\n<p class=\"_paragraph_1bvmi_4 _paragraph_xtcu6_10 layout-component text-serif-m layout-normal text-serif-m layout-padded\">S\u00e5 langt har AIS avvist \u00e5 komme Carley Lind i m\u00f8te, til tross for at hun mener hun har grundig medisinsk dokumentasjon.<\/p>\n<p class=\"_paragraph_1bvmi_4 _paragraph_xtcu6_10 layout-component text-serif-m layout-normal text-serif-m layout-padded\">If\u00f8lge faglige vurderinger og epikrise fra fastlege og psykiater er Lind blitt s\u00e5 negativt p\u00e5virket av arbeidsmilj\u00f8et ved AIS at hun er anbefalt ikke \u00e5 returnere til jobben ved skolen.<\/p>\n<p><img decoding=\"async\" alt=\"Bilde av Anders Korsmo\" class=\"_image_ygndg_42\" height=\"40\" itemprop=\"image\" loading=\"lazy\"  src=\"https:\/\/www.europesays.com\/no\/wp-content\/uploads\/2025\/09\/b9182531-3b4a-4c57-90c4-6bdbc6c8a29a\"  width=\"40\"\/><strong class=\"_name_ygndg_51 title-serif-xs\">Anders Korsmo<\/strong><\/p>\n<p class=\"_paragraph_1bvmi_4 text-sans-m _description_ygndg_56\">Psykiater<\/p>\n<p class=\"_paragraph_1bvmi_4 _paragraph_xtcu6_10 layout-component text-serif-m layout-normal text-serif-m layout-padded\">Psykiater Anders Korsmo anf\u00f8rer i epikrisen, som VG har sett, at veien tilbake til arbeidslivet blir \u00abs\u00e6rdeles vanskelig og kanskje umulig\u00bb for Lind, etter et langt frav\u00e6r grunnet risiko for kronifisering.kronifisering.Kronifisering er prosessen der en tilstand g\u00e5r fra \u00e5 v\u00e6re akutt til \u00e5 bli kronisk, alts\u00e5 langvarig. En tilstand kan oppst\u00e5 akutt og deretter utvikle seg til \u00e5 bli kronisk, og den faktiske prosessen som f\u00f8rer til at den blir langvarig kalles kronifisering.<\/p>\n<p class=\"_paragraph_1bvmi_4 _paragraph_xtcu6_10 layout-component text-serif-m layout-normal text-serif-m layout-padded\">Korsmo skriver:<\/p>\n<p class=\"_paragraph_1bvmi_4 _paragraph_xtcu6_10 layout-component text-serif-m layout-normal text-serif-m layout-padded\">\u00abDet er, basert p\u00e5 ovennevnte og undertegnedes vurdering, en tydelig og klar sannsynlighetsovervekt at de hendelsene Lind har blitt utsatt for over flere \u00e5r ved Asker International School, har f\u00f8rt til at hun n\u00e5 oppfyller de diagnostiske kriteriene for Kompleks PTSD.\u00bbPTSD.\u00bbPosttraumatisk stresslidelse. Angstlidelse som kan oppst\u00e5 hos mennesker en tid etter en eller flere skremmende og redselsfulle opplevelser.<\/p>\n<p>Kompleks PTSD<\/p>\n<ul class=\"_list_1bvmi_3 _list_xtcu6_9 _list_16v91_9 _unordered_1bvmi_99 layout-component text-serif-m layout-normal text-sans-m layout-padded\">\n<li class=\"_item_1bvmi_30\">PTSD-tilstand kjennetegnes av at pasienten gjennomlever hendelsen p\u00e5 nytt og har stadige mareritt om det som skjedde.<\/li>\n<li class=\"_item_1bvmi_30\">PTSD preger hverdagen din, og kroppen er i stadig alarmberedskap, anspent eller nerv\u00f8s.<\/li>\n<li class=\"_item_1bvmi_30\">Noen \u00f8nsker ikke \u00e5 snakke om eller tenke p\u00e5 hendelsen og fors\u00f8ker \u00e5 unng\u00e5 personer eller steder som minner om den. Andre symptomer kan v\u00e6re irritabilitet, sinne og konsentrasjonsproblemer.<\/li>\n<li class=\"_item_1bvmi_30\">Kompleks PTSD er en lidelse som kan utvikles etter eksponering for en hendelse eller serie hendelser av ekstremt truende eller forferdelig art, oftest langvarige eller repeterende hendelser som det er vanskelig eller umulig \u00e5 unnslippe.<\/li>\n<li class=\"_item_1bvmi_30\"><strong class=\"_strong_1bvmi_25\">Dette skriver psykiater Anders Korsmo i epikrisen epikrisen En medisinsk rapport som oppsummerer en pasients sykdomsforl\u00f8p og behandling, ofte skrevet ved utskrivelse fra sykehus eller avslutning av behandling.til Carley Lind:<\/strong><\/li>\n<\/ul>\n<p class=\"_paragraph_1bvmi_4 _paragraph_xtcu6_10 _paragraph_16v91_10 layout-component text-serif-m layout-normal text-sans-m layout-padded\">\u00abBasert p\u00e5 anamnese (bakgrunnsopplysninger), to polikliniske samtaler av 2 timer, samtale med ektefellen, innhentet journal inkludert epikrise fra Nydalen DPS (spesialisthelsetjenesten) og fullstendig fastlegejournal og ovennevnte psykiatrisk utredning inkludert klinisk inntrykk konkluderer undertegnede med at Lind oppfyller de diagnostiske kriteriene for Kompleks PTSD.\u00bb<\/p>\n<p class=\"_paragraph_1bvmi_4 _paragraph_xtcu6_10 _paragraph_16v91_10 layout-component text-serif-m layout-normal text-sans-m layout-padded\">Kilder: Helse-Norge og WHOs diagnosesystem ICD-11<\/p>\n<p>Vis mer<\/p>\n<p class=\"_paragraph_1bvmi_4 _paragraph_xtcu6_10 layout-component text-serif-m layout-normal text-serif-m layout-padded\">I dag har AIS 70 ansatte, p\u00e5 heltid og deltid. I arbeidet med denne saken har VG intervjuet n\u00e6rmere 20 personer som tidligere har v\u00e6rt ansatt ved skolen, i tillegg til Lind. <\/p>\n<p class=\"_paragraph_1bvmi_4 _paragraph_xtcu6_10 layout-component text-serif-m layout-normal text-serif-m layout-padded\"><strong class=\"_strong_1bvmi_25\">Det er spesielt to ting de trekker frem i sin kritikk av AIS:<\/strong><\/p>\n<ul class=\"_list_1bvmi_3 _list_xtcu6_9 _unordered_1bvmi_99 layout-component text-serif-m layout-normal text-serif-m layout-padded\">\n<li class=\"_item_1bvmi_30\">Et arbeidsmilj\u00f8 preget av fryktbasert ledelse.<\/li>\n<li class=\"_item_1bvmi_30\">En negativ holdning fra ledelsen til at ansatte organiserer seg.<\/li>\n<\/ul>\n<p class=\"_paragraph_1bvmi_4 _paragraph_xtcu6_10 layout-component text-serif-m layout-normal text-serif-m layout-padded\">VG har snakket med Utdanningsforbundet Asker, som bekrefter at l\u00e6rere ved skolen har henvendt seg til dem med det de mener er \u00abfryktbasert ledelse\u00bb.<\/p>\n<p class=\"_paragraph_1bvmi_4 _paragraph_xtcu6_10 layout-component text-serif-m layout-normal text-serif-m layout-padded\">Det er de to personene helt p\u00e5 toppen kritikken retter seg mot: Rektor Robert Browne og viserektor Mark Cringle.<\/p>\n<p><img alt=\"Cringle (til venstre) og Browne.\" class=\"_image_qp4xg_65 layout-component layout-normal\" data-fullscreen- data-track-element-type=\"Article image fullscreen\" data-track-name=\"ImageFullscreen\" decoding=\"async\" loading=\"lazy\" height=\"683\" itemprop=\"image\"  src=\"https:\/\/www.europesays.com\/no\/wp-content\/uploads\/2025\/09\/66d69ead-ea29-45d8-931a-d493ecf3331d\"  style=\"object-position:0% 0%\" width=\"683\"\/>Cringle (til venstre) og Browne.<\/p>\n<p class=\"_paragraph_1bvmi_4 _paragraph_xtcu6_10 layout-component text-serif-m layout-normal text-serif-m layout-padded\">Alle p\u00e5standene, beskrivelsene og opplevelsene fra Carley Lind og de tidligere ansatte som ikke vil st\u00e5 frem i denne reportasjen har VG forelagt for rektor Browne og skolens styreleder Anders Sj\u00f8l\u00f8kken.<\/p>\n<p class=\"_paragraph_1bvmi_4 _paragraph_xtcu6_10 layout-component text-serif-m layout-normal text-serif-m layout-padded\">Sj\u00f8l\u00f8kken svarer p\u00e5 vegne av AIS, men vil ikke g\u00e5 i detalj eller kommentere utsagnene til Lind.<\/p>\n<p><img alt=\"\" class=\"_image_qp4xg_65 layout-component layout-normal\" data-fullscreen- data-track-element-type=\"Article image fullscreen\" data-track-name=\"ImageFullscreen\" decoding=\"async\" loading=\"lazy\" height=\"4054\" itemprop=\"image\"  src=\"https:\/\/www.europesays.com\/no\/wp-content\/uploads\/2025\/09\/dae27f38-a808-4c5c-aa55-fc2e0a97cbe7\"  style=\"object-position:0% 0%\" width=\"4054\"\/><\/p>\n<p class=\"_paragraph_1bvmi_4 _paragraph_xtcu6_10 layout-component text-serif-m layout-normal text-serif-m layout-padded\">Sj\u00f8l\u00f8kken<strong class=\"_strong_1bvmi_25\"> <\/strong>kjenner seg ikke igjen i beskrivelsene til Lind og de andre, tidligere ansatte. Han har gitt VG en generell uttalelse, hvor han trekker frem det han mener er stabile forhold ved skolen.<\/p>\n<p class=\"_paragraph_1bvmi_4 _paragraph_xtcu6_10 layout-component text-serif-m layout-normal text-serif-m layout-padded\">Styrelederen understreker at skolen ikke deler de tidligere ansattes oppfatning av ledelsen som fryktbasert:<\/p>\n<p class=\"_paragraph_1bvmi_4 _paragraph_xtcu6_10 layout-component text-serif-m layout-normal text-serif-m layout-padded\">\u00abObjektive indikatorer som medarbeiderunders\u00f8kelsene, lav sykemeldingsprosent og stabilitet i arbeidsstokken indikerer at vi har en sterk kultur. Det samme gj\u00f8r de akademiske resultatene, samt en sunn drift. Til slutt er ogs\u00e5 stabilitet i elevpopulasjonen en sterk indikator p\u00e5 at foreldregruppen ogs\u00e5 er forn\u00f8yde med AIS.\u00bb<\/p>\n<p class=\"_paragraph_1bvmi_4 _paragraph_xtcu6_10 layout-component text-serif-m layout-normal text-serif-m layout-padded\"><strong class=\"_strong_1bvmi_25\">Sist torsdag ble VG invitert av Sj\u00f8l\u00f8kken til et bes\u00f8k p\u00e5 skolen.<\/strong><\/p>\n<p><img alt=\"\" class=\"_image_qp4xg_65 layout-component layout-normal\" data-fullscreen- data-track-element-type=\"Article image fullscreen\" data-track-name=\"ImageFullscreen\" decoding=\"async\" loading=\"lazy\" height=\"5240\" itemprop=\"image\"  src=\"https:\/\/www.europesays.com\/no\/wp-content\/uploads\/2025\/09\/e3870d94-fe14-4a2e-84e7-0504d92682f4\"  style=\"object-position:0% 0%\" width=\"5243\"\/><\/p>\n<p class=\"_paragraph_1bvmi_4 _paragraph_xtcu6_10 layout-component text-serif-m layout-normal text-serif-m layout-padded\">I en stor kontorbygning leier AIS rundt 10.000 kvadratmeter til skoleform\u00e5l. Elever fra 5 til 16 \u00e5r (1.-10. klasse) undervises i romslige klasserom, mens et tidligere kontorlandskap brukes som skolebibliotek.<\/p>\n<p class=\"_paragraph_1bvmi_4 _paragraph_xtcu6_10 layout-component text-serif-m layout-normal text-serif-m layout-padded\">Utend\u00f8rs er gr\u00f8ntomr\u00e5det rundt det tidligere kontorbygget delvis omgjort til skoleg\u00e5rd med huskestativer og lekearealer. Klasserom og garderober preges av orden \u2013 med sko og yttert\u00f8y systematisk plassert og organisert i skap og hyller. <\/p>\n<p> AIS ligger p\u00e5 Borgen, et h\u00f8ydedrag i Asker vest for Oslo.   <\/p>\n<p class=\"_paragraph_1bvmi_4 _paragraph_xtcu6_10 layout-component text-serif-m layout-normal text-serif-m layout-padded\">Skolen har opplevd en eksplosiv vekst de \u00e5rene Carley Lind har jobbet der.<\/p>\n<p class=\"_paragraph_1bvmi_4 _paragraph_xtcu6_10 layout-component text-serif-m layout-normal text-serif-m layout-padded\">Fra 39 elever i den spede starten i 2013 er tallet n\u00e5 over 15 ganger s\u00e5 h\u00f8yt, med rundt 600 elever.<\/p>\n<p class=\"_paragraph_1bvmi_4 _paragraph_xtcu6_10 layout-component text-serif-m layout-normal text-serif-m layout-padded\"><strong class=\"_strong_1bvmi_25\">Det f\u00f8rer til at AIS mottar 62 millioner kroner i tilskudd fra staten i 2025, if\u00f8lge Utdanningsdirektoratets egne tall.<\/strong><\/p>\n<p class=\"_paragraph_1bvmi_4 _paragraph_xtcu6_10 layout-component text-serif-m layout-normal text-serif-m layout-padded\">I tillegg st\u00e5r 360 elever p\u00e5 venteliste. Asker kommune har godkjent en s\u00f8knad om at skolen kan utvide til 950 elever, if\u00f8lge lokalavisen <a href=\"https:\/\/www.budstikka.no\/skolen-har-hundrevis-pa-venteliste-na-vil-de-utvide\/s\/5-55-1968226\" class=\"_link_1bvmi_39\" rel=\"nofollow noopener\" target=\"_blank\">Budstikka.<\/a><\/p>\n<p><img alt=\"\" class=\"_image_qp4xg_65 layout-component layout-normal\" data-fullscreen- data-track-element-type=\"Article image fullscreen\" data-track-name=\"ImageFullscreen\" decoding=\"async\" loading=\"lazy\" height=\"5721\" itemprop=\"image\"  src=\"https:\/\/www.europesays.com\/no\/wp-content\/uploads\/2025\/09\/b8e524c1-129b-462c-a655-2bee5e52a8fb\"  style=\"object-position:0% 0%\" width=\"5105\"\/><\/p>\n<p class=\"_paragraph_1bvmi_4 _paragraph_xtcu6_10 layout-component text-serif-m layout-normal text-serif-m layout-padded\">Som p\u00e5 mange av de internasjonale skolene i Norge har det v\u00e6rt mye oppmerksomhet rundt omd\u00f8mme, gode karakterer og resultater ved AIS. <\/p>\n<p class=\"_paragraph_1bvmi_4 _paragraph_xtcu6_10 layout-component text-serif-m layout-normal text-serif-m layout-padded\">Undervisningen foreg\u00e5r p\u00e5 engelsk p\u00e5 skolen med elever fra 1. til 10. klasse. Skolen har gjort seg bemerket med blant annet h\u00f8y sk\u00e5r p\u00e5 nasjonale pr\u00f8ver.<\/p>\n<p class=\"_paragraph_1bvmi_4 _paragraph_xtcu6_10 layout-component text-serif-m layout-normal text-serif-m layout-padded\">Og pengene har trillet inn i de tidligere kontorlokalene til oljeletingsgiganten Schlumberger, i takt med \u00f8kende s\u00f8kermasse og elevtall. <\/p>\n<p class=\"_paragraph_1bvmi_4 _paragraph_xtcu6_10 layout-component text-serif-m layout-normal text-serif-m layout-padded\">Inntektene \u00f8kte fra litt over 3 millioner i 2017 til offentlige tilskudd og elevpenger p\u00e5 over 83 millioner i 2024, viser skolestiftelsens regnskaper.<\/p>\n<p class=\"_paragraph_1bvmi_4 _paragraph_xtcu6_10 layout-component text-serif-m layout-normal text-serif-m layout-padded\"><strong class=\"_strong_1bvmi_25\">I samme periode opplevde kontaktl\u00e6rer Carley Lind sitt st\u00f8rste personlige fall.<\/strong><\/p>\n<p><img alt=\"\" class=\"_image_qp4xg_65 layout-component layout-normal\" data-fullscreen- data-track-element-type=\"Article image fullscreen\" data-track-name=\"ImageFullscreen\" decoding=\"async\" loading=\"lazy\" height=\"3891\" itemprop=\"image\"  src=\"https:\/\/www.europesays.com\/no\/wp-content\/uploads\/2025\/09\/ec07d524-9e83-40af-a042-7066e5af05a7\"  style=\"object-position:0% 0%\" width=\"3891\"\/><\/p>\n<p class=\"_paragraph_1bvmi_4 _paragraph_xtcu6_10 layout-component text-serif-m layout-normal text-serif-m layout-padded\">Hun hevder at ledelsen ved den raskt voksende privatskolen knekte henne mentalt.<\/p>\n<p class=\"_paragraph_1bvmi_4 _paragraph_xtcu6_10 layout-component text-serif-m layout-normal text-serif-m layout-padded\">\u2013 Jeg f\u00f8ler at de har tatt fra meg identiteten min. F\u00f8lte meg veldig ensom og isolert. Jeg kan ikke se for meg at jeg kan komme tilbake til l\u00e6reryrket. Min mentale helse er blitt negativt p\u00e5virket, ikke bare profesjonelt, men ogs\u00e5 som kone og mor, sier Carley til VG.<\/p>\n<p class=\"_paragraph_1bvmi_4 _paragraph_xtcu6_10 layout-component text-serif-m layout-normal text-serif-m layout-padded\">\u2013 Min opplevelse har v\u00e6rt et forgiftet arbeidsmilj\u00f8 \u2013 som de to lederne p\u00e5 toppen hadde ansvaret for. Jeg, som vanligvis var en h\u00f8ylytt person med h\u00f8y selvtillit, ble redusert og neglisjert til en skygge av meg selv.<\/p>\n<p class=\"_paragraph_1bvmi_4 _paragraph_xtcu6_10 layout-component text-serif-m layout-normal text-serif-m layout-padded\"><strong class=\"_strong_1bvmi_25\">Hun opplevde lederskapet som autorit\u00e6rt og dominerende. Hun kaller det \u00abdiktaturaktig\u00bb. <\/strong><\/p>\n<p class=\"_paragraph_1bvmi_4 _paragraph_xtcu6_10 layout-component text-serif-m layout-normal text-serif-m layout-padded\">\u2013 De vil ikke at l\u00e6rerne skal ha noen mening. Og hvis du har det, blir du irettesatt og gjerne utst\u00f8tt. Du kan bli en skyteskive eller et m\u00e5l for dem. Jeg ble brukt i et narrativ \u2013 som en \u00abvanskelig\u00bb eller \u00abumulig\u00bb medarbeider \u2013 for \u00e5 sette folk opp mot meg, beskriver hun.<\/p>\n<p><img alt=\"\" class=\"_image_qp4xg_65 layout-component layout-normal\" data-fullscreen- data-track-element-type=\"Article image fullscreen\" data-track-name=\"ImageFullscreen\" decoding=\"async\" loading=\"lazy\" height=\"3667\" itemprop=\"image\"  src=\"https:\/\/www.europesays.com\/no\/wp-content\/uploads\/2025\/09\/15ee607d-eede-4419-b88f-152d2f6941fd\"  style=\"object-position:0% 0%\" width=\"3667\"\/><\/p>\n<p class=\"_paragraph_1bvmi_4 _paragraph_xtcu6_10 layout-component text-serif-m layout-normal text-serif-m layout-padded\">Ektemannen Filip Lind (38) har fulgt med p\u00e5 hvordan Carley har endret seg siden hun startet ved AIS.<\/p>\n<p class=\"_paragraph_1bvmi_4 _paragraph_xtcu6_10 layout-component text-serif-m layout-normal text-serif-m layout-padded\">\u2013 Til \u00e5 begynne med hadde hun en iver og glede i jobben, men dette endret seg i l\u00f8pet av kort tid. Kombinasjonen av trakasserende hendelser og vedvarende stress har hatt en dyp innvirkning p\u00e5 henne b\u00e5de som l\u00e6rer, ektefelle, mor og venn, hevder Filip Lind.<\/p>\n<p class=\"_paragraph_1bvmi_4 _paragraph_xtcu6_10 layout-component text-serif-m layout-normal text-serif-m layout-padded\"><strong class=\"_strong_1bvmi_25\">Han mener gleden, selvbildet, t\u00e5lmodigheten, utadvendtheten og troen p\u00e5 seg selv er blitt endret hos kona. <\/strong><\/p>\n<p class=\"_paragraph_1bvmi_4 _paragraph_xtcu6_10 layout-component text-serif-m layout-normal text-serif-m layout-padded\">\u2013 Selv om hun n\u00e5 har f\u00e5tt en diagnose, mottar hjelp og er borte fra skolen, er det en lang vei tilbake til der hun var f\u00f8r hun begynte i jobben.<\/p>\n<p> Kun Carley Lind vil st\u00e5 frem med navn. <img alt=\"\" class=\"_image_qp4xg_65 layout-component layout-fullscreen\" data-fullscreen- data-track-element-type=\"Article image fullscreen\" data-track-name=\"ImageFullscreen\" decoding=\"async\" loading=\"lazy\" height=\"4967\" itemprop=\"image\"  src=\"https:\/\/www.europesays.com\/no\/wp-content\/uploads\/2025\/09\/d7fda1d9-0a92-47a7-a6e7-85842e323437\"  style=\"object-position:44.71458773784355% 13.56955908999396%\" width=\"3311\"\/><\/p>\n<p class=\"_paragraph_1bvmi_4 _paragraph_xtcu6_10 layout-component text-serif-m layout-normal text-serif-m layout-padded\">De andre tidligere ansatte er klare p\u00e5 at de bare vil snakke med VG uten \u00e5 navngis. Flere av dem hevder det anstrengte forholdet mange har hatt til ledelsen, skyldes en arbeidskultur preget av frykt.<\/p>\n<p class=\"_paragraph_1bvmi_4 _paragraph_xtcu6_10 layout-component text-serif-m layout-normal text-serif-m layout-padded\">I likhet med Lind fremhever mange av de tidligere ansatte at det er mye som er bra og velfungerende ved skolen. Spesielt kvaliteten p\u00e5 undervisningen,<strong class=\"_strong_1bvmi_25\"> <\/strong>l\u00e6ringstrykket<strong class=\"_strong_1bvmi_25\"> <\/strong>l\u00e6ringstrykket<strong class=\"_strong_1bvmi_25\"> <\/strong>Tydelige forventninger om l\u00e6ring, mer tid p\u00e5 l\u00e6ring og \u00f8kt l\u00e6ringsutbytte.og l\u00e6rerne.<\/p>\n<p class=\"_paragraph_1bvmi_4 _paragraph_xtcu6_10 layout-component text-serif-m layout-normal text-serif-m layout-padded\">Lind og flere med henne presiserer at de ikke er ute etter \u00e5 snakke ned skolens gode omd\u00f8mme og kvaliteten p\u00e5 l\u00e6ringen.<\/p>\n<p class=\"_paragraph_1bvmi_4 _paragraph_xtcu6_10 layout-component text-serif-m layout-normal text-serif-m layout-padded\"><strong class=\"_strong_1bvmi_25\">De ser egentlig bare ett problem p\u00e5 skolen: De to lederne p\u00e5 toppen. Det oppleves til gjengjeld som stort. <\/strong><\/p>\n<p><img alt=\"\" class=\"_image_qp4xg_65 layout-component layout-normal\" data-fullscreen- data-track-element-type=\"Article image fullscreen\" data-track-name=\"ImageFullscreen\" decoding=\"async\" loading=\"lazy\" height=\"3877\" itemprop=\"image\"  src=\"https:\/\/www.europesays.com\/no\/wp-content\/uploads\/2025\/09\/4e090950-34cd-45c9-9979-857a2b7fab23\"  style=\"object-position:0% 0%\" width=\"3878\"\/><\/p>\n<p class=\"_paragraph_1bvmi_4 _paragraph_xtcu6_10 layout-component text-serif-m layout-normal text-serif-m layout-padded\">If\u00f8lge Lind ble det begynnelsen p\u00e5 slutten da hun h\u00f8sten 2023 tok p\u00e5 seg vervet som fagforeningsleder. I l\u00f8pet av en m\u00e5ned ble antallet organiserte l\u00e6rere tredoblet.<\/p>\n<p class=\"_paragraph_1bvmi_4 _paragraph_xtcu6_10 layout-component text-serif-m layout-normal text-serif-m layout-padded\">Erfarne skolefolk sa det var den raskest voksende klubben de hadde sett. L\u00e6rerne opplevdes som sterkere og fikk en mer enhetlig stemme mot ledelsen. Lind selv begynte \u00e5 tro p\u00e5 at hun gjorde noe viktig i utviklingen av skolen og fagmilj\u00f8et.<\/p>\n<p class=\"_paragraph_1bvmi_4 _paragraph_xtcu6_10 layout-component text-serif-m layout-normal text-serif-m layout-padded\">Men hun opplevde at spesielt noen ikke satte pris p\u00e5 det. Toppledelsen var ikke interessert i \u00e5 im\u00f8tekomme l\u00e6rernes gryende kamp for en tariffavtale,tariffavtale,Likeverdige l\u00f8nns- og arbeidsvilk\u00e5r sikres gjennom tariffavtaler med private skoler og barnehager. Tariffavtalene gir ogs\u00e5 gir rett til forhandlinger og medbestemmelse. Blant andre Utdanningsforbundet arbeider for at medlemmer i private skoler og barnehager skal ha tariffavtale.\u00a0 if\u00f8lge Lind.<\/p>\n<p class=\"_paragraph_1bvmi_4 _paragraph_xtcu6_10 layout-component text-serif-m layout-normal text-serif-m layout-padded\">\u2013 I tillegg til \u00e5 v\u00e6re fagforeningsleder var det nok ikke til min fordel at medlemstallet \u00f8kte s\u00e5 kraftig, og at vi skulle f\u00e5 muligheten til en tariffavtale. Min opplevelse var at ledelsens press for \u00e5 f\u00e5 meg ut intensiverte seg. Men de hadde allerede behandlet meg som dritt i \u00e5revis, hevder hun.<\/p>\n<p class=\"_paragraph_1bvmi_4 _paragraph_xtcu6_10 layout-component text-serif-m layout-normal text-serif-m layout-padded\">\u2013 Jeg fikk et veldig klart inntrykk av at de var veldig mot fagforeningen. De ville ikke at vi ansatte skulle ha \u00e9n felles stemme, er hennes oppfatning.<\/p>\n<p><img alt=\"\" class=\"_image_qp4xg_65 layout-component layout-normal\" data-fullscreen- data-track-element-type=\"Article image fullscreen\" data-track-name=\"ImageFullscreen\" decoding=\"async\" loading=\"lazy\" height=\"3460\" itemprop=\"image\"  src=\"https:\/\/www.europesays.com\/no\/wp-content\/uploads\/2025\/09\/00739ca5-2f05-4241-98b6-3e228cd26a8e\"  style=\"object-position:0% 0%\" width=\"3461\"\/><\/p>\n<p class=\"_paragraph_1bvmi_4 _paragraph_xtcu6_10 layout-component text-serif-m layout-normal text-serif-m layout-padded\">Ogs\u00e5 flere av Linds tidligere kolleger forteller at de opplevde det som sv\u00e6rt lite popul\u00e6rt hos ledelsen at en lokal fagforening var i ferd med \u00e5 bygge seg opp. <\/p>\n<p class=\"_paragraph_1bvmi_4 _paragraph_xtcu6_10 layout-component text-serif-m layout-normal text-serif-m layout-padded\">VG har sett en del av korrespond\u00adansen mellom de ansattes representanter og skoleledelsen om fors\u00f8ket p\u00e5 \u00e5 f\u00e5 i stand en tariffavtale.<\/p>\n<p class=\"_paragraph_1bvmi_4 _paragraph_xtcu6_10 layout-component text-serif-m layout-normal text-serif-m layout-padded\">I svaret til de ansatte skrev skolens nestleder, viserektor Mark Cringle:<\/p>\n<p class=\"_paragraph_1bvmi_4 _paragraph_xtcu6_10 layout-component text-serif-m layout-normal text-serif-m layout-padded\">\u00abSkolen v\u00e5r opererer n\u00e5 i en utfordrende \u00f8konomisk periode. Hvis en tariffavtale blir en realitet og medf\u00f8rer en betydelig kostnad for organisasjonen, m\u00e5 dette oppveies av en reduksjon i bemanningen.\u00bb<\/p>\n<p class=\"_paragraph_1bvmi_4 _paragraph_xtcu6_10 layout-component text-serif-m layout-normal text-serif-m layout-padded\"><strong class=\"_strong_1bvmi_25\">Mange av de ansatte oppfattet dette som en trussel mot \u00e5 f\u00e5 p\u00e5 plass en tariffavtale.<\/strong><\/p>\n<p class=\"_paragraph_1bvmi_4 _paragraph_xtcu6_10 layout-component text-serif-m layout-normal text-serif-m layout-padded\">I viserektorens svarbrev ble det ogs\u00e5 vist til AIS\u2019 \u00abunike s\u00e6rpreg\u00bb. Asker International School har elever og ansatte fra over 40 nasjonaliteter og er registrert som en autorisert verdensskole med en s\u00e5kalt IB-strukturertIB-strukturertL\u00e6replanen for International Baccalaureate\u00ae (IB) Diploma Program omfatter seks fag og tre kjernekrav. Du tar seks fag med kvalifiserte IB Diploma-l\u00e6rere, noe som sikrer deg bred kunnskap i spr\u00e5k, samfunnsfag, naturfag, matematikk og kunstfag. l\u00e6replan.<\/p>\n<p><img alt=\"\" class=\"_image_qp4xg_65 layout-component layout-normal\" data-fullscreen- data-track-element-type=\"Article image fullscreen\" data-track-name=\"ImageFullscreen\" decoding=\"async\" loading=\"lazy\" height=\"5359\" itemprop=\"image\"  src=\"https:\/\/www.europesays.com\/no\/wp-content\/uploads\/2025\/09\/fdaf7d69-d411-4063-9c10-14be94faef3a\"  style=\"object-position:0% 0%\" width=\"5356\"\/><\/p>\n<p class=\"_paragraph_1bvmi_4 _paragraph_xtcu6_10 layout-component text-serif-m layout-normal text-serif-m layout-padded\">Selv om Utdanningsforbundet i Asker understreket for skolen at en tariffavtale ville medf\u00f8re at l\u00e6rerne talte med \u00e9n stemme, og at det ville gi en forutsigbar avtale, opplevde de ansatte at ledelsen ikke ville ha noen avtale. <\/p>\n<p class=\"_paragraph_1bvmi_4 _paragraph_xtcu6_10 layout-component text-serif-m layout-normal text-serif-m layout-padded\">Kim Rune S\u00f8rensen er leder i Utdanningsforbundet Asker. Nestleder Kristine \u00d8strem jobber spesielt opp mot AIS.<\/p>\n<p class=\"_paragraph_1bvmi_4 _paragraph_xtcu6_10 layout-component text-serif-m layout-normal text-serif-m layout-padded\"><strong class=\"_strong_1bvmi_25\">S\u00f8rensen bekrefter at l\u00e6rere p\u00e5 skolen har henvendt seg til dem om forhold p\u00e5 skolen.<\/strong><\/p>\n<p class=\"_paragraph_1bvmi_4 _paragraph_xtcu6_10 layout-component text-serif-m layout-normal text-serif-m layout-padded\">\u2013 Vi m\u00e5 v\u00e6re litt varsomme, for vi f\u00e5r jo bare de ansattes perspektiv og oppfatninger. Men vi har f\u00e5tt henvendelser fra ansatte ved skolen som har opplevd fryktbasert ledelse, sier han til VG.<\/p>\n<p><img decoding=\"async\" alt=\"Bilde av Kim Rune S\u00f8rensen \" class=\"_image_ygndg_42\" height=\"40\" itemprop=\"image\" loading=\"lazy\"  src=\"https:\/\/www.europesays.com\/no\/wp-content\/uploads\/2025\/09\/b55211f6-5271-431d-948c-ef3bc6bdcb07\"  width=\"40\"\/><strong class=\"_name_ygndg_51 title-serif-xs\">Kim Rune S\u00f8rensen <\/strong><\/p>\n<p class=\"_paragraph_1bvmi_4 text-sans-m _description_ygndg_56\">Leder <\/p>\n<p class=\"_paragraph_1bvmi_4 _paragraph_xtcu6_10 layout-component text-serif-m layout-normal text-serif-m layout-padded\">\u00abVi kjenner oss ikke igjen i dette. Vi opplever samarbeidet ved skolen som konstruktivt og godt\u00bb, svarer styreleder Sj\u00f8l\u00f8kken til at Utdanningsforbundet har f\u00e5tt henvendelser om fryktbasert ledelse.<\/p>\n<p class=\"_paragraph_1bvmi_4 _paragraph_xtcu6_10 layout-component text-serif-m layout-normal text-serif-m layout-padded\">VG har ogs\u00e5 v\u00e6rt i kontakt med skolens tillitsvalgte l\u00e6rer Simon Brownlie. Han uttrykker bekymring for Carley Linds situasjon, men mener det ikke er \u00abhensiktsmessig for meg \u00e5 kommentere hennes personlige situasjon i min rolle som tillitsvalgt\u00bb.<\/p>\n<p class=\"_paragraph_1bvmi_4 _paragraph_xtcu6_10 layout-component text-serif-m layout-normal text-serif-m layout-padded\">P\u00e5 sp\u00f8rsm\u00e5l om han er kjent med at en rekke eks-ansatte ved Asker IS har opplevd en fryktkultur rundt toppledelsen ved skolen, svarer Brownlie:<\/p>\n<p class=\"_paragraph_1bvmi_4 _paragraph_xtcu6_10 layout-component text-serif-m layout-normal text-serif-m layout-padded\">\u00abJeg har ikke mottatt rapporter fra fagforeningsmedlemmer ang\u00e5ende det du beskriver, og heller ingen bekymringer av denne art til skoleledelsen. Min rolle er \u00e5 representere medlemmers bekymringer n\u00e5r de blir gjort direkte til meg.\u00bb<\/p>\n<p><img decoding=\"async\" alt=\"Bilde av Simon Brownlie\" class=\"_image_ygndg_42\" height=\"40\" itemprop=\"image\" loading=\"lazy\"  src=\"https:\/\/www.europesays.com\/no\/wp-content\/uploads\/2025\/09\/7d5bbc43-e49b-478f-9b0f-7d6b62aa61b4\"  width=\"40\"\/><strong class=\"_name_ygndg_51 title-serif-xs\">Simon Brownlie<\/strong><\/p>\n<p class=\"_paragraph_1bvmi_4 text-sans-m _description_ygndg_56\">L\u00e6rer-tillitsvalgt<\/p>\n<p class=\"_paragraph_1bvmi_4 _paragraph_xtcu6_10 layout-component text-serif-m layout-normal text-serif-m layout-padded\">AIS er den skolen Utdannings\u00adforbundet lokalt har hatt mest kontakt med de siste fire \u00e5rene, som er uten egen tariffavtale for l\u00e6rerne, if\u00f8lge S\u00f8rensen og \u00d8strem i Utdanningsforbbundet Asker.<\/p>\n<p class=\"_paragraph_1bvmi_4 _paragraph_xtcu6_10 layout-component text-serif-m layout-normal text-serif-m layout-padded\">De minner om at flere barnehager og privatskoler i Asker er uten tariffavtale, og at det flere steder ikke er noe snakk om \u00e5 f\u00e5 det heller. <\/p>\n<p class=\"_paragraph_1bvmi_4 _paragraph_xtcu6_10 layout-component text-serif-m layout-normal text-serif-m layout-padded\">\u2013 Vi \u00f8nsker at alle virksomheter skal ha tariffavtaler for sine ansatte. Derfor er det positivt at AIS er i en prosess om det, selv om den g\u00e5r litt i b\u00f8lger. Vi vet at det kan ta mange \u00e5r for en virksomhet \u00e5 inng\u00e5 tariffavtale, sier Kristine \u00d8strem til VG.<\/p>\n<p><img decoding=\"async\" alt=\"Bilde av Kristine \u00d8strem\" class=\"_image_ygndg_42\" height=\"40\" itemprop=\"image\" loading=\"lazy\"  src=\"https:\/\/www.europesays.com\/no\/wp-content\/uploads\/2025\/09\/10be3c35-2ebe-4dad-abe3-1c4013f6d858\"  width=\"40\"\/><strong class=\"_name_ygndg_51 title-serif-xs\">Kristine \u00d8strem<\/strong><\/p>\n<p class=\"_paragraph_1bvmi_4 text-sans-m _description_ygndg_56\">Nestleder<\/p>\n<p class=\"_paragraph_1bvmi_4 _paragraph_xtcu6_10 layout-component text-serif-m layout-normal text-serif-m layout-padded\">Forbundslederne har ikke v\u00e6rt kjent med Carley Linds historie, PTSD-diagnose og opplevelser med AIS-ledelsen.<\/p>\n<p class=\"_paragraph_1bvmi_4 _paragraph_xtcu6_10 layout-component text-serif-m layout-normal text-serif-m layout-padded\">\u2013 Nei, det var vi ikke klar over. Hvis det stemmer, s\u00e5 er det veldig leit \u00e5 h\u00f8re.<\/p>\n<p class=\"_paragraph_1bvmi_4 _paragraph_xtcu6_10 layout-component text-serif-m layout-normal text-serif-m layout-padded\"><strong class=\"_strong_1bvmi_25\">Til VG uttaler AIS\u2019 styreleder Anders Sj\u00f8l\u00f8kken:<\/strong><\/p>\n<p class=\"_paragraph_1bvmi_4 _paragraph_xtcu6_10 layout-component text-serif-m layout-normal text-serif-m layout-padded\">\u00abV\u00e5re organiserte medlemmer i Utdanningsforbundet har valgt \u00e5 fortsette uten en tariffavtale. Vi ved AIS opplever \u00e5 ha et godt samarbeid med de tillitsvalgte. V\u00e5re l\u00f8nninger, samt \u00f8vrige vilk\u00e5r, er p\u00e5 linje eller bedre enn hva de fleste skoler har. Dersom de ansatte \u00f8nsker tariffavtale, vil vi selvsagt respektere dette valget fullt og helt.\u00bb<\/p>\n<p><img alt=\"\" class=\"_image_qp4xg_65 layout-component layout-normal\" data-fullscreen- data-track-element-type=\"Article image fullscreen\" data-track-name=\"ImageFullscreen\" decoding=\"async\" loading=\"lazy\" height=\"5457\" itemprop=\"image\"  src=\"https:\/\/www.europesays.com\/no\/wp-content\/uploads\/2025\/09\/071a9281-cdaf-43f4-8b10-c11b98df8935\"  style=\"object-position:0% 0%\" width=\"5455\"\/><\/p>\n<p class=\"_paragraph_1bvmi_4 _paragraph_xtcu6_10 layout-component text-serif-m layout-normal text-serif-m layout-padded\">Carley Lind har en annen oppfatning:<\/p>\n<p class=\"_paragraph_1bvmi_4 _paragraph_xtcu6_10 layout-component text-serif-m layout-normal text-serif-m layout-padded\">\u2013 P\u00e5 grunn av alt dette har fagforeningen ved AIS, som egentlig skal m\u00f8tes m\u00e5nedlig, hatt to m\u00f8ter i l\u00f8pet av hele \u00e5ret. Og samtalene om tariffavtalen har stilnet. Ingen t\u00f8r \u00e5 \u00abr\u00f8re i gryten\u00bb. Noen l\u00e6rere har ogs\u00e5 forlatt fagforeningen helt, forteller hun.<\/p>\n<p class=\"_paragraph_1bvmi_4 _paragraph_xtcu6_10 layout-component text-serif-m layout-normal text-serif-m layout-padded\">Lind blar opp i dagboken p\u00e5 kj\u00f8kkenbordet hjemme i den lyse Oslo-leiligheten.<\/p>\n<p class=\"_paragraph_1bvmi_4 _paragraph_xtcu6_10 layout-component text-serif-m layout-normal text-serif-m layout-padded\">Hun skriver for \u00e5 hjelpe seg selv med \u00e5 huske viktige detaljer.<\/p>\n<p class=\"_paragraph_1bvmi_4 _paragraph_xtcu6_10 layout-component text-serif-m layout-normal text-serif-m layout-padded\"><strong class=\"_strong_1bvmi_25\">Hun mener ogs\u00e5 at skrivingen hjelper henne med \u00e5 bearbeide de vonde opplevelsene.<\/strong><\/p>\n<p><img alt=\"\" class=\"_image_qp4xg_65 layout-component layout-normal\" data-fullscreen- data-track-element-type=\"Article image fullscreen\" data-track-name=\"ImageFullscreen\" decoding=\"async\" loading=\"lazy\" height=\"3686\" itemprop=\"image\"  src=\"https:\/\/www.europesays.com\/no\/wp-content\/uploads\/2025\/09\/e792e784-dd87-41a8-b0a5-048fd24d566e\"  style=\"object-position:0% 0%\" width=\"3686\"\/><\/p>\n<p class=\"_paragraph_1bvmi_4 _paragraph_xtcu6_10 layout-component text-serif-m layout-normal text-serif-m layout-padded\">\u2013 Dette m\u00e5 bare f\u00e5 en slutt. Ingen fortjener \u00e5 bli sittende igjen med de f\u00f8lelsene jeg har. Eller \u00e5 bli diagnostisert med kompleks PTSD som et resultat av det som en gang var en dr\u00f8mmekarriere.<\/p>\n<p class=\"_paragraph_1bvmi_4 _paragraph_xtcu6_10 layout-component text-serif-m layout-normal text-serif-m layout-padded\">Lind er klar p\u00e5 at hun ikke f\u00f8rst og fremst st\u00e5r frem for seg selv.<\/p>\n<p class=\"_paragraph_1bvmi_4 _paragraph_xtcu6_10 layout-component text-serif-m layout-normal text-serif-m layout-padded\">Hun \u00f8nsker at n\u00e5v\u00e6rende og fremtidige ansatte ved AIS skal f\u00e5 merke en endring. Og at skolens styre skal ta de ansattes opplevelser med ledelsen p\u00e5 alvor.<\/p>\n<p class=\"_paragraph_1bvmi_4 _paragraph_xtcu6_10 layout-component text-serif-m layout-normal text-serif-m layout-padded\">\u2013 Jeg angriper ikke AIS. Jeg g\u00e5r etter ledelsen fordi skaden de for\u00e5rsaker, er s\u00e5 ufattelig stor.<\/p>\n<p><img alt=\"\" class=\"_image_qp4xg_65 layout-component layout-normal\" data-fullscreen- data-track-element-type=\"Article image fullscreen\" data-track-name=\"ImageFullscreen\" decoding=\"async\" loading=\"lazy\" height=\"3706\" itemprop=\"image\"  src=\"https:\/\/www.europesays.com\/no\/wp-content\/uploads\/2025\/09\/20130204-bf52-4523-9a03-4b8a753245da\"  style=\"object-position:0% 0%\" width=\"3706\"\/><\/p>\n<p class=\"_paragraph_1bvmi_4 _paragraph_xtcu6_10 layout-component text-serif-m layout-normal text-serif-m layout-padded\">Selv mener Carley Lind at hun fikk klare signaler om at ledelsen gjerne s\u00e5 at hun selv tok initiativ til \u00e5 slutte.<\/p>\n<p class=\"_paragraph_1bvmi_4 _paragraph_xtcu6_10 layout-component text-serif-m layout-normal text-serif-m layout-padded\">Som tillitsvalgt ser hun p\u00e5 seg selv som en som t\u00f8r \u00e5 stille kritiske sp\u00f8rsm\u00e5l til ledelsen \u2013 men alltid med vekt p\u00e5 saklighet og fakta, if\u00f8lge henne selv.<\/p>\n<p class=\"_paragraph_1bvmi_4 _paragraph_xtcu6_10 layout-component text-serif-m layout-normal text-serif-m layout-padded\">Linds opplevelse var at ledelsen ikke likte den kritiske tiln\u00e6rmingen uansett hvor saklig og forberedt hun mente at hun var.<\/p>\n<p class=\"_paragraph_1bvmi_4 _paragraph_xtcu6_10 layout-component text-serif-m layout-normal text-serif-m layout-padded\">Det endte med at Lind tok et sabbatshalv\u00e5r, fra januar til juni i 2023. <\/p>\n<p class=\"_paragraph_1bvmi_4 _paragraph_xtcu6_10 layout-component text-serif-m layout-normal text-serif-m layout-padded\"><strong class=\"_strong_1bvmi_25\">Sammen med Filip og barna dro hun ut av landet for \u00e5 hvile ut.<\/strong><\/p>\n<p><img alt=\"\" class=\"_image_qp4xg_65 layout-component layout-normal\" data-fullscreen- data-track-element-type=\"Article image fullscreen\" data-track-name=\"ImageFullscreen\" decoding=\"async\" loading=\"lazy\" height=\"3852\" itemprop=\"image\"  src=\"https:\/\/www.europesays.com\/no\/wp-content\/uploads\/2025\/09\/02aed686-e6bf-4009-8eef-143c1da69f8a\"  style=\"object-position:0% 0%\" width=\"4398\"\/><\/p>\n<p class=\"_paragraph_1bvmi_4 _paragraph_xtcu6_10 layout-component text-serif-m layout-normal text-serif-m layout-padded\">Da hun kom hjem, var det tilbake p\u00e5 jobb p\u00e5 AIS.<\/p>\n<p class=\"_paragraph_1bvmi_4 _paragraph_xtcu6_10 layout-component text-serif-m layout-normal text-serif-m layout-padded\">Hvorfor f\u00e5r du deg ikke bare en annen jobb, er sp\u00f8rsm\u00e5l Carley har f\u00e5tt mange ganger.<\/p>\n<p class=\"_paragraph_1bvmi_4 _paragraph_xtcu6_10 layout-component text-serif-m layout-normal text-serif-m layout-padded\">I Norge er det f\u00e5 jobber for engelskspr\u00e5klige l\u00e6rere som henne selv, p\u00e5peker Lind.<\/p>\n<p class=\"_paragraph_1bvmi_4 _paragraph_xtcu6_10 layout-component text-serif-m layout-normal text-serif-m layout-padded\">\u2013 N\u00e5r de som f\u00e5r seg en jobb ved en internasjonal skole, f\u00e5r repetert hvor lett det er \u00e5 erstatte enhver l\u00e6rer, blir mange v\u00e6rende tross arbeids\u00adforholdene, tror hun.<\/p>\n<p class=\"_paragraph_1bvmi_4 _paragraph_xtcu6_10 layout-component text-serif-m layout-normal text-serif-m layout-padded\">Linds norske l\u00e6rerkolleger, derimot, kjenner til sine rettigheter og hva som er normale arbeidsforhold, opplever hun. <\/p>\n<p class=\"_paragraph_1bvmi_4 _paragraph_xtcu6_10 layout-component text-serif-m layout-normal text-serif-m layout-padded\">\u2013 Det har gjort at mange ansatte med norsk bakgrunn har sluttet p\u00e5 skolen etter kort tid.<\/p>\n<p> P\u00e5 tur med Filip f\u00e5r Carley luftet tankene etter opplevelsene ved AIS.<img alt=\"\" class=\"_image_qp4xg_65 layout-component layout-fullscreen\" data-fullscreen- data-track-element-type=\"Article image fullscreen\" data-track-name=\"ImageFullscreen\" decoding=\"async\" loading=\"lazy\" height=\"5633\" itemprop=\"image\"  src=\"https:\/\/www.europesays.com\/no\/wp-content\/uploads\/2025\/09\/6c076f25-a499-4f21-b97a-ca7aa6320a13\"  style=\"object-position:54.50066577896139% 30.61423752884786%\" width=\"3755\"\/><\/p>\n<p class=\"_paragraph_1bvmi_4 _paragraph_xtcu6_10 layout-component text-serif-m layout-normal text-serif-m layout-padded\">Da hun gikk 100 prosent sykmeldt fra 8. januar 2024, sendte hun en e-post til rektor Robert Browne der hun forklarte \u00e5rsakene til sykmeldingen. E-posten ble avsluttet slik: <\/p>\n<p class=\"_paragraph_1bvmi_4 _paragraph_xtcu6_10 layout-component text-serif-m layout-normal text-serif-m layout-padded\">\u00abJeg er b\u00e5de fysisk og mentalt utbrent, og jeg m\u00e5 begynne \u00e5 ta vare p\u00e5 meg selv og familien min n\u00e5.\u00bb <\/p>\n<p class=\"_paragraph_1bvmi_4 _paragraph_xtcu6_10 layout-component text-serif-m layout-normal text-serif-m layout-padded\">Rektoren svarte p\u00e5 alle Linds punkter i brevet \u2013 og fremhevet hvordan han skal ha lagt vekt p\u00e5 \u00e5 v\u00e6re hyggelig mot henne i arbeidsforholdet.<\/p>\n<p class=\"_paragraph_1bvmi_4 _paragraph_xtcu6_10 layout-component text-serif-m layout-normal text-serif-m layout-padded\">E-posten avsluttet han slik: <\/p>\n<p class=\"_paragraph_1bvmi_4 _paragraph_xtcu6_10 layout-component text-serif-m layout-normal text-serif-m layout-padded\">\u00abDu konkluderer med at ledelsen har v\u00e6rt urettferdig mot deg, noe som vil f\u00e5 meg til \u00e5 tro at det er i din beste interesse \u00e5 vurdere \u00e5 se deg om etter en alternativ jobb.\u00bb<\/p>\n<p><img alt=\"\" class=\"_image_qp4xg_65 layout-component layout-normal\" data-fullscreen- data-track-element-type=\"Article image fullscreen\" data-track-name=\"ImageFullscreen\" decoding=\"async\" loading=\"lazy\" height=\"3867\" itemprop=\"image\"  src=\"https:\/\/www.europesays.com\/no\/wp-content\/uploads\/2025\/09\/ac3baebb-1991-41a4-99ee-f03065ac5485\"  style=\"object-position:0% 0%\" width=\"3867\"\/><\/p>\n<p class=\"_paragraph_1bvmi_4 _paragraph_xtcu6_10 layout-component text-serif-m layout-normal text-serif-m layout-padded\"><strong class=\"_strong_1bvmi_25\">Fortsatt sykmeldte Carley Lind mener dette viser skoleledelsens sanne ansikt:<\/strong><\/p>\n<p class=\"_paragraph_1bvmi_4 _paragraph_xtcu6_10 layout-component text-serif-m layout-normal text-serif-m layout-padded\">\u2013 At han ikke brydde seg i det hele tatt om at mitt velv\u00e6re ble p\u00e5virket av skolen.<strong class=\"_strong_1bvmi_25\"> <\/strong>For meg bekreftet ogs\u00e5 e-posten hans endelige m\u00e5l: At jeg skulle slutte ved AIS.<\/p>\n<p class=\"_paragraph_1bvmi_4 _paragraph_xtcu6_10 layout-component text-serif-m layout-normal text-serif-m layout-padded\">Hverken skolens styreleder Anders Sj\u00f8l\u00f8kken, rektor Robert Browne eller viserektor Mark Cringle vil konkret kommentere p\u00e5standene eller opplevelsene til Carley Lind i denne reportasjen. <\/p>\n<p class=\"_paragraph_1bvmi_4 _paragraph_xtcu6_10 layout-component text-serif-m layout-normal text-serif-m layout-padded\">Sj\u00f8l\u00f8kken\u00a0begrunner dette blant annet med at sp\u00f8rsm\u00e5let om hennes arbeidsmilj\u00f8 ved skolen skal vurderes av retten.<\/p>\n<p class=\"_paragraph_1bvmi_4 _paragraph_xtcu6_10 layout-component text-serif-m layout-normal text-serif-m layout-padded\">\u00abMed bakgrunn i at dette er en sak knyttet til personalmessige forhold og som mest sannsynlig skal behandles av retten, er det ikke naturlig eller riktig av oss \u00e5 kommentere enkeltsp\u00f8rsm\u00e5l eller forh\u00e5nds\u00adprosedere saken i mediene\u00bb, uttaler Sj\u00f8l\u00f8kken til VG.<\/p>\n<p><img alt=\"\" class=\"_image_qp4xg_65 layout-component layout-normal\" data-fullscreen- data-track-element-type=\"Article image fullscreen\" data-track-name=\"ImageFullscreen\" decoding=\"async\" loading=\"lazy\" height=\"4999\" itemprop=\"image\"  src=\"https:\/\/www.europesays.com\/no\/wp-content\/uploads\/2025\/09\/e34a94a4-44db-40f7-8948-c2fffda4b983\"  style=\"object-position:0% 0%\" width=\"4997\"\/><\/p>\n<p class=\"_paragraph_1bvmi_4 _paragraph_xtcu6_10 layout-component text-serif-m layout-normal text-serif-m layout-padded\">\u00abJeg vil ogs\u00e5 understreke at skolen har hatt en veldig stabil og voksende stab med i gjennomsnitt ca. 4 prosent endring \u00e5rlig de siste \u00e5rene. Noe som vi anser som helt normalt p\u00e5 en s\u00e5 stor skole.\u00bb <\/p>\n<p class=\"_paragraph_1bvmi_4 _paragraph_xtcu6_10 layout-component text-serif-m layout-normal text-serif-m layout-padded\">If\u00f8lge Sj\u00f8l\u00f8kken har de aller fleste av de 20 som har sluttet gjennom \u00e5rene, sluttet som f\u00f8lge av nye jobbmuligheter internasjonalt, eller fokus p\u00e5 annen karriere og familie.<\/p>\n<p class=\"_paragraph_1bvmi_4 _paragraph_xtcu6_10 layout-component text-serif-m layout-normal text-serif-m layout-padded\">\u00abVi ved AIS opplever et godt, konstruktivt og effektivt samarbeid mellom v\u00e5re ansatte og ledelsen. Stabiliteten i arbeidsstokken, v\u00e5r lave sykmeldingsprosent og v\u00e5re akademiske resultater er sterke indikatorer p\u00e5 at AIS driftes sv\u00e6rt godt.\u00bb<\/p>\n<p> Frank Ertesv\u00e5g<\/p>\n<p class=\"text-sans-s\">Journalist<\/p>\n<p><img decoding=\"async\" alt=\"Frank Ertesv\u00e5g\" class=\"_image_8qg3d_185\" src=\"https:\/\/www.europesays.com\/no\/wp-content\/uploads\/2025\/09\/77e9adab-9419-475b-b494-fe98c1a693d1\" width=\"480\"\/>     <\/p>\n","protected":false},"excerpt":{"rendered":"Det begynte s\u00e5 lovende. Utadvendte, kanadiske Carley Lind gledet seg til \u00e5 begynne \u00e5 jobbe p\u00e5 den vel&hellip;\n","protected":false},"author":2,"featured_media":25094,"comment_status":"","ping_status":"","sticky":false,"template":"","format":"standard","meta":{"footnotes":""},"categories":[5],"tags":[3991,20,21,24,25,15,19,22,23,3992,17,18,13,30,28,29,14,16,3993,805,26,27,1995,785],"class_list":{"0":"post-25093","1":"post","2":"type-post","3":"status-publish","4":"format-standard","5":"has-post-thumbnail","7":"category-overskrifter","8":"tag-arbeidsmiljo","9":"tag-breaking-news","10":"tag-breakingnews","11":"tag-featured-news","12":"tag-featurednews","13":"tag-headlines","14":"tag-hovedoppslag","15":"tag-latest-news","16":"tag-latestnews","17":"tag-ledelse","18":"tag-main-news","19":"tag-mainnews","20":"tag-news","21":"tag-no","22":"tag-norge","23":"tag-norway","24":"tag-nyheter","25":"tag-overskrifter","26":"tag-ptsd","27":"tag-skole-og-utdanning","28":"tag-top-stories","29":"tag-topstories","30":"tag-vghelseoglivet","31":"tag-vghubben"},"share_on_mastodon":{"url":"","error":""},"_links":{"self":[{"href":"https:\/\/www.europesays.com\/no\/wp-json\/wp\/v2\/posts\/25093","targetHints":{"allow":["GET"]}}],"collection":[{"href":"https:\/\/www.europesays.com\/no\/wp-json\/wp\/v2\/posts"}],"about":[{"href":"https:\/\/www.europesays.com\/no\/wp-json\/wp\/v2\/types\/post"}],"author":[{"embeddable":true,"href":"https:\/\/www.europesays.com\/no\/wp-json\/wp\/v2\/users\/2"}],"replies":[{"embeddable":true,"href":"https:\/\/www.europesays.com\/no\/wp-json\/wp\/v2\/comments?post=25093"}],"version-history":[{"count":0,"href":"https:\/\/www.europesays.com\/no\/wp-json\/wp\/v2\/posts\/25093\/revisions"}],"wp:featuredmedia":[{"embeddable":true,"href":"https:\/\/www.europesays.com\/no\/wp-json\/wp\/v2\/media\/25094"}],"wp:attachment":[{"href":"https:\/\/www.europesays.com\/no\/wp-json\/wp\/v2\/media?parent=25093"}],"wp:term":[{"taxonomy":"category","embeddable":true,"href":"https:\/\/www.europesays.com\/no\/wp-json\/wp\/v2\/categories?post=25093"},{"taxonomy":"post_tag","embeddable":true,"href":"https:\/\/www.europesays.com\/no\/wp-json\/wp\/v2\/tags?post=25093"}],"curies":[{"name":"wp","href":"https:\/\/api.w.org\/{rel}","templated":true}]}}