{"id":251059,"date":"2026-05-29T14:35:23","date_gmt":"2026-05-29T14:35:23","guid":{"rendered":"https:\/\/www.europesays.com\/no\/251059\/"},"modified":"2026-05-29T14:35:23","modified_gmt":"2026-05-29T14:35:23","slug":"nettsamfunn-sjokkerer-statsministeren-jaevla-techselskaper","status":"publish","type":"post","link":"https:\/\/www.europesays.com\/no\/251059\/","title":{"rendered":"Nettsamfunn sjokkerer statsministeren: &#8211; J\u00e6vla techselskaper"},"content":{"rendered":"\n<p class=\"_lead_145nj_2 _lead_6fko5_53 layout-component text-serif-m layout-normal text-serif-l layout-component layout-wide layout-padded _wide_17hqh_1 layout-padded\">Statsminister Jonas Gahr St\u00f8re samlet flere akt\u00f8rer for \u00e5 prate om voldelige ekstreme nettsamfunn.<\/p>\n<p><img alt=\"Jonas Gahr St\u00f8re m\u00f8tte pressen etter m\u00f8tet. Foto: Mathilde Nordskog Sigurdsen \/ VG\" class=\"_image_jw3bv_65 layout-component layout-wide\" data-fullscreen- data-track-element-type=\"Article image fullscreen\" data-track-name=\"ImageFullscreen\" fetchpriority=\"high\" decoding=\"sync\" loading=\"eager\" height=\"692\" itemprop=\"image\"  src=\"https:\/\/www.europesays.com\/no\/wp-content\/uploads\/2026\/05\/ad9e3a89-6c16-342e-baa6-84c03fc1f0af.jpeg\"  style=\"object-position:0% 0%\" width=\"1054\"\/>Jonas Gahr St\u00f8re m\u00f8tte pressen etter m\u00f8tet. Foto: Mathilde Nordskog Sigurdsen \/ VG<\/p>\n<ul aria-hidden=\"true\" class=\"_images_ntbth_112\">\n<li><a class=\"_link_ntbth_117\" href=\"https:\/\/www.vg.no\/forfatter\/eline-hauger\" style=\"z-index:2\" title=\"Eline Hauger\" rel=\"nofollow noopener\" target=\"_blank\"><img alt=\"Bilde av Eline Hauger\" class=\"_image_ntbth_93\" fetchpriority=\"low\" loading=\"lazy\" decoding=\"async\" itemprop=\"image\"  src=\"https:\/\/www.europesays.com\/no\/wp-content\/uploads\/2026\/05\/3dd290e1-4a44-4b56-a5ad-64fb323cd6ac.jpeg\"  width=\"480\"\/><\/a><\/li>\n<li><a class=\"_link_ntbth_117\" href=\"https:\/\/www.vg.no\/forfatter\/mathilde-nordskog-sigurdsen\" style=\"z-index:1\" title=\"Mathilde Nordskog Sigurdsen\" rel=\"nofollow noopener\" target=\"_blank\"><img alt=\"Bilde av Mathilde Nordskog Sigurdsen\" class=\"_image_ntbth_93\" fetchpriority=\"low\" loading=\"lazy\" decoding=\"async\" itemprop=\"image\"  src=\"https:\/\/www.europesays.com\/no\/wp-content\/uploads\/2026\/05\/1780065320_132_89b99694-aca3-47bb-b73d-a89f79e701be.jpeg\"  width=\"480\"\/><\/a><\/li>\n<\/ul>\n<p> Oppdatert fredag 29. mai kl. 16:19    <\/p>\n<ul class=\"_list_145nj_3 _list_64s2r_85 _unordered_145nj_106 text-sans-m\">\n<li class=\"_item_145nj_30\">Statsminister Jonas Gahr St\u00f8re samlet akt\u00f8rer for \u00e5 diskutere voldelige ekstreme nettsamfunn.<\/li>\n<li class=\"_item_145nj_30\">Kripos etterforsker milj\u00f8er som lokker barn til \u00e5 skade seg selv eller andre.<\/li>\n<li class=\"_item_145nj_30\">73 norske straffesaker er tilknyttet disse milj\u00f8ene.<\/li>\n<li class=\"_item_145nj_30\">St\u00f8re understreker viktigheten av forebygging og samarbeid, og vil innf\u00f8re 16-\u00e5rs grense p\u00e5 sosiale medier.<\/li>\n<\/ul>\n<p>Vis mer <\/p>\n<p class=\"_paragraph_145nj_4 _paragraph_6fko5_10 layout-component text-serif-m layout-normal text-serif-m layout-padded\">Siden 2022 har Kripos etterforsket nettsamfunn der barn blir lokket inn og p\u00e5virket til \u00e5 skade seg selv eller andre for underholdning og anerkjennelse.  <\/p>\n<p class=\"_paragraph_145nj_4 _paragraph_6fko5_10 layout-component text-serif-m layout-normal text-serif-m layout-padded\"><a href=\"https:\/\/www.aftenposten.no\/amagasinet\/i\/m0P7Jl\/nettsekten-764-vold-og-overgrep-i-sekten-har-eksplodert-flere-norske-barn-er-naa-blitt-lurt-inn-i-det-ekstreme-miljoeet\" class=\"_link_145nj_39\" rel=\"nofollow noopener\" target=\"_blank\">Aftenposten<\/a> har tidligere skrevet om en ti \u00e5r gammel jente som ble presset til \u00e5 skj\u00e6re bokstaver inn i sin egen hud. Deretter m\u00e5tte hun skrive brukernavnene til nettsamfunnets ledere p\u00e5 veggen i blod. <\/p>\n<p class=\"_paragraph_145nj_4 _paragraph_6fko5_10 layout-component text-serif-m layout-normal text-serif-m layout-padded\">\u2013 Tankene g\u00e5r fort til: \u00abHva om dette hadde v\u00e6rt et barn jeg har ansvar for, som sitter fanget inne i dette, som skader seg selv eller kan ende opp med \u00e5 skade andre?\u00bb forteller statsminister <a href=\"https:\/\/www.vg.no\/tag\/jonas-gahr-stoere?utm_source=vg-article&amp;utm_medium=auto-tagger&amp;utm_campaign=7pq1bK\" class=\"_link_145nj_39\" rel=\"nofollow noopener\" target=\"_blank\">Jonas Gahr St\u00f8re<\/a>.<\/p>\n<p>\u2013 Snakk med barna deres<\/p>\n<p class=\"_paragraph_145nj_4 _paragraph_6fko5_10 layout-component text-serif-m layout-normal text-serif-m layout-padded\">Fredag samlet han akt\u00f8rer fra Kripos, Politiets sikkerhetstjeneste (PST), Helsedirektoratet, Politidirektoratet og Barne-, ungdoms- og familiedirektoratet.<\/p>\n<p class=\"_paragraph_145nj_4 _paragraph_6fko5_10 layout-component text-serif-m layout-normal text-serif-m layout-padded\">Sammen skulle de dr\u00f8fte hvordan man kan samarbeide tettere for \u00e5 hindre at barn blir utsatt for vold p\u00e5 nett. <\/p>\n<p class=\"_paragraph_145nj_4 _paragraph_6fko5_10 layout-component text-serif-m layout-normal text-serif-m layout-padded\">Statsministeren har en klar beskjed til bekymrede foreldre:<\/p>\n<p class=\"_paragraph_145nj_4 _paragraph_6fko5_10 layout-component text-serif-m layout-normal text-serif-m layout-padded\">\u2013 Snakk med barna deres og informer dem p\u00e5 best mulig m\u00e5te.<\/p>\n<p>73 norske straffesaker tilknyttet milj\u00f8et<\/p>\n<p class=\"_paragraph_145nj_4 _paragraph_6fko5_10 layout-component text-serif-m layout-normal text-serif-m layout-padded\">Kristin Kvigne, sjef i Kripos, forklarer at flere av milj\u00f8ene springer ut av et felles internasjonalt nettverk kalt \u00abThe Com\u00bb, der undergruppen \u00ab764\u00bb er blant de mest kjente. <\/p>\n<p class=\"_paragraph_145nj_4 _paragraph_6fko5_10 layout-component text-serif-m layout-normal text-serif-m layout-padded\">Totalt har norsk politi registrert 73 straffesaker med tilknytning til disse milj\u00f8ene.<\/p>\n<p><img alt=\"Kristin Kvigne, sjef i Kripos.  Foto: Mathilde Nordskog Sigurdsen \/ VG\" class=\"_image_jw3bv_65 layout-component layout-normal\" data-fullscreen- data-track-element-type=\"Article image fullscreen\" data-track-name=\"ImageFullscreen\" decoding=\"async\" loading=\"lazy\" height=\"696\" itemprop=\"image\"  src=\"https:\/\/www.europesays.com\/no\/wp-content\/uploads\/2026\/05\/1031a730-d216-3b69-b0cc-2cfabfd2e193.jpeg\"  style=\"object-position:0% 0%\" width=\"1018\"\/>Kristin Kvigne, sjef i Kripos.  Foto: Mathilde Nordskog Sigurdsen \/ VG<\/p>\n<p class=\"_paragraph_145nj_4 _paragraph_6fko5_10 layout-component text-serif-m layout-normal text-serif-m layout-padded\">\u2013 Det er et samfunn som \u00f8nsker \u00e5 gj\u00f8re skade. Bakmennene har ofte en voldsfascinasjon og \u00f8nsker \u00e5 gj\u00f8re skade p\u00e5 andre mennesker.<\/p>\n<p class=\"_paragraph_145nj_4 _paragraph_6fko5_10 layout-component text-serif-m layout-normal text-serif-m layout-padded\">Hun forklarer at det kan g\u00e5 s\u00e5 langt som \u00e5 fremme drap og selvdrap.<\/p>\n<p>Rekruttert gjennom spill<\/p>\n<p class=\"_paragraph_145nj_4 _paragraph_6fko5_10 layout-component text-serif-m layout-normal text-serif-m layout-padded\">I Norge finnes det b\u00e5de unge gjerningspersoner og unge ofre. Kvigne forklarer at m\u00f8rketallene er store.<\/p>\n<p class=\"_paragraph_145nj_4 _paragraph_6fko5_10 layout-component text-serif-m layout-normal text-serif-m layout-padded\">\u2013 Gjerningspersonene er nede i 12-\u00e5rsalderen og opp mot 25 \u00e5r. Det er stort sett gutter, men vi har ogs\u00e5 sett jenter i disse sakene.<\/p>\n<p class=\"_paragraph_145nj_4 _paragraph_6fko5_10 layout-component text-serif-m layout-normal text-serif-m layout-padded\">B\u00e5de gjerningspersoner og ofre kan bli rekruttert gjennom spillplattformer og sosiale medier.<\/p>\n<p class=\"_paragraph_145nj_4 _paragraph_6fko5_10 layout-component text-serif-m layout-normal text-serif-m layout-padded\">Kvigne forklarer at det ofte skjer gjennom spill der man kommuniserer med andre via spillet.  <\/p>\n<p class=\"_paragraph_145nj_4 _paragraph_6fko5_10 layout-component text-serif-m layout-normal text-serif-m layout-padded\">\u2013 Du f\u00e5r en kontakt og s\u00e5 etableres kontakten. Deretter utvikler den seg, og s\u00e5 trekkes du inn i noe du til slutt har vanskeligheter med \u00e5 komme ut av.<\/p>\n<p>Innf\u00f8rer 16-\u00e5rsgrense p\u00e5 sosiale medier<\/p>\n<p class=\"_paragraph_145nj_4 _paragraph_6fko5_10 layout-component text-serif-m layout-normal text-serif-m layout-padded\">Da statsministeren f\u00f8rst fikk lese om dette, forteller han at han ble sjokkert og fikk vondt i magen.<\/p>\n<p class=\"_paragraph_145nj_4 _paragraph_6fko5_10 layout-component text-serif-m layout-normal text-serif-m layout-padded\">Han understreker viktigheten av forebyggende tiltak og viser blant annet til at innf\u00f8ring av 16-\u00e5rsgrense p\u00e5 sosiale medier vil v\u00e6re viktig. <\/p>\n<p class=\"_paragraph_145nj_4 _paragraph_6fko5_10 layout-component text-serif-m layout-normal text-serif-m layout-padded\">I tillegg trekker St\u00f8re frem viktigheten av samarbeid p\u00e5 tvers av verden, og med techselskapene i USA.<\/p>\n<p class=\"_paragraph_145nj_4 _paragraph_6fko5_10 layout-component text-serif-m layout-normal text-serif-m layout-padded\">\u2013 De j\u00e6vla techselskapene, br\u00f8t han ut under m\u00f8tet med Kripos.<\/p>\n<p>Mener techselskapene fraskriver seg ansvar<\/p>\n<p class=\"_paragraph_145nj_4 _paragraph_6fko5_10 layout-component text-serif-m layout-normal text-serif-m layout-padded\">Til VG forklarer St\u00f8re at techselskapene tjener store penger p\u00e5 brukerne sine. <\/p>\n<p class=\"_paragraph_145nj_4 _paragraph_6fko5_10 layout-component text-serif-m layout-normal text-serif-m layout-padded\">Han understreker at de har muligheter til \u00e5 avgrense det som skjer p\u00e5 nett, men at de trekker seg tilbake og fraskriver seg ansvar.<\/p>\n<p class=\"_paragraph_145nj_4 _paragraph_6fko5_10 layout-component text-serif-m layout-normal text-serif-m layout-padded\">\u2013 Dette skjer p\u00e5 deres vakt.<\/p>\n<p>    <img decoding=\"async\" alt=\"Tips oss illustrasjon\" src=\"https:\/\/www.europesays.com\/no\/wp-content\/uploads\/2026\/05\/1780034056_42_pssst-small.webp\"\/>    <\/p>\n<p class=\"title-serif-s\">Har du tips?<\/p>\n<p class=\"text-sans-m\">Send oss informasjon, bilder eller video.<\/p>\n<p>  <a href=\"https:\/\/www.vg.no\/tips-oss\" rel=\"nofollow noopener\" target=\"_blank\"> Tips oss <\/a>      <\/p>\n","protected":false},"excerpt":{"rendered":"Statsminister Jonas Gahr St\u00f8re samlet flere akt\u00f8rer for \u00e5 prate om voldelige ekstreme nettsamfunn. Jonas Gahr St\u00f8re m\u00f8tte&hellip;\n","protected":false},"author":2,"featured_media":251060,"comment_status":"","ping_status":"","sticky":false,"template":"","format":"standard","meta":{"footnotes":"","_share_on_mastodon":"0"},"categories":[10],"tags":[31,20,21,24,25,15,201,1957,22,23,13,30,28,29,14,16,26,27],"class_list":["post-251059","post","type-post","status-publish","format-standard","has-post-thumbnail","category-norge","tag-breaking","tag-breaking-news","tag-breakingnews","tag-featured-news","tag-featurednews","tag-headlines","tag-jonas-gahr-store","tag-kripos","tag-latest-news","tag-latestnews","tag-news","tag-no","tag-norge","tag-norway","tag-nyheter","tag-overskrifter","tag-top-stories","tag-topstories"],"share_on_mastodon":{"url":"https:\/\/pubeurope.com\/@no\/116658368085416639","error":""},"_links":{"self":[{"href":"https:\/\/www.europesays.com\/no\/wp-json\/wp\/v2\/posts\/251059","targetHints":{"allow":["GET"]}}],"collection":[{"href":"https:\/\/www.europesays.com\/no\/wp-json\/wp\/v2\/posts"}],"about":[{"href":"https:\/\/www.europesays.com\/no\/wp-json\/wp\/v2\/types\/post"}],"author":[{"embeddable":true,"href":"https:\/\/www.europesays.com\/no\/wp-json\/wp\/v2\/users\/2"}],"replies":[{"embeddable":true,"href":"https:\/\/www.europesays.com\/no\/wp-json\/wp\/v2\/comments?post=251059"}],"version-history":[{"count":0,"href":"https:\/\/www.europesays.com\/no\/wp-json\/wp\/v2\/posts\/251059\/revisions"}],"wp:featuredmedia":[{"embeddable":true,"href":"https:\/\/www.europesays.com\/no\/wp-json\/wp\/v2\/media\/251060"}],"wp:attachment":[{"href":"https:\/\/www.europesays.com\/no\/wp-json\/wp\/v2\/media?parent=251059"}],"wp:term":[{"taxonomy":"category","embeddable":true,"href":"https:\/\/www.europesays.com\/no\/wp-json\/wp\/v2\/categories?post=251059"},{"taxonomy":"post_tag","embeddable":true,"href":"https:\/\/www.europesays.com\/no\/wp-json\/wp\/v2\/tags?post=251059"}],"curies":[{"name":"wp","href":"https:\/\/api.w.org\/{rel}","templated":true}]}}