{"id":251308,"date":"2026-05-29T18:49:10","date_gmt":"2026-05-29T18:49:10","guid":{"rendered":"https:\/\/www.europesays.com\/no\/251308\/"},"modified":"2026-05-29T18:49:10","modified_gmt":"2026-05-29T18:49:10","slug":"andreas-schjelderup-om-jose-mourinho-sinnssykt-kult","status":"publish","type":"post","link":"https:\/\/www.europesays.com\/no\/251308\/","title":{"rendered":"Andreas Schjelderup om Jos\u00e9 Mourinho: \u2013 Sinnssykt kult"},"content":{"rendered":"\n<p class=\"_lead_145nj_2 _lead_6fko5_53 layout-component text-serif-m layout-normal text-serif-l layout-component layout-wide layout-padded _wide_17hqh_1 layout-padded\">Andreas Schjelderup (21) legger ikke skjul p\u00e5 at det har gjort inntrykk \u00e5 jobbe under Jos\u00e9 Mourinhos ledelse i Benfica. <\/p>\n<p><img alt=\"KLAR FOR VM: Andreas Schjelderup og resten av landslaget har ankommet VM-samlingen. Foto: Hallgeir V\u00e5genes \/ VG\" class=\"_image_jw3bv_65 layout-component layout-wide\" data-fullscreen- data-track-element-type=\"Article image fullscreen\" data-track-name=\"ImageFullscreen\" fetchpriority=\"high\" decoding=\"sync\" loading=\"eager\" height=\"4000\" itemprop=\"image\"  src=\"https:\/\/www.europesays.com\/no\/wp-content\/uploads\/2026\/05\/31ae579c-7360-3fc4-8ea9-e97a8be04a33.jpeg\"  style=\"object-position:0% 0%\" width=\"6000\"\/>KLAR FOR VM: Andreas Schjelderup og resten av landslaget har ankommet VM-samlingen. Foto: Hallgeir V\u00e5genes \/ VGOslo\/Ullevaal Oppdatert fredag 29. mai kl. 20:15    <\/p>\n<ul class=\"_list_145nj_3 _list_64s2r_85 _unordered_145nj_106 text-sans-m\">\n<li class=\"_item_145nj_30\">Andreas Schjelderup (21) f\u00f8ler det er en dr\u00f8m \u00e5 jobbe under trenerlegenden Jos\u00e9 Mourinho i Benfica.<\/li>\n<li class=\"_item_145nj_30\">Schjelderup innr\u00f8mmer at det tok tid \u00e5 bli komfortabel med Mourinho, men han har n\u00e5 f\u00e5tt mer selvtillit.<\/li>\n<li class=\"_item_145nj_30\">Mourinho har gjort Schjelderup til en t\u00f8ffere og mer voksen spiller.<\/li>\n<li class=\"_item_145nj_30\">Den norske spilleren har n\u00e5 fast plass i Benficas startellever.<\/li>\n<li class=\"_item_145nj_30\">Schjelderup var bekymret for VM-plassen da han satt p\u00e5 benken, men det l\u00f8ste seg til slutt.<\/li>\n<\/ul>\n<p>Vis mer <\/p>\n<p class=\"_paragraph_145nj_4 _paragraph_6fko5_10 layout-component text-serif-m layout-normal text-serif-m layout-padded\">Det var i september i fjor at det ble klart at trenerlegenden skulle vende tilbake til hjemlandet for \u00e5 trene Benfica.<\/p>\n<p class=\"_paragraph_145nj_4 _paragraph_6fko5_10 layout-component text-serif-m layout-normal text-serif-m layout-padded\">Der befinner Fredrik Aursnes og <a href=\"https:\/\/www.vg.no\/tag\/andreas-schjelderup?utm_source=vg-article&amp;utm_medium=auto-tagger&amp;utm_campaign=5pLQQb\" class=\"_link_145nj_39\" rel=\"nofollow noopener\" target=\"_blank\">Andreas Schjelderup<\/a> seg.<\/p>\n<p class=\"_paragraph_145nj_4 _paragraph_6fko5_10 layout-component text-serif-m layout-normal text-serif-m layout-padded\">\u2013 Selvf\u00f8lgelig var det sinnssykt kult. Alts\u00e5, det er jo en av de st\u00f8rste trenerlegendene noensinne. Og det \u00e5 kunne f\u00e5 jobbe med han er jo en dr\u00f8m og veldig kult, sier Schjelderup.<\/p>\n<p class=\"_paragraph_145nj_4 _paragraph_6fko5_10 layout-component text-serif-m layout-normal text-serif-m layout-padded\">VG m\u00f8ter ham f\u00f8r mandagens treningskamp mellom Norge og Sverige p\u00e5 Ullevaal. Dagen etter reiser den norske troppen til VM i USA.  <\/p>\n<p>Andreas Schjelderup under trening f\u00f8r treningskampen mot Sverige. Foto: Hallgeir V\u00e5genes \/ VG<\/p>\n<p class=\"_paragraph_145nj_4 _paragraph_6fko5_10 layout-component text-serif-m layout-normal text-serif-m layout-padded\">21-\u00e5ringen forteller at det tok litt tid \u00e5 bli komfortabel med den profilerte treneren.<\/p>\n<p class=\"_paragraph_145nj_4 _paragraph_6fko5_10 layout-component text-serif-m layout-normal text-serif-m layout-padded\">\u2013 Jeg trengte kanskje litt tid til \u00e5 bli vant til det. Men til slutt s\u00e5 ble det en del av hverdagen, og da klarer man \u00e5 slippe seg mer l\u00f8s p\u00e5 trening og f\u00e5 mer selvtillit. Det var en ganske stor prosess egentlig, men det har jo endt godt til slutt.<\/p>\n<p class=\"_paragraph_145nj_4 _paragraph_6fko5_10 layout-component text-serif-m layout-normal text-serif-m layout-padded\">\u2013 Litt starstruck i starten?<\/p>\n<p class=\"_paragraph_145nj_4 _paragraph_6fko5_10 layout-component text-serif-m layout-normal text-serif-m layout-padded\">\u2013 Selvf\u00f8lgelig. Jeg f\u00f8ler fortsatt at jeg kan bli det. Det er vanskelig \u00e5 ikke bli det n\u00e5r man ser hva han har oppn\u00e5dd.<\/p>\n<p class=\"_paragraph_145nj_4 _paragraph_6fko5_10 layout-component text-serif-m layout-normal text-serif-m layout-padded\">Den karismatiske, og til tider kontroversielle, trenerprofilen har den siste tiden blitt kraftig ryktet til sjefsstolen i sin tidligere klubb Real Madrid, og flere medier melder at han er s\u00e5 godt som klar for den spanske giganten. <\/p>\n<p class=\"_paragraph_145nj_4 _paragraph_6fko5_10 layout-component text-serif-m layout-normal text-serif-m layout-padded\">If\u00f8lge <a href=\"https:\/\/www.nytimes.com\/athletic\/7284488\/2026\/05\/29\/jose-mourinho-real-madrid-contract\/\" class=\"_link_145nj_39\" rel=\"nofollow noopener\" target=\"_blank\">The Athletic<\/a> har han allerede signert kontrakten med Madrid-klubben.<\/p>\n<p class=\"_paragraph_145nj_4 _paragraph_6fko5_10 layout-component text-serif-m layout-normal text-serif-m layout-padded\">Schjelderup mener Mourinho har v\u00e6rt med p\u00e5 \u00e5 gj\u00f8re ham til en bedre spiiler.<\/p>\n<p class=\"_paragraph_145nj_4 _paragraph_6fko5_10 layout-component text-serif-m layout-normal text-serif-m layout-padded\">\u2013 Kanskje spesielt det med \u00e5 gj\u00f8re meg til en mer t\u00f8ff og voksen spiller. Han har hjulpet meg med \u00e5 et enormt steg b\u00e5de offensivt og defensivt, og f\u00e5 mer power i spillet mitt s\u00e5nn at man kan holde seg 90 minutter og levere gjennom hele kampen. S\u00e5 jeg f\u00f8ler han har hjulpet meg ekstremt mye der, sier nordlendingen.<\/p>\n<p><img alt=\"ELEV OG TRENER: Andreas Schjelderup trenes til vanlig av den tidligere Manchester United, Chelsea, Real Madrid og Tottenham-treneren Jos\u00e9 Mourinho.  Foto: RITA FRANCA \/ Reuters \/ NTB\" class=\"_image_jw3bv_65 layout-component layout-normal\" data-fullscreen- data-track-element-type=\"Article image fullscreen\" data-track-name=\"ImageFullscreen\" decoding=\"async\" loading=\"lazy\" height=\"2759\" itemprop=\"image\"  src=\"https:\/\/www.europesays.com\/no\/wp-content\/uploads\/2026\/05\/5b81fa16-31c6-320e-a030-a85a95ff3468.jpeg\"  style=\"object-position:0% 0%\" width=\"3918\"\/>ELEV OG TRENER: Andreas Schjelderup trenes til vanlig av den tidligere Manchester United, Chelsea, Real Madrid og Tottenham-treneren Jos\u00e9 Mourinho.  Foto: RITA FRANCA \/ Reuters \/ NTB<\/p>\n<p class=\"_paragraph_145nj_4 _paragraph_6fko5_10 layout-component text-serif-m layout-normal text-serif-m layout-padded\">Den tidligere Nordsj\u00e6lland-vingen fikk en t\u00f8ff start p\u00e5 Portugal-karrieren, men har siden januar h\u00f8stet stor tillit. Prestasjonene har skutt i v\u00e6ret, og han har v\u00e6rt s\u00e5 godt som fast i Benficas startellever.<\/p>\n<p class=\"_paragraph_145nj_4 _paragraph_6fko5_10 layout-component text-serif-m layout-normal text-serif-m layout-padded\">En tilv\u00e6relse Schjelderup nyter godt av.<\/p>\n<p class=\"_paragraph_145nj_4 _paragraph_6fko5_10 layout-component text-serif-m layout-normal text-serif-m layout-padded\">\u2013 Nei, alts\u00e5, det at man han har jobbet hardt over lang tid og kanskje ikke f\u00e5tt s\u00e5 mye spilletid som man har \u00f8nsket, har v\u00e6rt kjedelig. S\u00e5 det \u00e5 kunne spille \u00abweek in and week out\u00bb har v\u00e6rt veldig deilig, forteller han.<\/p>\n<p><img alt=\"HAR MARKERT SEG: Andreas Schjelderup har markert seg med flere m\u00e5lpoeng den siste tiden i Benfica.  Foto: MIGUEL A. LOPES \/ EPA \/ NTB\" class=\"_image_jw3bv_65 layout-component layout-normal\" data-fullscreen- data-track-element-type=\"Article image fullscreen\" data-track-name=\"ImageFullscreen\" decoding=\"async\" loading=\"lazy\" height=\"2877\" itemprop=\"image\"  src=\"https:\/\/www.europesays.com\/no\/wp-content\/uploads\/2026\/05\/e7e5a9eb-8ef7-38ef-acf4-36bf4193a274.jpeg\"  style=\"object-position:0% 0%\" width=\"4315\"\/>HAR MARKERT SEG: Andreas Schjelderup har markert seg med flere m\u00e5lpoeng den siste tiden i Benfica.  Foto: MIGUEL A. LOPES \/ EPA \/ NTB<\/p>\n<p class=\"_paragraph_145nj_4 _paragraph_6fko5_10 layout-component text-serif-m layout-normal text-serif-m layout-padded\">Han innr\u00f8mmer imidlertid at han var litt bekymret for VM-plassen da han satt p\u00e5 benken.<\/p>\n<p class=\"_paragraph_145nj_4 _paragraph_6fko5_10 layout-component text-serif-m layout-normal text-serif-m layout-padded\">\u2013 Det var jo en periode der jeg ikke spilte s\u00e5 mye, og jeg hadde masse samtaler med St\u00e5le om VM. Og selvf\u00f8lgelig ville jeg jo v\u00e6re med og bidra her, s\u00e5 det hadde jeg jo bak i hodet hele veien, forteller han.<\/p>\n<p class=\"_paragraph_145nj_4 _paragraph_6fko5_10 layout-component text-serif-m layout-normal text-serif-m layout-padded\">\u2013 Da jeg hadde den perioden der, s\u00e5 begynte jeg \u00e5 tenke litt. Det er jo naturlig. Men heldigvis l\u00f8ste alt seg, og alt gikk bra.<\/p>\n","protected":false},"excerpt":{"rendered":"Andreas Schjelderup (21) legger ikke skjul p\u00e5 at det har gjort inntrykk \u00e5 jobbe under Jos\u00e9 Mourinhos ledelse&hellip;\n","protected":false},"author":2,"featured_media":251309,"comment_status":"","ping_status":"","sticky":false,"template":"","format":"standard","meta":{"footnotes":"","_share_on_mastodon":"0"},"categories":[59],"tags":[4761,4472,3163,3705,30,28,29,6096,83,82],"class_list":["post-251308","post","type-post","status-publish","format-standard","has-post-thumbnail","category-sport","tag-andreas-schjelderup","tag-fotball-vm","tag-herrelandslaget-fotball","tag-jose-mourinho","tag-no","tag-norge","tag-norway","tag-sl-benfica","tag-sport","tag-sports"],"share_on_mastodon":{"url":"https:\/\/pubeurope.com\/@no\/116659367012342038","error":""},"_links":{"self":[{"href":"https:\/\/www.europesays.com\/no\/wp-json\/wp\/v2\/posts\/251308","targetHints":{"allow":["GET"]}}],"collection":[{"href":"https:\/\/www.europesays.com\/no\/wp-json\/wp\/v2\/posts"}],"about":[{"href":"https:\/\/www.europesays.com\/no\/wp-json\/wp\/v2\/types\/post"}],"author":[{"embeddable":true,"href":"https:\/\/www.europesays.com\/no\/wp-json\/wp\/v2\/users\/2"}],"replies":[{"embeddable":true,"href":"https:\/\/www.europesays.com\/no\/wp-json\/wp\/v2\/comments?post=251308"}],"version-history":[{"count":0,"href":"https:\/\/www.europesays.com\/no\/wp-json\/wp\/v2\/posts\/251308\/revisions"}],"wp:featuredmedia":[{"embeddable":true,"href":"https:\/\/www.europesays.com\/no\/wp-json\/wp\/v2\/media\/251309"}],"wp:attachment":[{"href":"https:\/\/www.europesays.com\/no\/wp-json\/wp\/v2\/media?parent=251308"}],"wp:term":[{"taxonomy":"category","embeddable":true,"href":"https:\/\/www.europesays.com\/no\/wp-json\/wp\/v2\/categories?post=251308"},{"taxonomy":"post_tag","embeddable":true,"href":"https:\/\/www.europesays.com\/no\/wp-json\/wp\/v2\/tags?post=251308"}],"curies":[{"name":"wp","href":"https:\/\/api.w.org\/{rel}","templated":true}]}}