{"id":25143,"date":"2025-09-02T17:31:17","date_gmt":"2025-09-02T17:31:17","guid":{"rendered":"https:\/\/www.europesays.com\/no\/25143\/"},"modified":"2025-09-02T17:31:17","modified_gmt":"2025-09-02T17:31:17","slug":"jeg-kommer-til-a-gi-en-lang-forklaring","status":"publish","type":"post","link":"https:\/\/www.europesays.com\/no\/25143\/","title":{"rendered":"\u2013 Jeg kommer til \u00e5 gi en lang forklaring"},"content":{"rendered":"\n<p class=\"_paragraph_1bvmi_4 _paragraph_xtcu6_10 layout-component text-serif-m layout-normal text-serif-m layout-padded\">Like etter klokken 09 ankommer Arfan Bhatti rettslokalet. <\/p>\n<p class=\"_paragraph_1bvmi_4 _paragraph_xtcu6_10 layout-component text-serif-m layout-normal text-serif-m layout-padded\">48-\u00e5ringen har m\u00f8tt opp i bl\u00e5 skjorte og genser, og har barbert skjegget. Han smiler mens han snakker med forsvarer John Christian Elden. <\/p>\n<p class=\"_paragraph_1bvmi_4 _paragraph_xtcu6_10 layout-component text-serif-m layout-normal text-serif-m layout-padded\">Bhatti rister p\u00e5 hodet n\u00e5r pressen sp\u00f8r om han vil svare p\u00e5 sp\u00f8rsm\u00e5l f\u00f8r rettssaken begynner.<\/p>\n<p class=\"_paragraph_1bvmi_4 _paragraph_xtcu6_10 layout-component text-serif-m layout-normal text-serif-m layout-padded\">\u2013 Erkjenner du straffskyld, sp\u00f8r tingrettsdommer Kim Heger.<\/p>\n<p class=\"_paragraph_1bvmi_4 _paragraph_xtcu6_10 layout-component text-serif-m layout-normal text-serif-m layout-padded\">\u2013 Nei, overhodet ikke, svarer Bhatti.<\/p>\n<p><img alt=\"Retten ledes av tingrettsdommer Kim Heger.  Foto: Ola Haram \/ VG\" class=\"_image_qp4xg_65 layout-component layout-normal\" data-fullscreen- data-track-element-type=\"Article image fullscreen\" data-track-name=\"ImageFullscreen\" decoding=\"async\" loading=\"lazy\" height=\"4480\" itemprop=\"image\"  src=\"https:\/\/www.europesays.com\/no\/wp-content\/uploads\/2025\/09\/c9585509-67a7-451f-9847-e794fd22b8a6\"  style=\"object-position:0% 0%\" width=\"6720\"\/>Retten ledes av tingrettsdommer Kim Heger.  Foto: Ola Haram \/ VGVil forklare seg<\/p>\n<p class=\"_paragraph_1bvmi_4 _paragraph_xtcu6_10 layout-component text-serif-m layout-normal text-serif-m layout-padded\"><strong class=\"_strong_1bvmi_25\">\u2013 Jeg kommer til \u00e5 gi en lang forklaring. Antakeligvis, sier Bhatti p\u00e5 direkte sp\u00f8rsm\u00e5l fra dommer Kim Heger.<\/strong><\/p>\n<p class=\"_paragraph_1bvmi_4 _paragraph_xtcu6_10 layout-component text-serif-m layout-normal text-serif-m layout-padded\">Bhatti mener at han ikke har noen hovedmannsrolle i angrepet mot Per p\u00e5 Hj\u00f8rnet og London pub, under Pride-feiringen i 2022. <\/p>\n<p class=\"_paragraph_1bvmi_4 _paragraph_xtcu6_10 layout-component text-serif-m layout-normal text-serif-m layout-padded\">\u2013 Det blir viktig for oss \u00e5 se om vi f\u00e5r noe mer ut av Zaniar Matapour, som er d\u00f8mt uten \u00e5 forklare seg. Hvis han kan forklare hva som har skjedd vil det hjelpe mye i denne saken, sier Elden. <\/p>\n<p>Foto: J\u00f8rgen Braastad \/ VG<\/p>\n<p class=\"_paragraph_1bvmi_4 _paragraph_xtcu6_10 layout-component text-serif-m layout-normal text-serif-m layout-padded\"><strong class=\"_strong_1bvmi_25\">To mennesker ble drept da Zaniar Matapour gikk til angrep mot utestedene. Ni andre ble skuddskadet.<\/strong><\/p>\n<p class=\"_paragraph_1bvmi_4 _paragraph_xtcu6_10 layout-component text-serif-m layout-normal text-serif-m layout-padded\">Bhatti er tiltalt for \u00e5 ha medvirket til planleggingen av angrepet. If\u00f8lge tiltalen skal han ha hjulpet til med \u00e5 skaffe v\u00e5pen og opprettet kontakt med det han <a href=\"https:\/\/www.vg.no\/spesial\/2023\/terrorchatten\/\" class=\"_link_1bvmi_39\" rel=\"nofollow noopener\" target=\"_blank\">trodde var en representant for Den islamske staten<\/a>. <\/p>\n<p class=\"_paragraph_1bvmi_4 _paragraph_xtcu6_10 layout-component text-serif-m layout-normal text-serif-m layout-padded\">Men dette er bare siste kapittel i en lang kriminell l\u00f8pebane.<\/p>\n<p>   Knivstakk kioskeier<\/p>\n<p class=\"_paragraph_1bvmi_4 _paragraph_xtcu6_10 layout-component text-serif-m layout-normal text-serif-m layout-padded\">Bhattis f\u00f8rste m\u00f8te med rettssystemet kom da han var bare 16 \u00e5r gammel. Som ten\u00e5ring hadde han r\u00f8mt hjemmefra og gikk inn i en kolonialforretning p\u00e5 Bislett med en stor kj\u00f8kkenkniv festet i et b\u00e5nd rundt leggen.<\/p>\n<p class=\"_paragraph_1bvmi_4 _paragraph_xtcu6_10 layout-component text-serif-m layout-normal text-serif-m layout-padded\">Han hentet seg en flaske brus. Da han og butikkeieren ble alene, gikk Bhatti bak disken og slo brusflasken av glass i hodet p\u00e5 mannen. S\u00e5 tok han frem kj\u00f8kkenkniven og stakk innehaveren flere ganger i brystet og magen.<\/p>\n<p class=\"_paragraph_1bvmi_4 _paragraph_xtcu6_10 layout-component text-serif-m layout-normal text-serif-m layout-padded\">Deretter satte 15-\u00e5rige Bhatti seg p\u00e5 <a href=\"https:\/\/www.vg.no\/nyheter\/i\/kE3LdX\/dette-er-arfan-bhatti\" data-track-element-type=\"Link\" data-track-id=\"link:kE3LdX\" class=\"_link_1bvmi_39\" rel=\"nofollow noopener\" target=\"_blank\">disken og spiste en sjokolade<\/a>.<\/p>\n<p class=\"_paragraph_1bvmi_4 _paragraph_xtcu6_10 layout-component text-serif-m layout-normal text-serif-m layout-padded\">\u2013 Bhatti gikk fra \u00e5 v\u00e6re barnevernsbarn til ungdomskriminell. Bare 15 \u00e5r gammel havnet han i Oslo fengsel og m\u00f8tte hardbarkede kriminelle, har hans forsvarer gjennom en \u00e5rrekke, John Christian Elden, tidligere uttalt til VG.<\/p>\n<p><img alt=\"En ansatt ble knivstukket under et ran av dagligvareforretning p\u00e5 Bislett i 1994.  Foto: Helge Mikalsen \/ VG\" class=\"_image_qp4xg_65 layout-component layout-normal\" data-fullscreen- data-track-element-type=\"Article image fullscreen\" data-track-name=\"ImageFullscreen\" decoding=\"async\" loading=\"lazy\" height=\"3657\" itemprop=\"image\"  src=\"https:\/\/www.europesays.com\/no\/wp-content\/uploads\/2025\/09\/b6b1c2b8-723d-43a5-bd85-83af46adb572\"  style=\"object-position:0% 0%\" width=\"5579\"\/>En ansatt ble knivstukket under et ran av dagligvareforretning p\u00e5 Bislett i 1994.  Foto: Helge Mikalsen \/ VGTorpedooppdrag og synagoge-skyting<\/p>\n<p class=\"_paragraph_1bvmi_4 _paragraph_xtcu6_10 layout-component text-serif-m layout-normal text-serif-m layout-padded\">Norsk-pakistaneren hadde sine f\u00f8rste \u00e5r i Pakistan, men flyttet til Oslo i skolealder. Etter knivstikkingen som ten\u00e5ring fortsatte den kriminelle l\u00f8pebanen.<\/p>\n<p class=\"_paragraph_1bvmi_4 _paragraph_xtcu6_10 layout-component text-serif-m layout-normal text-serif-m layout-padded\">I 1998 ble Bhatti id\u00f8mt sikringsikringEn gammel strafferettslig reaksjon som kunne p\u00e5legges personer som anses som farlige, og som inneb\u00e6rer at de kan holdes i forvaring for \u00e5 beskytte samfunnet. I dag er dette endret til forvaring.  i H\u00f8yesterett etter \u00e5 ha skutt en person under et torpedooppdrag.<\/p>\n<p class=\"_paragraph_1bvmi_4 _paragraph_xtcu6_10 layout-component text-serif-m layout-normal text-serif-m layout-padded\"><strong class=\"_strong_1bvmi_25\">Men det var i 2006 at Bhatti for alvor kom p\u00e5 politiets radar.<\/strong><\/p>\n<p class=\"_paragraph_1bvmi_4 _paragraph_xtcu6_10 layout-component text-serif-m layout-normal text-serif-m layout-padded\">Det \u00e5ret ble han siktet sammen med tre andre for \u00e5 ha skutt med automatv\u00e5pen mot synagogen i Oslo. De var ogs\u00e5 siktet for \u00e5 ha planlagt \u00e5 sprenge den amerikanske og den israelske ambassaden.<\/p>\n<p class=\"_paragraph_1bvmi_4 _paragraph_xtcu6_10 layout-component text-serif-m layout-normal text-serif-m layout-padded\">I 2008 ble han d\u00f8mt for medvirkning til skadeverk p\u00e5 synagogen, men frikjent for tiltalepunktet om terrorplanlegging. <\/p>\n<p><img alt=\"RETTSM\u00d8TE: \u00c5ret er 2008 og Arfan Bhatti har m\u00f8tt i Oslo tingrett som tiltalt for terrorplanlegging, noe han senere ble frikjent for.  Foto: Foto: Sara Johannessen, NTB scanpix\" class=\"_image_qp4xg_65 layout-component layout-normal\" data-fullscreen- data-track-element-type=\"Article image fullscreen\" data-track-name=\"ImageFullscreen\" decoding=\"async\" loading=\"lazy\" height=\"460\" itemprop=\"image\"  src=\"https:\/\/www.europesays.com\/no\/wp-content\/uploads\/2025\/09\/1371d5c9-18f7-4c7b-855f-b33d72a21095\"  style=\"object-position:0% 0%\" width=\"652\"\/>RETTSM\u00d8TE: \u00c5ret er 2008 og Arfan Bhatti har m\u00f8tt i Oslo tingrett som tiltalt for terrorplanlegging, noe han senere ble frikjent for.  Foto: Foto: Sara Johannessen, NTB scanpixKarikaturer og \u00abd\u00f8d over USA\u00bb<\/p>\n<p class=\"_paragraph_1bvmi_4 _paragraph_xtcu6_10 layout-component text-serif-m layout-normal text-serif-m layout-padded\">I 2010 organiserte han en massemobilisering mot Dagbladets trykking av Muhammed-karikaturer. <\/p>\n<p class=\"_paragraph_1bvmi_4 _paragraph_xtcu6_10 layout-component text-serif-m layout-normal text-serif-m layout-padded\">Men neste gang Bhatti for alvor kom i offentlighetens s\u00f8kelys, var da han fremsto som en lederskikkelse og midtpunkt i den ekstreme islamistiske gruppen Profetens Ummah. Utenfor USAs ambassade i Drammensveien ble det ropt \u00abd\u00f8d over USA\u00bb<\/p>\n<p><img alt=\"DEMONSTRERTE: Arfan Bhatti (37) deltok i 2012 i en demonstrasjon utenfor USAs ambassade i Oslo. I bakgrunnen Bastian Alexis Vasquez, senere kjent som en IS-kriger.  Foto: Foto: Trond Solberg, VG\" class=\"_image_qp4xg_65 layout-component layout-normal\" data-fullscreen- data-track-element-type=\"Article image fullscreen\" data-track-name=\"ImageFullscreen\" decoding=\"async\" loading=\"lazy\" height=\"434\" itemprop=\"image\"  src=\"https:\/\/www.europesays.com\/no\/wp-content\/uploads\/2025\/09\/55fbe90d-cd0f-4a8d-ae1a-b3743cff9545\"  style=\"object-position:0% 0%\" width=\"652\"\/>DEMONSTRERTE: Arfan Bhatti (37) deltok i 2012 i en demonstrasjon utenfor USAs ambassade i Oslo. I bakgrunnen Bastian Alexis Vasquez, senere kjent som en IS-kriger.  Foto: Foto: Trond Solberg, VG<\/p>\n<p class=\"_paragraph_1bvmi_4 _paragraph_xtcu6_10 layout-component text-serif-m layout-normal text-serif-m layout-padded\">Senere samme \u00e5r reiste han til Pakistan. Utover h\u00f8sten dukket det opp bilder fra grenseomr\u00e5dene til Afghanistan der han poserte med automatv\u00e5pen.<\/p>\n<p>Fengslet i Pakistan<\/p>\n<p class=\"_paragraph_1bvmi_4 _paragraph_xtcu6_10 layout-component text-serif-m layout-normal text-serif-m layout-padded\">I februar 2013 ble Bhatti etterlyst i forbindelse med en familievoldssak. Han ble p\u00e5grepet av Pakistans etterretningstjeneste ISI og d\u00f8mt til seks \u00e5rs fengsel for \u00e5 ha hatt kontakt med Taliban.<\/p>\n<p><img alt=\"V\u00c5PEN: Arfan Bhatti. Dette er bilder som ble distribuert i de islamistiske grupperingene p\u00e5 internett i november 2011.  Foto: Privat\" class=\"_image_qp4xg_65 layout-component layout-normal\" data-fullscreen- data-track-element-type=\"Article image fullscreen\" data-track-name=\"ImageFullscreen\" decoding=\"async\" loading=\"lazy\" height=\"720\" itemprop=\"image\"  src=\"https:\/\/www.europesays.com\/no\/wp-content\/uploads\/2025\/09\/1ea6ee4c-19f3-4c03-9e2a-20156df55fda\"  style=\"object-position:0% 0%\" width=\"960\"\/>V\u00c5PEN: Arfan Bhatti. Dette er bilder som ble distribuert i de islamistiske grupperingene p\u00e5 internett i november 2011.  Foto: Privat<\/p>\n<p class=\"_paragraph_1bvmi_4 _paragraph_xtcu6_10 layout-component text-serif-m layout-normal text-serif-m layout-padded\">Mens Bhatti var savnet i Pakistan, traff VG hans far i den lille landsbyen Aali i Gujrat-distriktet i Punjab. Faren fortalte at familien ford\u00f8mte Bhattis radikalisering, men fryktet at han var blitt rekruttert til et ekstremt milj\u00f8.<\/p>\n<p class=\"_paragraph_1bvmi_4 _paragraph_xtcu6_10 layout-component text-serif-m layout-normal text-serif-m layout-padded\">Da kom han tilbake til Norge, der politiet m\u00f8tte ham p\u00e5 Gardermoen. Han var siktet for familievold i forbindelse med undervisning i Koranen.<\/p>\n<p class=\"_paragraph_1bvmi_4 _paragraph_xtcu6_10 layout-component text-serif-m layout-normal text-serif-m layout-padded\">Dette ble han senere d\u00f8mt til ti m\u00e5neder fengsel for, hvor av fire var betinget.<\/p>\n<p><img alt=\"D\u00d8MT: Zaniar Matapour ble i 2024 d\u00f8mt for terror.   Foto: Hallgeir V\u00e5genes \/ VG\" class=\"_image_qp4xg_65 layout-component layout-normal\" data-fullscreen- data-track-element-type=\"Article image fullscreen\" data-track-name=\"ImageFullscreen\" decoding=\"async\" loading=\"lazy\" height=\"3682\" itemprop=\"image\"  src=\"https:\/\/www.europesays.com\/no\/wp-content\/uploads\/2025\/09\/59e00ea7-ee9c-4a35-9f86-60b2d27d52d1\"  style=\"object-position:0% 0%\" width=\"5523\"\/>D\u00d8MT: Zaniar Matapour ble i 2024 d\u00f8mt for terror.   Foto: Hallgeir V\u00e5genes \/ VGKontakt med terroristen<\/p>\n<p class=\"_paragraph_1bvmi_4 _paragraph_xtcu6_10 layout-component text-serif-m layout-normal text-serif-m layout-padded\">42 \u00e5r gamle Zaniar Matapour ble p\u00e5grepet og siktet for skytingen i Oslo 25. juni 2022. Han hadde to m\u00e5neder tidligere blitt stoppet av politiet <a href=\"https:\/\/www.vg.no\/nyheter\/i\/0Qk356\/politiet-foer-terroren-mente-bhatti-og-matapour-forfulgte-sian-leder\" data-track-element-type=\"Link\" data-track-id=\"link:0Qk356\" class=\"_link_1bvmi_39\" rel=\"nofollow noopener\" target=\"_blank\">i en bil sammen med Bhatti<\/a> i forbindelse med en SIAN-demonstrasjon.<\/p>\n<p class=\"_paragraph_1bvmi_4 _paragraph_xtcu6_10 layout-component text-serif-m layout-normal text-serif-m layout-padded\">Dobbeltdrapsmann Matapour og Bhatti har ogs\u00e5 v\u00e6rt i samme WhatsApp-gruppe.<\/p>\n<p>Brennende prideflagg<\/p>\n<p class=\"_paragraph_1bvmi_4 _paragraph_xtcu6_10 layout-component text-serif-m layout-normal text-serif-m layout-padded\">14. juni \u2013 elleve dager f\u00f8r terrorangrepet publiserte Bhatti et bilde av et brennende Pride-flagg som bakgrunnsbilde p\u00e5 sin Facebook-profil, sammen med en arabisk tekst.<\/p>\n<p class=\"_paragraph_1bvmi_4 _paragraph_xtcu6_10 layout-component text-serif-m layout-normal text-serif-m layout-padded\">VG fikk teksten oversatt og forklart av terrorforsker Thomas Hegghammer:<\/p>\n<p class=\"_paragraph_1bvmi_4 _paragraph_xtcu6_10 layout-component text-serif-m layout-normal text-serif-m layout-padded\">\u2013 Hvis dere finner en som beg\u00e5r Luts folks gjerning, s\u00e5 drep ham som utf\u00f8rer den og den den blir utf\u00f8rt p\u00e5.<\/p>\n<p class=\"_paragraph_1bvmi_4 _paragraph_xtcu6_10 layout-component text-serif-m layout-normal text-serif-m layout-padded\">\u00abLut folks gjerning\u00bb kan oversettes til seksuell omgang mellom to menn. Dermed kan teksten forst\u00e5s som et budskap om at homofile b\u00f8r drepes, forklarte Hegghammer til VG i 2022.<\/p>\n<p class=\"_paragraph_1bvmi_4 _paragraph_xtcu6_10 layout-component text-serif-m layout-normal text-serif-m layout-padded\">Etter at flere norske medier omtalte profilbildet, ble det fjernet.<\/p>\n<p class=\"_paragraph_1bvmi_4 _paragraph_xtcu6_10 layout-component text-serif-m layout-normal text-serif-m layout-padded\">Publiseringen p\u00e5 Facebook-profilen var \u00e5pent tilgjengelig for alle, men ble ikke plukket opp av PST f\u00f8r Etterretningstjenesten fant det og fortalte om det til PST, <a href=\"https:\/\/www.vg.no\/nyheter\/i\/0Q0xo6\/opplysninger-til-vg-pst-fant-ikke-bhattis-brennende-pride-flagg-fikk-bildet-timer-foer-terroren\" data-track-element-type=\"Link\" data-track-id=\"link:0Q0xo6\" class=\"_link_1bvmi_39\" rel=\"nofollow noopener\" target=\"_blank\">bare timer f\u00f8r Matapour gikk til angrep i Oslo<\/a>.<\/p>\n<p><img alt=\"VENNER: Arfan Bhatti og Zaniar Matapour.  Foto: Politiet \/ Privat\" class=\"_image_qp4xg_65 layout-component layout-normal\" data-fullscreen- data-track-element-type=\"Article image fullscreen\" data-track-name=\"ImageFullscreen\" decoding=\"async\" loading=\"lazy\" height=\"1700\" itemprop=\"image\"  src=\"https:\/\/www.europesays.com\/no\/wp-content\/uploads\/2025\/09\/01aae12d-223d-4f0d-b06b-80493be321d4\"  style=\"object-position:51.05882352941177% 46.32352941176471%\" width=\"2550\"\/>VENNER: Arfan Bhatti og Zaniar Matapour.  Foto: Politiet \/ PrivatTiltalen: Planla terrorangrepet<\/p>\n<p class=\"_paragraph_1bvmi_4 _paragraph_xtcu6_10 layout-component text-serif-m layout-normal text-serif-m layout-padded\">If\u00f8lge tiltalen deltok Bhatti i planleggingen av terrorhandlingen sammen med Matapour, og ga ham bistand og st\u00f8tte i forberedelsene.<\/p>\n<p class=\"_paragraph_1bvmi_4 _paragraph_xtcu6_10 layout-component text-serif-m layout-normal text-serif-m layout-padded\">Forut for at Matapour avla troskapsedentroskapsedenEn ed der en person lover lojalitet til en organisasjon eller leder, ofte brukt i sammenheng med terrorgrupper. til IS, ble det inng\u00e5tt avtale mellom ham og Bhatti om at sistnevnte skulle s\u00f8rge for at denne ble videresendt til IS, if\u00f8lge tiltalen. <\/p>\n<p class=\"_paragraph_1bvmi_4 _paragraph_xtcu6_10 layout-component text-serif-m layout-normal text-serif-m layout-padded\">Bhatti mottok troskapseden fra Matapour via krypterte kommunikasjonsplattformer 25. juni 2022 f\u00f8r angrepet fant sted. <\/p>\n<p class=\"_paragraph_1bvmi_4 _paragraph_xtcu6_10 layout-component text-serif-m layout-normal text-serif-m layout-padded\"><strong class=\"_strong_1bvmi_25\">Dagen etter angrepet videresendte Bhatti denne, sammen med et foto av passet til Matapour, til det han trodde var en representant for IS, men i realiteten var <a href=\"https:\/\/www.vg.no\/nyheter\/i\/9zqojw\/hemmelig-agent-fikk-terrorvarsel-foer-pride-skyting\" data-track-element-type=\"Link\" data-track-id=\"link:9zqojw\" class=\"_link_1bvmi_39\" rel=\"nofollow noopener\" target=\"_blank\">en agent for E-tjenesten<\/a>.<\/strong><\/p>\n<p><img alt=\"KLIKK: V\u00e5pnene Zaniar Matapour brukte under terrorangrepet 25. juli 2022. Maskinpistolen sluttet \u00e5 virke da en israelsk kule ikke avfyrte under angrepet.   Foto: Ola Haram \/ VG\" class=\"_image_qp4xg_65 layout-component layout-normal\" data-fullscreen- data-track-element-type=\"Article image fullscreen\" data-track-name=\"ImageFullscreen\" decoding=\"async\" loading=\"lazy\" height=\"4480\" itemprop=\"image\"  src=\"https:\/\/www.europesays.com\/no\/wp-content\/uploads\/2025\/09\/d8886d46-fa47-4157-82d5-677fe2b4f65b\"  style=\"object-position:0% 0%\" width=\"6720\"\/>KLIKK: V\u00e5pnene Zaniar Matapour brukte under terrorangrepet 25. juli 2022. Maskinpistolen sluttet \u00e5 virke da en israelsk kule ikke avfyrte under angrepet.   Foto: Ola Haram \/ VGNye terrorplaner<\/p>\n<p class=\"_paragraph_1bvmi_4 _paragraph_xtcu6_10 layout-component text-serif-m layout-normal text-serif-m layout-padded\">I samtalene med E-tjenesten skal Bhatti ha foresl\u00e5tt \u00e5 gjennomf\u00f8re terrorhandlinger i Pakistan og i Norge, blant annet ved angrep mot den norske ambassaden i Islamabad og mot familien til Jens Stoltenberg, og ved \u00e5 <a href=\"https:\/\/www.vg.no\/nyheter\/i\/O8Ea3l\/opplysninger-til-vg-om-arfan-bhatti-snakket-om-aa-ta-norske-journalister-som-gisler\" data-track-element-type=\"Link\" data-track-id=\"link:O8Ea3l\" class=\"_link_1bvmi_39\" rel=\"nofollow noopener\" target=\"_blank\">kidnappe norske journalister<\/a> som ville intervjue ham i Pakistan.<\/p>\n<p class=\"_paragraph_1bvmi_4 _paragraph_xtcu6_10 layout-component text-serif-m layout-normal text-serif-m layout-padded\">If\u00f8lge tiltalen tilb\u00f8d Bhatti seg \u00e5 medvirke til planlegging, forberedelse og gjennomf\u00f8ring av terrorhandlingene, og sa at han var klar til \u00e5 g\u00e5 i gang med dette dersom det var \u00f8nskelig fra IS sin side.<\/p>\n<p class=\"_paragraph_1bvmi_4 _paragraph_xtcu6_10 layout-component text-serif-m layout-normal text-serif-m layout-padded\">Han skal ogs\u00e5 ha tilbudt \u00e5 rekruttere en person til \u00e5 gjennomf\u00f8re angrep med selvmordsvest eller skytev\u00e5pen.<\/p>\n<p class=\"_paragraph_1bvmi_4 _paragraph_xtcu6_10 layout-component text-serif-m layout-normal text-serif-m layout-padded\">Det skal ikke ha blitt inng\u00e5tt avtale om gjennomf\u00f8ring av terrorhandlinger, da agenten for den norske etterretningstjenesten ikke aksepterte Bhattis tilbud og forslag.<\/p>\n<p><img alt=\"APELL: Her fra en demonstrasjon utenfor Stortinget i 2012. Arfan Bhatti holdt en appell mot at norske soldater ble sendt til Afghanistan.  Foto: Frode Hansen \/ VG\" class=\"_image_qp4xg_65 layout-component layout-normal\" data-fullscreen- data-track-element-type=\"Article image fullscreen\" data-track-name=\"ImageFullscreen\" decoding=\"async\" loading=\"lazy\" height=\"3264\" itemprop=\"image\"  src=\"https:\/\/www.europesays.com\/no\/wp-content\/uploads\/2025\/09\/258d1e5e-0b9e-4268-8a47-8b44ad992aa1\"  style=\"object-position:0% 0%\" width=\"4896\"\/>APELL: Her fra en demonstrasjon utenfor Stortinget i 2012. Arfan Bhatti holdt en appell mot at norske soldater ble sendt til Afghanistan.  Foto: Frode Hansen \/ VGForvaring p\u00e5 bordet<\/p>\n<p class=\"_paragraph_1bvmi_4 _paragraph_xtcu6_10 layout-component text-serif-m layout-normal text-serif-m layout-padded\">Statsadvokaten har tatt forbehold om \u00e5 nedlegge p\u00e5stand om forvaringforvaringEn straff der en person kan holdes fengslet p\u00e5 ubestemt tid hvis de anses som en fare for samfunnet. mot Bhatti. Det inneb\u00e6rer at han kan id\u00f8mmes en tidsubestemt straff som forlenges s\u00e5 lenge retten mener han utgj\u00f8r en fare for samfunnet.<\/p>\n<p>    <img decoding=\"async\" alt=\"Tips oss illustrasjon\" width=\"62px\" height=\"auto\" src=\"https:\/\/www.europesays.com\/no\/wp-content\/uploads\/2025\/08\/1754784428_95_W9avJzE.png\"\/>    <\/p>\n<p class=\"title-serif-s\">Har du tips til oss?<\/p>\n<p class=\"text-sans-m\">Send oss informasjon, bilder eller video<\/p>\n<p>  <a href=\"https:\/\/www.vg.no\/tips-oss\" rel=\"nofollow noopener\" target=\"_blank\"> Tips oss <\/a>      <\/p>\n","protected":false},"excerpt":{"rendered":"Like etter klokken 09 ankommer Arfan Bhatti rettslokalet. 48-\u00e5ringen har m\u00f8tt opp i bl\u00e5 skjorte og genser, og&hellip;\n","protected":false},"author":2,"featured_media":25144,"comment_status":"","ping_status":"","sticky":false,"template":"","format":"standard","meta":{"footnotes":""},"categories":[5],"tags":[3983,20,21,24,25,15,19,22,23,17,18,13,30,28,29,14,16,3984,26,27],"class_list":{"0":"post-25143","1":"post","2":"type-post","3":"status-publish","4":"format-standard","5":"has-post-thumbnail","7":"category-overskrifter","8":"tag-arfan-qadeer-bhatti","9":"tag-breaking-news","10":"tag-breakingnews","11":"tag-featured-news","12":"tag-featurednews","13":"tag-headlines","14":"tag-hovedoppslag","15":"tag-latest-news","16":"tag-latestnews","17":"tag-main-news","18":"tag-mainnews","19":"tag-news","20":"tag-no","21":"tag-norge","22":"tag-norway","23":"tag-nyheter","24":"tag-overskrifter","25":"tag-terrorangrepet-under-pride-festivalen","26":"tag-top-stories","27":"tag-topstories"},"share_on_mastodon":{"url":"","error":""},"_links":{"self":[{"href":"https:\/\/www.europesays.com\/no\/wp-json\/wp\/v2\/posts\/25143","targetHints":{"allow":["GET"]}}],"collection":[{"href":"https:\/\/www.europesays.com\/no\/wp-json\/wp\/v2\/posts"}],"about":[{"href":"https:\/\/www.europesays.com\/no\/wp-json\/wp\/v2\/types\/post"}],"author":[{"embeddable":true,"href":"https:\/\/www.europesays.com\/no\/wp-json\/wp\/v2\/users\/2"}],"replies":[{"embeddable":true,"href":"https:\/\/www.europesays.com\/no\/wp-json\/wp\/v2\/comments?post=25143"}],"version-history":[{"count":0,"href":"https:\/\/www.europesays.com\/no\/wp-json\/wp\/v2\/posts\/25143\/revisions"}],"wp:featuredmedia":[{"embeddable":true,"href":"https:\/\/www.europesays.com\/no\/wp-json\/wp\/v2\/media\/25144"}],"wp:attachment":[{"href":"https:\/\/www.europesays.com\/no\/wp-json\/wp\/v2\/media?parent=25143"}],"wp:term":[{"taxonomy":"category","embeddable":true,"href":"https:\/\/www.europesays.com\/no\/wp-json\/wp\/v2\/categories?post=25143"},{"taxonomy":"post_tag","embeddable":true,"href":"https:\/\/www.europesays.com\/no\/wp-json\/wp\/v2\/tags?post=25143"}],"curies":[{"name":"wp","href":"https:\/\/api.w.org\/{rel}","templated":true}]}}