{"id":251445,"date":"2026-05-29T21:02:29","date_gmt":"2026-05-29T21:02:29","guid":{"rendered":"https:\/\/www.europesays.com\/no\/251445\/"},"modified":"2026-05-29T21:02:29","modified_gmt":"2026-05-29T21:02:29","slug":"krim-nettavisen-tiltale-mann-holdt-fanget-i-krypkjeller-slatt-og-dynket-i-diesel","status":"publish","type":"post","link":"https:\/\/www.europesays.com\/no\/251445\/","title":{"rendered":"Krim, Nettavisen | Tiltale: Mann holdt fanget i krypkjeller \u2013 sl\u00e5tt og dynket i diesel"},"content":{"rendered":"\n<p>(<a href=\"https:\/\/www.nettavisen.no\/nyheter\/mann-ble-holdt-fanget-i-krypkjeller-og-dynket-i-diesel\/s\/5-95-3061626\" rel=\"Follow nofollow noopener\" target=\"_blank\">Nettavisen<\/a>): To menn i 40- og 50-\u00e5rene er tiltalt for grov frihetsber\u00f8velse av en annen mann i 50-\u00e5rene som skal ha skjedd 3. desember 2024. If\u00f8lge Nettavisens opplysninger <a href=\"https:\/\/www.nettavisen.no\/nyheter\/mann-kidnappet-tre-menn-siktet-for-grov-frihetsberovelse\/s\/5-95-2341119\" rel=\"Follow nofollow noopener\" target=\"_blank\">ble mannen holdt fanget p\u00e5 en g\u00e5rd i Modum<\/a>, i n\u00e6rmere ett og et halvt d\u00f8gn.<\/p>\n<p>Det skal ha v\u00e6rt tilfeldigheter som gjorde at en person med kjennskap til offeret varslet politiet etter at han ikke dukket opp i et avtalt m\u00f8te, dagen etter frihetsber\u00f8velsen skal ha skjedd.<\/p>\n<p>Dermed skal som er spesialtrent politi, ha aksjonert p\u00e5 g\u00e5rden rundt klokken 05 og f\u00e5tt l\u00f8slatt mannen som ble funnet i en krypkjeller her.<\/p>\n<p>            Dette er frihetsber\u00f8velse i straffeloven<\/p>\n<p>Frihetsber\u00f8velse g\u00e5r under <a href=\"https:\/\/lovdata.no\/lov\/2005-05-20-28\/%C2%A7254\" rel=\"Follow nofollow noopener\" target=\"_self\">paragraf 254<\/a> i straffeloven og heter:<\/p>\n<p>\u00abDen som ved innesperring, bortf\u00f8ring eller p\u00e5 annen m\u00e5te rettsstridig fratar noen friheten, straffes med bot eller fengsel inntil 3 \u00e5r\u00bb.<\/p>\n<p>Grov frihetsber\u00f8velse straffes med fengsel i inntil ti \u00e5r og g\u00e5r under <a href=\"https:\/\/lovdata.no\/lov\/2005-05-20-28\/%C2%A7255\" rel=\"Follow nofollow noopener\" target=\"_self\">paragraf 255<\/a> i straffeloven. <\/p>\n<p>\u00abVed avgj\u00f8relsen av om frihetsber\u00f8velsen er grov skal det s\u00e6rlig legges vekt p\u00e5 dens varighet, om den har voldt ualminnelige lidelser, d\u00f8d eller hatt betydelig skade p\u00e5 kropp eller helse til f\u00f8lge\u00bb. <\/p>\n<p><b>Kilde:<\/b> Lovdata <\/p>\n<p>  Tiltale: Offer fikk diesel over seg og ble sl\u00e5tt i krypkjeller<\/p>\n<p>N\u00e5 er det tatt ut tiltale mot de to mennene, men saken er enn\u00e5 ikke berammet i domstolen.<\/p>\n<p>Innholdet i tiltalen beskriver sv\u00e6rt grove forhold politiet mener skjedde mot mannen som er offer i saken.<\/p>\n<p>If\u00f8lge politiet skal de to tiltalte ha holdt mannen i 50-\u00e5rene innesperret i et hus i n\u00e6rmere ett og et halvt d\u00f8gn. Der skal han ha blitt utsatt for vold og trusler.<\/p>\n<p>Nettavisen er kjent med at offeret ble p\u00e5f\u00f8rt omfattende fysiske skader under frihetsber\u00f8velsen. I tiltalen g\u00e5r det ogs\u00e5 fram at han p\u00e5 et tidspunkt fors\u00f8kte \u00e5 r\u00f8mme, men at dette mislyktes.<\/p>\n<p>\u00abEtter r\u00f8mningsfors\u00f8ket ble han p\u00e5satt strips og holdt innesperret i en krypkjeller som ble spikret igjen. I krypkjelleren ble han utsatt for ytterligere vold, herunder ble han sl\u00e5tt med en eller flere gjenstander, og det ble helt diesel over ham ved flere anledninger\u00bb, st\u00e5r det i tiltalen.<\/p>\n<p>   <img decoding=\"async\" width=\"1131\" height=\"787\" fetchpriority=\"low\"  loading=\"lazy\"  src=\"https:\/\/www.europesays.com\/no\/wp-content\/uploads\/2026\/05\/1780088545_567_Christer Tromsdal ble holdt p%C3%A5 denne g%C3%A5rden i Modum mot sin vilje og mishandlet i rundt et.jpeg\" alt=\"Christer Tromsdal ble holdt p\u00e5 denne g\u00e5rden i Modum mot sin vilje og mishandlet i rundt et d\u00f8gn i begynnelsen av desember 2024. Tre menn er siktet i saken.\" class=\"brick-c-cFOWSL\" style=\"--brick-image-ratio: 1131 \/ 787;\"\/><\/p>\n<p>      Foto: Arild R. Hansen (DT)\n    <\/p>\n<p>  Advokat: Usedvanlig brutal og alvorlig sak<\/p>\n<p>Offerets bistandsadvokat Nicolai Skjerdal er tilbakeholden med \u00e5 gi opplysninger om saken. Men han reagerer sterkt p\u00e5 det han mener hans klient er blitt utsatt for.<\/p>\n<p>\u2013 Dette er en usedvanlig brutal og alvorlig sak. Det er godt at den n\u00e5 f\u00e5r sin behandling i rettsapparatet, sier Skjerdal til Nettavisen.<\/p>\n<p>\u2013 Det min klient er blitt utsatt for, preger ham fortsatt. Han vil redegj\u00f8re for detaljene i retten.<\/p>\n<p><b>Nettavisen trenger tips fra publikum. Her kan du tipse v\u00e5r journalist p\u00e5 <a href=\"https:\/\/www.dt.no\/tiltale-mann-holdt-fanget-i-krypkjeller-slatt-og-dynket-i-diesel\/s\/mailto:farid.ighoubah@nettavisen.no\" rel=\"Follow nofollow noopener\" target=\"_blank\">mail<\/a>, eller gj\u00f8re henvendelser gjennom kryptert kommunikasjon p\u00e5<a href=\"https:\/\/signal.me\/#p\/+4745455545\" rel=\"Follow nofollow noopener\" target=\"_blank\"> Signal<\/a> eller<a href=\"https:\/\/api.whatsapp.com\/send\/?phone=4745455545\" rel=\"Follow nofollow noopener\" target=\"_blank\"> WhatsApp<\/a>.<\/b><\/p>\n<p>Begge de to tiltalte mennene er straffed\u00f8mt ved en rekke anledninger tidligere. Mannen i 40-\u00e5rene ble s\u00e5 sent som i februar d\u00f8mt til elleve \u00e5rs fengsel i en stor narkotikasak. Han ble d\u00f8mt sammen med to andre menn i den saken.<\/p>\n<p>Denne dommen er ikke rettskraftig og ankesaken er berammet i september.<\/p>\n<p>   <img decoding=\"async\" width=\"5168\" height=\"3448\" fetchpriority=\"low\"  loading=\"lazy\"  src=\"https:\/\/www.europesays.com\/no\/wp-content\/uploads\/2026\/05\/NTB_f8-gMWcD9EQ.jpg\" alt=\"OSLO  20190211.&#10;Helsetilsynet, Statens sivilrettsforvaltning og Fylkesmannen i Hordaland leverer sin rapport om den s\u00e5kalte Tolga-saken til helseminister Bent H\u00f8ie, statssekret\u00e6r Torkil \u00c5mland fra Justisdepartementet og kommunal- og moderniseringsminister Monica M\u00e6land. P\u00e5 bildet Nicolai V. Skjerdal som er familiens advokat.&#10;Foto: Fredrik Hagen \/ NTB\" class=\"brick-c-cFOWSL\" style=\"--brick-image-ratio: 5168 \/ 3448;\"\/><\/p>\n<p>  Svindlet L\u00e5nekassen for 1,5 mill. <\/p>\n<p>Mannen i 40-\u00e5rene forsvares av advokat Espen Wangberg.<\/p>\n<p>\u2013 Min klient erkjenner ikke straffskyld, men jeg kan bekrefte at det er tatt ut tiltale, sier Wangberg til Nettavisen.<\/p>\n<p>Han \u00f8nsker ikke \u00e5 kommentere ytterligere opplysninger i saken, men Nettavisen er kjent med at han i avh\u00f8r skal ha forklart at han ikke skal ha f\u00e5tt med seg at den forn\u00e6rmede mannen ble f\u00f8rt bort fra stuen de satt i p\u00e5 g\u00e5rden. I avh\u00f8r skal han ha forklart at han la seg til \u00e5 sove rundt midnatt samme kveld som den forn\u00e6rmede skal ha blitt utsatt for frihetsber\u00f8velse.<b> <br \/><\/b><\/p>\n<p>Mannen i 40-\u00e5rene er i tillegg tiltalt for \u00e5 ha svindlet L\u00e5nekassen for 1,5 millioner kroner. Dette skal ha skjedd ved at han forfalsket dokumentasjon p\u00e5 opptak og skolegang ved Harvard University i USA.<\/p>\n<p>\u2013 Dette forholdet erkjenner han straffskyld for, sier Wangberg, uten \u00e5 ville g\u00e5 i ytterligere detaljer.<\/p>\n<p>   <img decoding=\"async\" width=\"800\" height=\"534\" fetchpriority=\"low\"  loading=\"lazy\"  src=\"https:\/\/www.europesays.com\/no\/wp-content\/uploads\/2026\/05\/Advokat+Espen+Wangberg.jpg\" alt=\"Foto til Matrix Advokater, 19.08.24. Copyright: Charlotte Wiig Photography\" class=\"brick-c-cFOWSL\" style=\"--brick-image-ratio: 800 \/ 534;\"\/><\/p>\n<p>  Tiltalt for vold med spett: P\u00e5f\u00f8rt 9 centimeter dypt kutt<\/p>\n<p>Den tiltalte mannen i 50-\u00e5rene har advokat Ole Lien som forsvarer.<\/p>\n<p>\u2013 Jeg har ingen kommentarer p\u00e5 n\u00e5v\u00e6rende tidspunkt, sier Lien til Nettavisen.<\/p>\n<p>   <img decoding=\"async\" width=\"523\" height=\"658\" fetchpriority=\"low\"  loading=\"lazy\"  src=\"https:\/\/www.europesays.com\/no\/wp-content\/uploads\/2026\/05\/Advokat+Ole+Lien.jpg\" alt=\"\" class=\"brick-c-cFOWSL\" style=\"--brick-image-ratio: 523 \/ 658;\"\/><\/p>\n<p>      Foto: Torun Havnaas (Drammens Tidende)\n    <\/p>\n<p>Hans klient er i tillegg til den grove frihetsber\u00f8velsen, tiltalt for et enkeltst\u00e5ende tilfelle av vold mot offeret i saken.<\/p>\n<p>Politiet mener at han i l\u00f8pet av kvelden 3. desember 2024 skal ha sl\u00e5tt den forn\u00e6rmede mannen med et spett, slik at han ble p\u00e5f\u00f8rt et s\u00e5r p\u00e5 venstre skulder p\u00e5 3 cm i diameter, og som var 9 cm dypt.<\/p>\n<p>Statsadvokat Andreas Christiansen sa til Nettavisen tidligere denne uken at han ikke kunne bekrefte tiltalen da han ikke visste om denne var formelt forkynt.<\/p>\n<p>Det har ikke lykkes for Nettavisen \u00e5 f\u00e5 kommentarer til saken etter dette.<\/p>\n","protected":false},"excerpt":{"rendered":"(Nettavisen): To menn i 40- og 50-\u00e5rene er tiltalt for grov frihetsber\u00f8velse av en annen mann i 50-\u00e5rene&hellip;\n","protected":false},"author":2,"featured_media":251446,"comment_status":"","ping_status":"","sticky":false,"template":"","format":"standard","meta":{"footnotes":"","_share_on_mastodon":"0"},"categories":[10],"tags":[36,20,21,24,25,15,4231,983,22,23,6087,326,13,30,28,29,14,16,1510,26,27],"class_list":["post-251445","post","type-post","status-publish","format-standard","has-post-thumbnail","category-norge","tag-art","tag-breaking-news","tag-breakingnews","tag-featured-news","tag-featurednews","tag-headlines","tag-kidnapping","tag-krim","tag-latest-news","tag-latestnews","tag-modum","tag-nettavisen","tag-news","tag-no","tag-norge","tag-norway","tag-nyheter","tag-overskrifter","tag-story","tag-top-stories","tag-topstories"],"share_on_mastodon":{"url":"https:\/\/pubeurope.com\/@no\/116659889647500651","error":""},"_links":{"self":[{"href":"https:\/\/www.europesays.com\/no\/wp-json\/wp\/v2\/posts\/251445","targetHints":{"allow":["GET"]}}],"collection":[{"href":"https:\/\/www.europesays.com\/no\/wp-json\/wp\/v2\/posts"}],"about":[{"href":"https:\/\/www.europesays.com\/no\/wp-json\/wp\/v2\/types\/post"}],"author":[{"embeddable":true,"href":"https:\/\/www.europesays.com\/no\/wp-json\/wp\/v2\/users\/2"}],"replies":[{"embeddable":true,"href":"https:\/\/www.europesays.com\/no\/wp-json\/wp\/v2\/comments?post=251445"}],"version-history":[{"count":0,"href":"https:\/\/www.europesays.com\/no\/wp-json\/wp\/v2\/posts\/251445\/revisions"}],"wp:featuredmedia":[{"embeddable":true,"href":"https:\/\/www.europesays.com\/no\/wp-json\/wp\/v2\/media\/251446"}],"wp:attachment":[{"href":"https:\/\/www.europesays.com\/no\/wp-json\/wp\/v2\/media?parent=251445"}],"wp:term":[{"taxonomy":"category","embeddable":true,"href":"https:\/\/www.europesays.com\/no\/wp-json\/wp\/v2\/categories?post=251445"},{"taxonomy":"post_tag","embeddable":true,"href":"https:\/\/www.europesays.com\/no\/wp-json\/wp\/v2\/tags?post=251445"}],"curies":[{"name":"wp","href":"https:\/\/api.w.org\/{rel}","templated":true}]}}