{"id":251630,"date":"2026-05-30T05:44:16","date_gmt":"2026-05-30T05:44:16","guid":{"rendered":"https:\/\/www.europesays.com\/no\/251630\/"},"modified":"2026-05-30T05:44:16","modified_gmt":"2026-05-30T05:44:16","slug":"riksveg-3-politiet-i-innlandet","status":"publish","type":"post","link":"https:\/\/www.europesays.com\/no\/251630\/","title":{"rendered":"Riksveg 3, Politiet i Innlandet"},"content":{"rendered":"\n<p>Like f\u00f8r klokken 06.00 l\u00f8rdag morgen melder politiet i Innlandet om en trafikkulykke p\u00e5 riksveg 3 i Tynset.<\/p>\n<p>Det skal ha v\u00e6rt en frontkollisjon mellom en personbil og et vogntog. Totalt er fire personer involvert, og tre av dem meldes alvorlig skadet.<\/p>\n<p>N\u00f8detatene er p\u00e5 veg til ulykkesstedet, som ligger cirka to mil nord for Motr\u00f8krysset.<\/p>\n<p>Riksveg 3 er stengt ved ulykkesstedet, og det vil bli skiltet omkj\u00f8ring enten via E6 over Hjerkinn, eller via R\u00f8ros og fylkesveg 30.<\/p>\n<p>Saken oppdateres.<\/p>\n","protected":false},"excerpt":{"rendered":"Like f\u00f8r klokken 06.00 l\u00f8rdag morgen melder politiet i Innlandet om en trafikkulykke p\u00e5 riksveg 3 i Tynset.&hellip;\n","protected":false},"author":2,"featured_media":251631,"comment_status":"","ping_status":"","sticky":false,"template":"","format":"standard","meta":{"footnotes":"","_share_on_mastodon":"0"},"categories":[5],"tags":[36,20,21,24,25,15,19,22,23,17,18,13,30,28,29,14,16,3541,6546,1510,26,27,4177],"class_list":["post-251630","post","type-post","status-publish","format-standard","has-post-thumbnail","category-overskrifter","tag-art","tag-breaking-news","tag-breakingnews","tag-featured-news","tag-featurednews","tag-headlines","tag-hovedoppslag","tag-latest-news","tag-latestnews","tag-main-news","tag-mainnews","tag-news","tag-no","tag-norge","tag-norway","tag-nyheter","tag-overskrifter","tag-politiet-i-innlandet","tag-riksveg-3","tag-story","tag-top-stories","tag-topstories","tag-tynset"],"share_on_mastodon":{"url":"https:\/\/pubeurope.com\/@no\/116661942216695247","error":""},"_links":{"self":[{"href":"https:\/\/www.europesays.com\/no\/wp-json\/wp\/v2\/posts\/251630","targetHints":{"allow":["GET"]}}],"collection":[{"href":"https:\/\/www.europesays.com\/no\/wp-json\/wp\/v2\/posts"}],"about":[{"href":"https:\/\/www.europesays.com\/no\/wp-json\/wp\/v2\/types\/post"}],"author":[{"embeddable":true,"href":"https:\/\/www.europesays.com\/no\/wp-json\/wp\/v2\/users\/2"}],"replies":[{"embeddable":true,"href":"https:\/\/www.europesays.com\/no\/wp-json\/wp\/v2\/comments?post=251630"}],"version-history":[{"count":0,"href":"https:\/\/www.europesays.com\/no\/wp-json\/wp\/v2\/posts\/251630\/revisions"}],"wp:featuredmedia":[{"embeddable":true,"href":"https:\/\/www.europesays.com\/no\/wp-json\/wp\/v2\/media\/251631"}],"wp:attachment":[{"href":"https:\/\/www.europesays.com\/no\/wp-json\/wp\/v2\/media?parent=251630"}],"wp:term":[{"taxonomy":"category","embeddable":true,"href":"https:\/\/www.europesays.com\/no\/wp-json\/wp\/v2\/categories?post=251630"},{"taxonomy":"post_tag","embeddable":true,"href":"https:\/\/www.europesays.com\/no\/wp-json\/wp\/v2\/tags?post=251630"}],"curies":[{"name":"wp","href":"https:\/\/api.w.org\/{rel}","templated":true}]}}