{"id":251664,"date":"2026-05-30T06:26:11","date_gmt":"2026-05-30T06:26:11","guid":{"rendered":"https:\/\/www.europesays.com\/no\/251664\/"},"modified":"2026-05-30T06:26:11","modified_gmt":"2026-05-30T06:26:11","slug":"ulykker-trafikk-alvorlig-ulykke-pa-riksveg-3-vegen-stengt","status":"publish","type":"post","link":"https:\/\/www.europesays.com\/no\/251664\/","title":{"rendered":"Ulykker, Trafikk | Alvorlig ulykke p\u00e5 riksveg 3 \u2013 vegen stengt"},"content":{"rendered":"\n<p>Det var p\u00e5 riksveg 3 ved Kvikneskogen i Tynset at det har skjedd en alvorlig ulykke p\u00e5 morgenkvisten.\u00a0<\/p>\n<p>En personbil krasjet front mot front med et vogntog.\u00a0<\/p>\n<p>Politiet bekrefter ti p\u00e5 halv ni at tre personer har mistet livet i ulykken.<\/p>\n<p>\u2013 De tre satt i en utenlandsk registrert bil. Vi jobber med \u00e5 identifisere personene og varsle p\u00e5r\u00f8rende. Dette kan ta noe tid. Det foreg\u00e5r unders\u00f8kelser p\u00e5 stedet og veien er derfor stengt, sier operasjonsleder P\u00e5l Gjestvang.<\/p>\n<p>   <img decoding=\"async\" width=\"2160\" height=\"1338\" fetchpriority=\"low\"  loading=\"lazy\"  src=\"https:\/\/www.europesays.com\/no\/wp-content\/uploads\/2026\/05\/Ny+ulykke.jpg\" alt=\"\" class=\"brick-c-cFOWSL\" style=\"--brick-image-ratio: 2160 \/ 1338;\"\/><\/p>\n<p>      VEGEN STENGT: Riksveg 3 er stengt p\u00e5 ubestemt tid etter ulykken.<br \/>\n      Foto: Jan Kristoffersen\n    <\/p>\n<p>Ulykkesstedet ligger cirka to mil nord for Motr\u00f8krysset.<\/p>\n<p>F\u00f8rer av vogntog fremst\u00e5r som uskadet.<\/p>\n<p>Riksveg 3 vil bli stengt videre utover dagen i forbindelse med opprydding etter ulykken, forteller politiet til \u00d8stlendingen.<\/p>\n<p>Det vil bli skiltet omkj\u00f8ring enten via E6 over Hjerkinn, eller via R\u00f8ros og fylkesveg 30.<\/p>\n<p>Saken oppdateres.<\/p>\n","protected":false},"excerpt":{"rendered":"Det var p\u00e5 riksveg 3 ved Kvikneskogen i Tynset at det har skjedd en alvorlig ulykke p\u00e5 morgenkvisten.\u00a0&hellip;\n","protected":false},"author":2,"featured_media":251665,"comment_status":"","ping_status":"","sticky":false,"template":"","format":"standard","meta":{"footnotes":"","_share_on_mastodon":"0"},"categories":[5],"tags":[36,20,21,24,25,15,19,22,23,17,18,13,30,1745,28,29,14,16,1510,26,27,224,4177,1204],"class_list":["post-251664","post","type-post","status-publish","format-standard","has-post-thumbnail","category-overskrifter","tag-art","tag-breaking-news","tag-breakingnews","tag-featured-news","tag-featurednews","tag-headlines","tag-hovedoppslag","tag-latest-news","tag-latestnews","tag-main-news","tag-mainnews","tag-news","tag-no","tag-nord-osterdal","tag-norge","tag-norway","tag-nyheter","tag-overskrifter","tag-story","tag-top-stories","tag-topstories","tag-trafikk","tag-tynset","tag-ulykker"],"share_on_mastodon":{"url":"https:\/\/pubeurope.com\/@no\/116662107541939992","error":""},"_links":{"self":[{"href":"https:\/\/www.europesays.com\/no\/wp-json\/wp\/v2\/posts\/251664","targetHints":{"allow":["GET"]}}],"collection":[{"href":"https:\/\/www.europesays.com\/no\/wp-json\/wp\/v2\/posts"}],"about":[{"href":"https:\/\/www.europesays.com\/no\/wp-json\/wp\/v2\/types\/post"}],"author":[{"embeddable":true,"href":"https:\/\/www.europesays.com\/no\/wp-json\/wp\/v2\/users\/2"}],"replies":[{"embeddable":true,"href":"https:\/\/www.europesays.com\/no\/wp-json\/wp\/v2\/comments?post=251664"}],"version-history":[{"count":0,"href":"https:\/\/www.europesays.com\/no\/wp-json\/wp\/v2\/posts\/251664\/revisions"}],"wp:featuredmedia":[{"embeddable":true,"href":"https:\/\/www.europesays.com\/no\/wp-json\/wp\/v2\/media\/251665"}],"wp:attachment":[{"href":"https:\/\/www.europesays.com\/no\/wp-json\/wp\/v2\/media?parent=251664"}],"wp:term":[{"taxonomy":"category","embeddable":true,"href":"https:\/\/www.europesays.com\/no\/wp-json\/wp\/v2\/categories?post=251664"},{"taxonomy":"post_tag","embeddable":true,"href":"https:\/\/www.europesays.com\/no\/wp-json\/wp\/v2\/tags?post=251664"}],"curies":[{"name":"wp","href":"https:\/\/api.w.org\/{rel}","templated":true}]}}