{"id":251795,"date":"2026-05-30T09:19:14","date_gmt":"2026-05-30T09:19:14","guid":{"rendered":"https:\/\/www.europesays.com\/no\/251795\/"},"modified":"2026-05-30T09:19:14","modified_gmt":"2026-05-30T09:19:14","slug":"fredrik-aursnes-forteller-om-erling-braut-haalands-rolle-i-comeback","status":"publish","type":"post","link":"https:\/\/www.europesays.com\/no\/251795\/","title":{"rendered":"Fredrik Aursnes forteller om Erling Braut Haalands rolle i comeback"},"content":{"rendered":"\n<p class=\"_lead_145nj_2 _lead_6fko5_53 layout-component text-serif-m layout-normal text-serif-l layout-component layout-wide layout-padded _wide_17hqh_1 layout-padded\">Da Fredrik Aursnes (30) skulle bestemme seg for om han ville returnere til det norske landslaget m\u00e5tte han ta en telefon til Erling Braut Haaland.<\/p>\n<p><img alt=\"TILBAKE: Fredrik Aursnes er tilbake p\u00e5 landslaget etter to \u00e5r med pause. Foto: Hallgeir V\u00e5genes \/ VG\" class=\"_image_jw3bv_65 layout-component layout-wide\" data-fullscreen- data-track-element-type=\"Article image fullscreen\" data-track-name=\"ImageFullscreen\" fetchpriority=\"high\" decoding=\"sync\" loading=\"eager\" height=\"4000\" itemprop=\"image\"  src=\"https:\/\/www.europesays.com\/no\/wp-content\/uploads\/2026\/05\/88bca94f-1267-3289-a2e3-f16479f51af1.jpeg\"  style=\"object-position:0% 0%\" width=\"6000\"\/>TILBAKE: Fredrik Aursnes er tilbake p\u00e5 landslaget etter to \u00e5r med pause. Foto: Hallgeir V\u00e5genes \/ VGOslo\/Ullevaal Oppdatert l\u00f8rdag 30. mai kl. 10:58    <\/p>\n<ul class=\"_list_145nj_3 _list_64s2r_85 _unordered_145nj_106 text-sans-m\">\n<li class=\"_item_145nj_30\">Fredrik Aursnes vurderte comeback p\u00e5 landslaget og s\u00f8kte r\u00e5d fra Erling Braut Haaland og Martin \u00d8degaard.<\/li>\n<li class=\"_item_145nj_30\">Aursnes sluttet p\u00e5 landslaget i 2024 for mer tid til andre ting, men er n\u00e5 tilbake.<\/li>\n<li class=\"_item_145nj_30\">Landslagskollega Kristian Thorstvedt gleder seg over Aursnes&#8217; retur.<\/li>\n<li class=\"_item_145nj_30\">Aursnes spiller sannsynligvis mot Sverige mandag f\u00f8r avreise til USA.<\/li>\n<\/ul>\n<p>Vis mer <\/p>\n<p class=\"_paragraph_145nj_4 _paragraph_6fko5_10 layout-component text-serif-m layout-normal text-serif-m layout-padded\">Det forteller Aursnes selv i TV-serien \u00abVi skal til VM!\u00bb p\u00e5 NRK:<\/p>\n<p class=\"_paragraph_145nj_4 _paragraph_6fko5_10 layout-component text-serif-m layout-normal text-serif-m layout-padded\">\u2013 Jeg snakket med Erling, f\u00f8r jeg ga St\u00e5le Solbakken den endelige beskjeden. Jeg spurte ham bare hva han tenkte om et eventuelt comeback. Erling ga tommel opp, sier Aursnes.<\/p>\n<p class=\"_paragraph_145nj_4 _paragraph_6fko5_10 layout-component text-serif-m layout-normal text-serif-m layout-padded\">Aursnes og Haaland er gode venner fra Molde-tiden hvor de spilte sammen fra 2017 til 2019.<\/p>\n<p><img alt=\"GUTTA KRUTT: Erling Braut Haaland, Fredrik Aursnes og Eirik Hestad spilte sammen i Molde.  Foto: Svein Ove Ekornesv\u00e5g \/ NTB\" class=\"_image_jw3bv_65 layout-component layout-normal\" data-fullscreen- data-track-element-type=\"Article image fullscreen\" data-track-name=\"ImageFullscreen\" decoding=\"async\" loading=\"lazy\" height=\"2953\" itemprop=\"image\"  src=\"https:\/\/www.europesays.com\/no\/wp-content\/uploads\/2026\/05\/165e9e60-81d6-3517-a9de-e0bd1ecbd502.jpeg\"  style=\"object-position:0% 0%\" width=\"4429\"\/>GUTTA KRUTT: Erling Braut Haaland, Fredrik Aursnes og Eirik Hestad spilte sammen i Molde.  Foto: Svein Ove Ekornesv\u00e5g \/ NTB<\/p>\n<p class=\"_paragraph_145nj_4 _paragraph_6fko5_10 layout-component text-serif-m layout-normal text-serif-m layout-padded\">Aursnes utdyper overfor VG p\u00e5 l\u00f8rdagens pressetreff med landslaget.  <\/p>\n<p class=\"_paragraph_145nj_4 _paragraph_6fko5_10 layout-component text-serif-m layout-normal text-serif-m layout-padded\">\u2013 Ja, jeg snakket med flere av spillerne om det. Jeg snakket med Erling (Braut Haaland), i tillegg til Martin (\u00d8degaard), sier 30-\u00e5ringen. <\/p>\n<p class=\"_paragraph_145nj_4 _paragraph_6fko5_10 layout-component text-serif-m layout-normal text-serif-m layout-padded\">Han har tidligere fortalt hvordan han tok kontakt med landslagstrener St\u00e5le Solbakken om en mulig retur til landslaget. <\/p>\n<p class=\"_paragraph_145nj_4 _paragraph_6fko5_10 layout-component text-serif-m layout-normal text-serif-m layout-padded\">\u2013 Erling er en av dem jeg kjenner og har spilt med tidligere. Han er en stor skikkelse i gruppen, og jeg ville h\u00f8re om dette var noe gruppen ville akseptere. Jeg hadde allerede h\u00f8rt med St\u00e5le (Solbakken), men ville selvf\u00f8lgelig h\u00f8re med spillerne ogs\u00e5, sier Aursnes. <\/p>\n<p class=\"_paragraph_145nj_4 _paragraph_6fko5_10 layout-component text-serif-m layout-normal text-serif-m layout-padded\">Benfica-profilen sa nei til Norge i mars 2024. Han spilte sin siste landskamp da Norge avsluttet EM-kvaliken mot Skottland 19. november 2023. Aursnes st\u00e5r med 20 landskamper og \u00e9n scoring.<\/p>\n<p class=\"_paragraph_145nj_4 _paragraph_6fko5_10 layout-component text-serif-m layout-normal text-serif-m layout-padded\">Et \u00f8nske om mer tid og frihet til \u00e5 prioritere andre ting enn fotball i livet sitt var \u00e5rsaken til at Aursnes ga seg p\u00e5 landslaget i 2024.<\/p>\n<p class=\"_paragraph_145nj_4 _paragraph_6fko5_10 layout-component text-serif-m layout-normal text-serif-m layout-padded\">Torsdag denne uken hadde midtbaneeleganten fra Hareid sin f\u00f8rste trening med landslaget siden den gang.<\/p>\n<p class=\"_paragraph_145nj_4 _paragraph_6fko5_10 layout-component text-serif-m layout-normal text-serif-m layout-padded\">\u2013 Det har v\u00e6rt veldig bra. Jeg har kommet tilbake med overskudd og energi. Det f\u00f8les ut som jeg var her p\u00e5 forrige samling egentlig. Det er en veldig enkel gruppe \u00e5 komme inn i forteller han. <\/p>\n<p><img alt=\"F\u00d8RSTE TRENING: Fredrik Aursnes trente for f\u00f8rste gang med landslaget siden 2024 torsdag. Han gikk glipp av landslagssamlingen i mars p\u00e5 grunn av skade.  Foto: VEGARD GR\u00d8TT \/ Bildbyr\u00e5n\" class=\"_image_jw3bv_65 layout-component layout-normal\" data-fullscreen- data-track-element-type=\"Article image fullscreen\" data-track-name=\"ImageFullscreen\" decoding=\"async\" loading=\"lazy\" height=\"3131\" itemprop=\"image\"  src=\"https:\/\/www.europesays.com\/no\/wp-content\/uploads\/2026\/05\/1a77064b-5c12-32a4-8fc6-8935496d3991.jpeg\"  style=\"object-position:0% 0%\" width=\"4696\"\/>F\u00d8RSTE TRENING: Fredrik Aursnes trente for f\u00f8rste gang med landslaget siden 2024 torsdag. Han gikk glipp av landslagssamlingen i mars p\u00e5 grunn av skade.  Foto: VEGARD GR\u00d8TT \/ Bildbyr\u00e5n<\/p>\n<p class=\"_paragraph_145nj_4 _paragraph_6fko5_10 layout-component text-serif-m layout-normal text-serif-m layout-padded\">Landslagskollega Kristian Thorstvedt forteller at han er begeistret over \u00e5 ha tilbake Benfica-spilleren p\u00e5 landslaget. <\/p>\n<p class=\"_paragraph_145nj_4 _paragraph_6fko5_10 layout-component text-serif-m layout-normal text-serif-m layout-padded\">\u2013 Han tilf\u00f8rer en utrolig stor kvalitet p\u00e5 banen. Det har vi jo sett i Benfica. Han er enkel og snakke med, og er et fint tilskudd til gruppen, sier Thorsvedt. <\/p>\n<p class=\"_paragraph_145nj_4 _paragraph_6fko5_10 layout-component text-serif-m layout-normal text-serif-m layout-padded\">Aursnes selv tror perioden utenfor kan ha gjort godt.  <\/p>\n<p class=\"_paragraph_145nj_4 _paragraph_6fko5_10 layout-component text-serif-m layout-normal text-serif-m layout-padded\">\u2013 Jeg tror og h\u00e5per at det har gitt ekstra energi. Det har v\u00e6rt en periode der jeg har trent godt, men etter hvert f\u00f8lte man kanskje at man savnet \u00e5 v\u00e6re p\u00e5 samling. Det var nok litt vanskelig \u00e5 innr\u00f8mmer for seg selv, forteller han. <\/p>\n<p class=\"_paragraph_145nj_4 _paragraph_6fko5_10 layout-component text-serif-m layout-normal text-serif-m layout-padded\">At hareidingen n\u00e5 kommer tilbake p\u00e5 landslaget rett f\u00f8r VM har ogs\u00e5 skapt reaksjoner. Han spilte ikke kvalikkampene, men skal alts\u00e5 n\u00e5 spille under sommerens VM for Norge. <\/p>\n<p class=\"_paragraph_145nj_4 _paragraph_6fko5_10 layout-component text-serif-m layout-normal text-serif-m layout-padded\">\u2013 Jeg pr\u00f8ver p\u00e5 en m\u00e5te \u00e5 stenge meningene ute. Jeg har ikke f\u00e5tt med meg all verden av det som har kommet, m\u00e5 jeg \u00e6rlig innr\u00f8mme, forteller hovedpersonen selv. <\/p>\n<p class=\"_paragraph_145nj_4 _paragraph_6fko5_10 layout-component text-serif-m layout-normal text-serif-m layout-padded\">Aursnes spiller trolig sin f\u00f8rste landskamp p\u00e5 flere \u00e5r n\u00e5r Norge m\u00f8ter Sverige p\u00e5 Ullevaal stadion f\u00f8rstkommende mandag. Dagen etter setter de seg p\u00e5 flyet til USA.<\/p>\n","protected":false},"excerpt":{"rendered":"Da Fredrik Aursnes (30) skulle bestemme seg for om han ville returnere til det norske landslaget m\u00e5tte han&hellip;\n","protected":false},"author":2,"featured_media":251796,"comment_status":"","ping_status":"","sticky":false,"template":"","format":"standard","meta":{"footnotes":"","_share_on_mastodon":"0"},"categories":[59],"tags":[810,4472,4762,3163,30,28,29,83,82],"class_list":["post-251795","post","type-post","status-publish","format-standard","has-post-thumbnail","category-sport","tag-erling-braut-haaland","tag-fotball-vm","tag-fredrik-aursnes","tag-herrelandslaget-fotball","tag-no","tag-norge","tag-norway","tag-sport","tag-sports"],"share_on_mastodon":{"url":"https:\/\/pubeurope.com\/@no\/116662787906676592","error":""},"_links":{"self":[{"href":"https:\/\/www.europesays.com\/no\/wp-json\/wp\/v2\/posts\/251795","targetHints":{"allow":["GET"]}}],"collection":[{"href":"https:\/\/www.europesays.com\/no\/wp-json\/wp\/v2\/posts"}],"about":[{"href":"https:\/\/www.europesays.com\/no\/wp-json\/wp\/v2\/types\/post"}],"author":[{"embeddable":true,"href":"https:\/\/www.europesays.com\/no\/wp-json\/wp\/v2\/users\/2"}],"replies":[{"embeddable":true,"href":"https:\/\/www.europesays.com\/no\/wp-json\/wp\/v2\/comments?post=251795"}],"version-history":[{"count":0,"href":"https:\/\/www.europesays.com\/no\/wp-json\/wp\/v2\/posts\/251795\/revisions"}],"wp:featuredmedia":[{"embeddable":true,"href":"https:\/\/www.europesays.com\/no\/wp-json\/wp\/v2\/media\/251796"}],"wp:attachment":[{"href":"https:\/\/www.europesays.com\/no\/wp-json\/wp\/v2\/media?parent=251795"}],"wp:term":[{"taxonomy":"category","embeddable":true,"href":"https:\/\/www.europesays.com\/no\/wp-json\/wp\/v2\/categories?post=251795"},{"taxonomy":"post_tag","embeddable":true,"href":"https:\/\/www.europesays.com\/no\/wp-json\/wp\/v2\/tags?post=251795"}],"curies":[{"name":"wp","href":"https:\/\/api.w.org\/{rel}","templated":true}]}}