{"id":251827,"date":"2026-05-30T09:53:11","date_gmt":"2026-05-30T09:53:11","guid":{"rendered":"https:\/\/www.europesays.com\/no\/251827\/"},"modified":"2026-05-30T09:53:11","modified_gmt":"2026-05-30T09:53:11","slug":"ulykker-tynset-riksveg-3-stengt-etter-alvorlig-trafikkulykke","status":"publish","type":"post","link":"https:\/\/www.europesays.com\/no\/251827\/","title":{"rendered":"Ulykker, Tynset | Riksveg 3 stengt etter alvorlig trafikkulykke"},"content":{"rendered":"\n<p>Det var rett f\u00f8r klokka seks i morges at politiet ulykken skjedde ved Kvikneskogen langs riksveg 3.\u00a0<\/p>\n<p>En personbil frontkolliderte med et vogntog.\u00a0<\/p>\n<p>Tre personer i personbilen omkom i m\u00f8teulykken, mens to personer i vogntoget kom fra det uten alvorlige skader.\u00a0<\/p>\n<p>Vegen er n\u00e5 stengt, og trafikken blir omdirigert via E6 i Gudbrandsdalen, eller via R\u00f8ros og fylkesveg 30.<\/p>\n<p>I f\u00f8lge Vegtrafikksentralen er vegen ventet \u00e5 \u00e5pne igjen rundt kl. 13 i ettermiddag.<\/p>\n","protected":false},"excerpt":{"rendered":"Det var rett f\u00f8r klokka seks i morges at politiet ulykken skjedde ved Kvikneskogen langs riksveg 3.\u00a0 En&hellip;\n","protected":false},"author":2,"featured_media":251828,"comment_status":"","ping_status":"","sticky":false,"template":"","format":"standard","meta":{"footnotes":"","_share_on_mastodon":"0"},"categories":[10],"tags":[36,20,21,24,25,15,22,23,13,30,28,29,14,16,1510,26,27,224,4177,1204],"class_list":["post-251827","post","type-post","status-publish","format-standard","has-post-thumbnail","category-norge","tag-art","tag-breaking-news","tag-breakingnews","tag-featured-news","tag-featurednews","tag-headlines","tag-latest-news","tag-latestnews","tag-news","tag-no","tag-norge","tag-norway","tag-nyheter","tag-overskrifter","tag-story","tag-top-stories","tag-topstories","tag-trafikk","tag-tynset","tag-ulykker"],"share_on_mastodon":{"url":"https:\/\/pubeurope.com\/@no\/116662921222559250","error":""},"_links":{"self":[{"href":"https:\/\/www.europesays.com\/no\/wp-json\/wp\/v2\/posts\/251827","targetHints":{"allow":["GET"]}}],"collection":[{"href":"https:\/\/www.europesays.com\/no\/wp-json\/wp\/v2\/posts"}],"about":[{"href":"https:\/\/www.europesays.com\/no\/wp-json\/wp\/v2\/types\/post"}],"author":[{"embeddable":true,"href":"https:\/\/www.europesays.com\/no\/wp-json\/wp\/v2\/users\/2"}],"replies":[{"embeddable":true,"href":"https:\/\/www.europesays.com\/no\/wp-json\/wp\/v2\/comments?post=251827"}],"version-history":[{"count":0,"href":"https:\/\/www.europesays.com\/no\/wp-json\/wp\/v2\/posts\/251827\/revisions"}],"wp:featuredmedia":[{"embeddable":true,"href":"https:\/\/www.europesays.com\/no\/wp-json\/wp\/v2\/media\/251828"}],"wp:attachment":[{"href":"https:\/\/www.europesays.com\/no\/wp-json\/wp\/v2\/media?parent=251827"}],"wp:term":[{"taxonomy":"category","embeddable":true,"href":"https:\/\/www.europesays.com\/no\/wp-json\/wp\/v2\/categories?post=251827"},{"taxonomy":"post_tag","embeddable":true,"href":"https:\/\/www.europesays.com\/no\/wp-json\/wp\/v2\/tags?post=251827"}],"curies":[{"name":"wp","href":"https:\/\/api.w.org\/{rel}","templated":true}]}}