{"id":251837,"date":"2026-05-30T10:16:21","date_gmt":"2026-05-30T10:16:21","guid":{"rendered":"https:\/\/www.europesays.com\/no\/251837\/"},"modified":"2026-05-30T10:16:21","modified_gmt":"2026-05-30T10:16:21","slug":"blir-ikke-bedre","status":"publish","type":"post","link":"https:\/\/www.europesays.com\/no\/251837\/","title":{"rendered":"&#8211; Blir ikke bedre"},"content":{"rendered":"<p>    En tidligere straffed\u00f8mt norsk mann i 50-\u00e5ra er siktet i L\u00f8renskog-saken etter beslag. Han er blitt hemmelig etterforsket i \u00e5revis, if\u00f8lge forsvareren.<\/p>\n<p>\n    SIKTET: Anne-Elisabeth Hagen har v\u00e6rt forsvunnet siden 31. oktober 2018. N\u00e5 er en ny person siktet. Foto: NTB Scanpix\n  <\/p>\n<p>&#8211; I forbindelse med etterforskningen av en mistenkt i saken, ble det besluttet \u00e5 gj\u00f8re beslag. Dette gj\u00f8r at man automatisk f\u00e5r status som siktet etter straffeprosessloven paragraf 82 n\u00e5r man blir underrettet om dette beslaget, skriver p\u00e5taleansvarlig Guro Holm Hansen til <a href=\"https:\/\/www.nrk.no\/norge\/person-siktet-etter-beslag-i-forsvinningssaken-pa-lorenskog-1.17902324\" rel=\"nofollow noopener\" target=\"_blank\">NRK<\/a>.<\/p>\n<p>        <img loading=\"lazy\" decoding=\"async\" src=\"https:\/\/www.europesays.com\/no\/wp-content\/uploads\/2026\/05\/84693604.webp\" width=\"667\" height=\"381\" alt=\"\" class=\"\" style=\"--aspect-ratio-image: 1.75; \"\/><\/p>\n<p>\n        NY PERSON: P\u00e5taleansvarlig Guro Holm Hansen i \u00d8st politidistrikt sier til NRK at de har siktet en ny person i forsvinningssaken. Arkivfoto: Terje Pedersen \/ NTB\n    <\/p>\n<p>Hansen opplyser ogs\u00e5 om at det per n\u00e5 ikke foreligger grunnlag for ytterligere rettslige skritt utover beslaget.<\/p>\n<p>&#8211; Hemmelig etterforsket<\/p>\n<p> Den nye personen som er siktet i L\u00f8renskog-saken, har blitt hemmelig etterforsket i mange \u00e5r, opplyser forsvarerer Victoria Holmen til <a href=\"https:\/\/www.vg.no\/nyheter\/i\/lnv047\/person-siktet-etter-beslag-i-forsvinningssaken-paa-loerenskog\" rel=\"nofollow noopener\" target=\"_blank\">VG<\/a>. <\/p>\n<p>&#8211; Min klient ble i forrige uke gjort kjent med at han gjennom flere \u00e5r har v\u00e6rt gjenstand for hemmelig etterforskning, og at han er siktet i forbindelse med forsvinningen av Anne Elisabeth Hagen, sier advokat Holmen til avisa.<\/p>\n<p>        <img loading=\"lazy\" decoding=\"async\" src=\"https:\/\/www.europesays.com\/no\/wp-content\/uploads\/2026\/05\/84693600.webp\" width=\"980\" height=\"559\" alt=\"\" class=\"\" style=\"--aspect-ratio-image: 1.75; \"\/><\/p>\n<p>\n        FORSVANT: Huset til Tom Hagen i L\u00f8renskog, som Anne-Elisabeth forsvant fra. Foto: Stian Lysberg Solum \/ NTB\n    <\/p>\n<p>Det er snakk om en norsk mann i 50-\u00e5ra, som tidligere er straffed\u00f8mt i Norge.<\/p>\n<p>Holmen sier at mannen har benyttet seg av retten til \u00e5 ikke forklare seg for politiet. <\/p>\n<p>&#8211; S\u00e5 langt jeg kjenner saken, synes grunnlaget for siktelsen i all hovedsak \u00e5 v\u00e6re at min klient &#8211; i likhet med sv\u00e6rt mange andre &#8211; oppholdt seg p\u00e5 L\u00f8renskog den aktuelle dagen. Jeg er per n\u00e5 ikke kjent med at det foreligger andre konkrete holdepunkter som kan begrunne siktelsen, sier Hun.<\/p>\n<p>Dagbladet har s\u00e5 langt ikke lyktes i \u00e5 f\u00e5 tak i Anne-Elisabeth Hagens bistandsadvokat, Gard Lier, for en kommentar.<\/p>\n<p>Forsvant<\/p>\n<p>Anne-Elisabeth Hagen forsvant fra sitt hjem p\u00e5 L\u00f8renskog 31. oktober 2018.<\/p>\n<p>Forsvinningen ble f\u00f8rst offentlig kjent noen m\u00e5neder senere, da politiet opplyste at de etterforsket saken som et mulig drap.<\/p>\n<p>Saken fikk stor oppmerksomhet i mediene og vakte stor interesse i befolkningen.<\/p>\n<p>    <a itemprop=\"url\" href=\"https:\/\/www.dagbladet.no\/nyheter\/anne-elisabeths-liv-for-forsvinningen\/72407441\" rel=\"nofollow noopener\" target=\"_blank\"><\/p>\n<p>        <img loading=\"lazy\" decoding=\"async\" src=\"https:\/\/www.europesays.com\/no\/wp-content\/uploads\/2026\/05\/72409688.webp\" width=\"980\" height=\"441\" alt=\"\" class=\"lazyload\" style=\"--aspect-ratio-image: 2.22; \"\/><\/p>\n<p>        Anne-Elisabeths liv f\u00f8r forsvinningen<\/p>\n<p>    <\/a><\/p>\n<p>Ektemannen, Tom Hagen, har tidligere v\u00e6rt siktet i saken, men siktelsen mot ham ble henlagt fordi intet straffbart forhold ble ansett bevist.<\/p>\n<p>Ogs\u00e5 flere andre personer har v\u00e6rt siktet i saken.<\/p>\n<p>Siktelsene mot disse er senere blitt henlagt etter flere \u00e5r med etterforskning. Ogs\u00e5 disse sakene ble henlagt fordi intet straffbart forhold ble ansett bevist.<\/p>\n","protected":false},"excerpt":{"rendered":"En tidligere straffed\u00f8mt norsk mann i 50-\u00e5ra er siktet i L\u00f8renskog-saken etter beslag. Han er blitt hemmelig etterforsket&hellip;\n","protected":false},"author":2,"featured_media":251838,"comment_status":"","ping_status":"","sticky":false,"template":"","format":"standard","meta":{"footnotes":"","_share_on_mastodon":"0"},"categories":[59],"tags":[92,4145,5395,30,28,29,83,82,11859],"class_list":["post-251837","post","type-post","status-publish","format-standard","has-post-thumbnail","category-sport","tag-fotball","tag-herrelandslaget","tag-morten-thorsby","tag-no","tag-norge","tag-norway","tag-sport","tag-sports","tag-vm2026"],"share_on_mastodon":{"url":"https:\/\/pubeurope.com\/@no\/116663012002073687","error":""},"_links":{"self":[{"href":"https:\/\/www.europesays.com\/no\/wp-json\/wp\/v2\/posts\/251837","targetHints":{"allow":["GET"]}}],"collection":[{"href":"https:\/\/www.europesays.com\/no\/wp-json\/wp\/v2\/posts"}],"about":[{"href":"https:\/\/www.europesays.com\/no\/wp-json\/wp\/v2\/types\/post"}],"author":[{"embeddable":true,"href":"https:\/\/www.europesays.com\/no\/wp-json\/wp\/v2\/users\/2"}],"replies":[{"embeddable":true,"href":"https:\/\/www.europesays.com\/no\/wp-json\/wp\/v2\/comments?post=251837"}],"version-history":[{"count":0,"href":"https:\/\/www.europesays.com\/no\/wp-json\/wp\/v2\/posts\/251837\/revisions"}],"wp:featuredmedia":[{"embeddable":true,"href":"https:\/\/www.europesays.com\/no\/wp-json\/wp\/v2\/media\/251838"}],"wp:attachment":[{"href":"https:\/\/www.europesays.com\/no\/wp-json\/wp\/v2\/media?parent=251837"}],"wp:term":[{"taxonomy":"category","embeddable":true,"href":"https:\/\/www.europesays.com\/no\/wp-json\/wp\/v2\/categories?post=251837"},{"taxonomy":"post_tag","embeddable":true,"href":"https:\/\/www.europesays.com\/no\/wp-json\/wp\/v2\/tags?post=251837"}],"curies":[{"name":"wp","href":"https:\/\/api.w.org\/{rel}","templated":true}]}}