{"id":252029,"date":"2026-05-30T15:12:26","date_gmt":"2026-05-30T15:12:26","guid":{"rendered":"https:\/\/www.europesays.com\/no\/252029\/"},"modified":"2026-05-30T15:12:26","modified_gmt":"2026-05-30T15:12:26","slug":"fotballtroyefredag-roros-fotballtroyefredag-send-oss-bilder","status":"publish","type":"post","link":"https:\/\/www.europesays.com\/no\/252029\/","title":{"rendered":"Fotballtr\u00f8yefredag, R\u00f8ros | Fotballtr\u00f8yeFredag: Send oss bilder"},"content":{"rendered":"\n<p>Fredag 29. mai tar folk over hele Norge p\u00e5 seg fotballdrakter for \u00e5 st\u00f8tte barn og unge rammet av kreft. <\/p>\n<p><b>Send oss dine fotballtr\u00f8yebilder, <a href=\"https:\/\/www.retten.no\/fotballtroyefredag-send-oss-bilder\/s\/mailto:redaksjonen@retten.no\" rel=\"Follow nofollow noopener\" target=\"_blank\">redaksjonen@retten.no<\/a><\/b><\/p>\n<p>P\u00e5 skoler, arbeidsplasser og fotballbaner fylles landet av drakter i alle farger. Det er et event og en morsom dag, men det er noe mer.<\/p>\n<p>For bak Fotballtr\u00f8yeFredag ligger det ogs\u00e5 alvor. <\/p>\n<p>En betydelig del av kreftforskningen i Norge er finansiert av vanlige mennesker. Av folk som gir litt og engasjerer seg. N\u00e6ringslivet som kj\u00f8per tr\u00f8ye #10 og sponsorpakker, privatpersoner og supporterklubber som oppretter en Spleis, og folk som tar p\u00e5 seg en fotballdrakt p\u00e5 jobb og vippser en sum. Slik samles det inn penger til livsviktig kreftforskning.<\/p>\n<p>Fellesskap og engasjement blir til forskning. Og forskning blir til h\u00e5p. Bli med p\u00e5 Fotballtr\u00f8yeFredag du ogs\u00e5. <\/p>\n<p>Ta p\u00e5 deg favorittdrakten og <b>vipps et valgfritt bel\u00f8p til 4422<\/b> (Barnekreftforeningen) for fellesskap og forskning.<\/p>\n","protected":false},"excerpt":{"rendered":"Fredag 29. mai tar folk over hele Norge p\u00e5 seg fotballdrakter for \u00e5 st\u00f8tte barn og unge rammet&hellip;\n","protected":false},"author":2,"featured_media":252030,"comment_status":"","ping_status":"","sticky":false,"template":"","format":"standard","meta":{"footnotes":"","_share_on_mastodon":"0"},"categories":[10],"tags":[4178,36,20,21,24,25,4179,22382,15,22,23,13,30,28,29,14,2932,16,3847,1510,4176,26,27,4177],"class_list":["post-252029","post","type-post","status-publish","format-standard","has-post-thumbnail","category-norge","tag-alvdal","tag-art","tag-breaking-news","tag-breakingnews","tag-featured-news","tag-featurednews","tag-folldal","tag-fotballtroyefredag","tag-headlines","tag-latest-news","tag-latestnews","tag-news","tag-no","tag-norge","tag-norway","tag-nyheter","tag-os","tag-overskrifter","tag-roros","tag-story","tag-tolga","tag-top-stories","tag-topstories","tag-tynset"],"share_on_mastodon":{"url":"https:\/\/pubeurope.com\/@no\/116664175409483812","error":""},"_links":{"self":[{"href":"https:\/\/www.europesays.com\/no\/wp-json\/wp\/v2\/posts\/252029","targetHints":{"allow":["GET"]}}],"collection":[{"href":"https:\/\/www.europesays.com\/no\/wp-json\/wp\/v2\/posts"}],"about":[{"href":"https:\/\/www.europesays.com\/no\/wp-json\/wp\/v2\/types\/post"}],"author":[{"embeddable":true,"href":"https:\/\/www.europesays.com\/no\/wp-json\/wp\/v2\/users\/2"}],"replies":[{"embeddable":true,"href":"https:\/\/www.europesays.com\/no\/wp-json\/wp\/v2\/comments?post=252029"}],"version-history":[{"count":0,"href":"https:\/\/www.europesays.com\/no\/wp-json\/wp\/v2\/posts\/252029\/revisions"}],"wp:featuredmedia":[{"embeddable":true,"href":"https:\/\/www.europesays.com\/no\/wp-json\/wp\/v2\/media\/252030"}],"wp:attachment":[{"href":"https:\/\/www.europesays.com\/no\/wp-json\/wp\/v2\/media?parent=252029"}],"wp:term":[{"taxonomy":"category","embeddable":true,"href":"https:\/\/www.europesays.com\/no\/wp-json\/wp\/v2\/categories?post=252029"},{"taxonomy":"post_tag","embeddable":true,"href":"https:\/\/www.europesays.com\/no\/wp-json\/wp\/v2\/tags?post=252029"}],"curies":[{"name":"wp","href":"https:\/\/api.w.org\/{rel}","templated":true}]}}