{"id":25242,"date":"2025-09-02T19:23:11","date_gmt":"2025-09-02T19:23:11","guid":{"rendered":"https:\/\/www.europesays.com\/no\/25242\/"},"modified":"2025-09-02T19:23:11","modified_gmt":"2025-09-02T19:23:11","slug":"sarpsborg-08-fotball-midtstopper-klar-for-sarpsborg-08","status":"publish","type":"post","link":"https:\/\/www.europesays.com\/no\/25242\/","title":{"rendered":"Sarpsborg 08, Fotball | Midtstopper klar for Sarpsborg 08"},"content":{"rendered":"\n<p>Det bekrefter sportssjef Hampus Andersson overfor Sarpsborg Arbeiderblad.<\/p>\n<p>\u2013 Vi er enige med spilleren om de personlige betingelsene og KFUM Oslo om en l\u00e5neavtale. Alle formalitetene er i orden, sier Andersson.<\/p>\n<p>Spiller landskamp<\/p>\n<p>Det er ventet at den storvokste midtstopperen kommer til Sarpsborg neste uke. N\u00e5 er han i Afrika for \u00e5 spille landskamp for Gambia. De m\u00f8ter Kenya p\u00e5 bortebane i VM-kvalifiseringskamp fredag.<\/p>\n<p>Sarpsborg 08 har v\u00e6rt p\u00e5 jakt etter ny midtstopper etter at Nikolai Skuseth nylig ble l\u00e5nt ut til Aalesund. Fram til i kveld har de kun hatt Bj\u00f8rn Inge Utvik, Menno Koch og Magnar \u00d8degaard som midtstoppere i troppen. Sistnevnte spilte h\u00f8yreback mot HamKam sist, og er et alternativ ogs\u00e5 i en annen posisjon.<\/p>\n<p>\u2013 Vi har hatt en luke \u00e5 fylle i midtforsvaret etter at Skuseth ble l\u00e5nt ut til Aalesund. Vi \u00f8nsker alltid \u00e5 ha fire midtstoppere i troppen. Vi har hatt navnet hans p\u00e5 blokken helt siden vi solgte Franklin Tebo fordi vi har \u00f8nsket \u00e5 f\u00e5 inn en spiller med lignende egenskaper som ham. Vi trodde ikke vi fikk hente Njie, men n\u00e5 dukket det opp en mulighet til \u00e5 l\u00e5ne ham ut sesongen, sier Andersson.<\/p>\n<p>Mange kamper p\u00e5 toppniv\u00e5<\/p>\n<p>Andersson bekrefter at avtalen ikke inneb\u00e6rer en opsjon p\u00e5 kj\u00f8p.<\/p>\n<p>\u2013 Alt gikk s\u00e5 fort i denne saken at vi ikke rakk \u00e5 diskutere flere detaljer. Det er snakk om et l\u00e5n ut sesongen, og s\u00e5 f\u00e5r vi se i l\u00f8pet av h\u00f8sten om det blir aktuelt med et kj\u00f8p. Jeg er ekstremt glad for at dette gikk i orden. Njie har n\u00f8yaktig den profilen vi \u00f8nsker, og dette ble en perfekt overgang for oss. Det er en storvokst og duellsterk midtstopper. Han har spilt kamper p\u00e5 toppniv\u00e5 i mange \u00e5r og vi vet at han har niv\u00e5et inne. Han vil konkurrere om en plass p\u00e5 laget direkte, sier Andersson.<\/p>\n<p>Njie har spilt nesten 100 A-kamper for KFUM Oslo siden 2021. For et halvt \u00e5r siden var han n\u00e6r en overgang til Lecce i Italia. Tidligere har han ogs\u00e5 spilt for klubber som Moss, V\u00e5lerenga, Follo og Kolbotn.<\/p>\n<p>Andersson forteller at det ikke vil skje mer p\u00e5 stadion p\u00e5 deadline day.<\/p>\n<p>\u2013 Vi jobber ikke med flere overganger n\u00e5, sier han.<\/p>\n<p>  <a href=\"https:\/\/www.sa.no\/5-46-1877867\" class=\"related-teaser has-image default-story-teaser article--c-eRUmMG article--c-eRUmMG-jKCPdD-design-default\" rel=\"nofollow noopener\" target=\"_blank\"><\/p>\n<p>    <img decoding=\"async\" loading=\"lazy\"  src=\"https:\/\/www.europesays.com\/no\/wp-content\/uploads\/2025\/09\/6f635a01-d6aa-46f9-880d-b33cb9a13479.jpeg\" alt=\"\" class=\"brick-c-cFOWSL\" style=\"\"\/><\/p>\n<p>\n            Les ogs\u00e5<\/p>\n<p>              Mortensen klar for Sarpsborg 08\n        <\/p>\n<p>  <\/a><\/p>\n<p>  <a href=\"https:\/\/www.sa.no\/5-46-1877423\" class=\"related-teaser has-image default-story-teaser article--c-eRUmMG article--c-eRUmMG-jKCPdD-design-default\" rel=\"nofollow noopener\" target=\"_blank\"><\/p>\n<p>    <img decoding=\"async\" loading=\"lazy\"  src=\"https:\/\/www.europesays.com\/no\/wp-content\/uploads\/2025\/09\/TAN_1958.JPG\" alt=\"\" class=\"brick-c-cFOWSL\" style=\"\"\/><\/p>\n<p>\n            Les ogs\u00e5<\/p>\n<p>              Signering bekreftet: \u2013 Vi f\u00e5r en ekstremt god spiller\n        <\/p>\n<p>  <\/a><\/p>\n<p>  <a href=\"https:\/\/www.sa.no\/5-46-1877305\" class=\"related-teaser has-image default-story-teaser article--c-eRUmMG article--c-eRUmMG-jKCPdD-design-default\" rel=\"nofollow noopener\" target=\"_blank\"><\/p>\n<p>    <img decoding=\"async\" loading=\"lazy\"  src=\"https:\/\/www.europesays.com\/no\/wp-content\/uploads\/2025\/09\/1756840989_820_cueres_scp-mangler_navn_nPLwdsFokgU.jpg\" alt=\"\" class=\"brick-c-cFOWSL\" style=\"\"\/><\/p>\n<p>\n            Les ogs\u00e5<\/p>\n<p>              N\u00e5 er han kun en medisinsk test fra Sarpsborg 08\n        <\/p>\n<p>  <\/a><\/p>\n<p>  <a href=\"https:\/\/www.sa.no\/5-46-1876951\" class=\"related-teaser has-image default-story-teaser article--c-eRUmMG article--c-eRUmMG-jKCPdD-design-default\" rel=\"nofollow noopener\" target=\"_blank\"><\/p>\n<p>    <img decoding=\"async\" loading=\"lazy\"  src=\"https:\/\/www.europesays.com\/no\/wp-content\/uploads\/2025\/09\/1756750988_471_TAN_2618_lr.JPG\" alt=\"\" class=\"brick-c-cFOWSL\" style=\"\"\/><\/p>\n<p>\n            Les ogs\u00e5<\/p>\n<p>              Overgangsvinduet: Vurderer fortsatt to nye spillere\n        <\/p>\n<p>  <\/a><\/p>\n<p>Les mer om: artikkelemnene<\/p>\n","protected":false},"excerpt":{"rendered":"Det bekrefter sportssjef Hampus Andersson overfor Sarpsborg Arbeiderblad. \u2013 Vi er enige med spilleren om de personlige betingelsene&hellip;\n","protected":false},"author":2,"featured_media":25243,"comment_status":"","ping_status":"","sticky":false,"template":"","format":"standard","meta":{"footnotes":""},"categories":[59],"tags":[36,92,594,30,28,29,133,83,82,1510],"class_list":{"0":"post-25242","1":"post","2":"type-post","3":"status-publish","4":"format-standard","5":"has-post-thumbnail","7":"category-sport","8":"tag-art","9":"tag-fotball","10":"tag-hampus-andersson","11":"tag-no","12":"tag-norge","13":"tag-norway","14":"tag-sarpsborg-08","15":"tag-sport","16":"tag-sports","17":"tag-story"},"share_on_mastodon":{"url":"","error":""},"_links":{"self":[{"href":"https:\/\/www.europesays.com\/no\/wp-json\/wp\/v2\/posts\/25242","targetHints":{"allow":["GET"]}}],"collection":[{"href":"https:\/\/www.europesays.com\/no\/wp-json\/wp\/v2\/posts"}],"about":[{"href":"https:\/\/www.europesays.com\/no\/wp-json\/wp\/v2\/types\/post"}],"author":[{"embeddable":true,"href":"https:\/\/www.europesays.com\/no\/wp-json\/wp\/v2\/users\/2"}],"replies":[{"embeddable":true,"href":"https:\/\/www.europesays.com\/no\/wp-json\/wp\/v2\/comments?post=25242"}],"version-history":[{"count":0,"href":"https:\/\/www.europesays.com\/no\/wp-json\/wp\/v2\/posts\/25242\/revisions"}],"wp:featuredmedia":[{"embeddable":true,"href":"https:\/\/www.europesays.com\/no\/wp-json\/wp\/v2\/media\/25243"}],"wp:attachment":[{"href":"https:\/\/www.europesays.com\/no\/wp-json\/wp\/v2\/media?parent=25242"}],"wp:term":[{"taxonomy":"category","embeddable":true,"href":"https:\/\/www.europesays.com\/no\/wp-json\/wp\/v2\/categories?post=25242"},{"taxonomy":"post_tag","embeddable":true,"href":"https:\/\/www.europesays.com\/no\/wp-json\/wp\/v2\/tags?post=25242"}],"curies":[{"name":"wp","href":"https:\/\/api.w.org\/{rel}","templated":true}]}}