{"id":252424,"date":"2026-05-31T04:37:21","date_gmt":"2026-05-31T04:37:21","guid":{"rendered":"https:\/\/www.europesays.com\/no\/252424\/"},"modified":"2026-05-31T04:37:21","modified_gmt":"2026-05-31T04:37:21","slug":"sas-kan-fa-drivstoffsmell-pa-10-milliarder-betydelig-e24","status":"publish","type":"post","link":"https:\/\/www.europesays.com\/no\/252424\/","title":{"rendered":"SAS kan f\u00e5 drivstoffsmell p\u00e5 10 milliarder: \u2013 Betydelig \u2013 E24"},"content":{"rendered":"\n<p>Oppsummeringen er laget med kunstig intelligens og kvalitetssikret av E24s journalister.<\/p>\n<ul class=\"_list_172ys_3 _list_1m73t_97 _unordered_172ys_109 _textTheme_1yhmn_1 body-small\">\n<li class=\"_item_172ys_34\">SAS-sjefen sier at Iran-krigen og h\u00f8ye drivstoffpriser gj\u00f8r det umulig \u00e5 n\u00e5 resultatm\u00e5lene for 2026.<\/li>\n<li class=\"_item_172ys_34\">Over 1000 flyavganger er kansellert for \u00e5 kutte kostnader, og SAS kan f\u00e5 over 10 milliarder kroner i ekstra drivstoffutgifter i \u00e5r.<\/li>\n<li class=\"_item_172ys_34\">Samtidig melder SAS om \u00f8kt antall reisende, rekordsterkt sommertilbud og h\u00f8y ettersp\u00f8rsel, men frykter svak vinter med fortsatt h\u00f8ye drivstoffpriser og lavere salgspris ved eierskifte.<\/li>\n<\/ul>\n<p>Vis mer  <\/p>\n<p class=\"_textTheme_1yhmn_1 _paragraph_172ys_4 _paragraph_qg7rf_27 layout-component layout-normal layout-padded body-medium\">SAS-sjef Anko van der Werff har ingen tro p\u00e5 at flyselskapet vil klare \u00e5 n\u00e5 resultatm\u00e5lene for 2026, som ble satt under selskapets rekonstruksjon.<\/p>\n<p class=\"_textTheme_1yhmn_1 _paragraph_172ys_4 _paragraph_qg7rf_27 layout-component layout-normal layout-padded body-medium\">\u2013 Glem det, det er bare \u00e5 glemme. Dette blir et av de \u00e5rene der vi m\u00e5 ta helt andre beslutninger, og som er bra for neste periode, sier van der Werff til E24.<\/p>\n<p> <a class=\"_link_19jmd_20\" data-track-id=\"teaser:ArEJlE\" data-track-impression=\"true\" data-track-name=\"SAS slipper nytt kredittkort \u2013 disse f\u00e5r tilgang\" data-track-element-size=\"small\" data-track-element-type=\"Teaser\" data-track-image-url=\"https:\/\/www.europesays.com\/no\/wp-content\/uploads\/2026\/05\/1780202231_98_0b3e0145-c6e2-372c-8ac3-f9b7f8396e40.jpeg\" data-track-layout-name=\"image:right\" data-track-position-source=\"related-article\" href=\"https:\/\/e24.no\/naeringsliv\/i\/ArEJlE\/sas-slipper-nytt-kredittkort-disse-faar-tilgang\" rel=\"nofollow noopener\" target=\"_blank\"><img decoding=\"async\" alt=\"\" class=\"_image_19jmd_78\" height=\"3682\" loading=\"lazy\"  src=\"https:\/\/www.europesays.com\/no\/wp-content\/uploads\/2026\/05\/1780202231_98_0b3e0145-c6e2-372c-8ac3-f9b7f8396e40.jpeg\"  width=\"4909\"\/><\/p>\n<p class=\"label-small _kicker_19jmd_89\">Les ogs\u00e5<\/p>\n<p>SAS slipper nytt kredittkort \u2013 disse f\u00e5r tilgang<\/a> Dempet forventning <\/p>\n<p class=\"_textTheme_1yhmn_1 _paragraph_172ys_4 _paragraph_qg7rf_27 layout-component layout-normal layout-padded body-medium\">I april 2023 var SAS under <a href=\"https:\/\/e24.no\/boers-og-finans\/i\/15gWjQ\/amerikansk-dommer-godkjenner-sas-redningsplan\" class=\"_link_172ys_43\" rel=\"nofollow noopener\" target=\"_blank\">rekonstruksjon<\/a> og p\u00e5 <a href=\"https:\/\/e24.no\/boers-og-finans\/i\/JQ44JJ\/sas-forlenger-fristen-paa-kapitalinnhentingen-med-en-uke\" class=\"_link_172ys_43\" rel=\"nofollow noopener\" target=\"_blank\">pengejakt<\/a>. <\/p>\n<p class=\"_textTheme_1yhmn_1 _paragraph_172ys_4 _paragraph_qg7rf_27 layout-component layout-normal layout-padded body-medium\">Da <a href=\"https:\/\/newsweb.oslobors.no\/message\/587249\" class=\"_link_172ys_43\" rel=\"nofollow noopener\" target=\"_blank\">forventet<\/a> selskapet en betydelig \u00f8kt omsetning p\u00e5 rundt 58 milliarder svenske kroner i regnskaps\u00e5ret 2026 og et <a href=\"https:\/\/e24.no\/boers-og-finans\/i\/gEA66a\/sas-med-foerste-overskudd-paa-naer-fire-aar\" class=\"_link_172ys_43\" rel=\"nofollow noopener\" target=\"_blank\">resultat f\u00f8r skatt p\u00e5 mellom 5 og 6 milliarder svenske kroner<\/a>.<\/p>\n<p class=\"_textTheme_1yhmn_1 _paragraph_172ys_4 _paragraph_qg7rf_27 layout-component layout-normal layout-padded body-medium\">N\u00e5 tror SAS-sjefen at det ikke engang er mulig \u00e5 kopiere fjor\u00e5rets overskudd, som tikket inn p\u00e5 n\u00e6r 900 millioner kroner f\u00f8r skatt.<\/p>\n<p class=\"_textTheme_1yhmn_1 _paragraph_172ys_4 _paragraph_qg7rf_27 layout-component layout-normal layout-padded body-medium\">\u2013 Jeg tror definitivt at det kommer til \u00e5 bli veldig vanskelig \u00e5 gj\u00f8re det, med drivstoffprisen der den er, sier han.<\/p>\n<p> <a class=\"_link_19jmd_20\" data-track-id=\"teaser:Gx3AWq\" data-track-impression=\"true\" data-track-name=\"Bonusgrepene for \u00e5 sikre business i ferien\" data-track-element-size=\"small\" data-track-element-type=\"Teaser\" data-track-image-url=\"https:\/\/www.europesays.com\/no\/wp-content\/uploads\/2026\/05\/1780202232_677_f7e08545-3a8f-4259-ab82-6e417cff1d93.jpeg\" data-track-layout-name=\"image:right\" data-track-position-source=\"related-article\" href=\"https:\/\/e24.no\/privatoekonomi\/i\/Gx3AWq\/bonusgrepene-for-aa-sikre-business-i-ferien\" rel=\"nofollow noopener\" target=\"_blank\"><img decoding=\"async\" alt=\"\" class=\"_image_19jmd_78\" height=\"2605\" loading=\"lazy\"  src=\"https:\/\/www.europesays.com\/no\/wp-content\/uploads\/2026\/05\/1780202232_677_f7e08545-3a8f-4259-ab82-6e417cff1d93.jpeg\"  width=\"4032\"\/><\/p>\n<p class=\"label-small _kicker_19jmd_89\">Les ogs\u00e5<\/p>\n<p>Bonusgrepene for \u00e5 sikre business i ferien<\/a>  \u2013 Alle mann p\u00e5 dekk <\/p>\n<p class=\"_textTheme_1yhmn_1 _paragraph_172ys_4 _paragraph_qg7rf_27 layout-component layout-normal layout-padded body-medium\">Han legger til at de f\u00f8rste fire m\u00e5nedene i innev\u00e6rende regnskaps\u00e5r, fra november i fjor til og med februar i \u00e5r, var betydelig bedre enn samme periode \u00e5ret f\u00f8r.<\/p>\n<p class=\"_textTheme_1yhmn_1 _paragraph_172ys_4 _paragraph_qg7rf_27 layout-component layout-normal layout-padded body-medium\">Samtidig er et flyselskap bare s\u00e5 godt som sin seneste m\u00e5ned, p\u00e5peker SAS-toppen, som fikk oljeprisbykset i fanget etter at Iran-krigen startet opp i februar.<\/p>\n<p class=\"_textTheme_1yhmn_1 _paragraph_172ys_4 _paragraph_qg7rf_27 layout-component layout-normal layout-padded body-medium\">\u2013 Vi planla for et annerledes \u00e5r, og vi alle trodde og h\u00e5pet at det skulle bli mye bedre, s\u00e5 inntraff virkeligheten. Det vil ikke v\u00e6re i n\u00e6rheten av fjor\u00e5ret. Det er alle mann p\u00e5 dekk og s\u00f8rge for at vi tar de rette beslutningene for de neste, si, tolv m\u00e5nedene, sier van der Werff.<\/p>\n<p class=\"_textTheme_1yhmn_1 _paragraph_172ys_4 _paragraph_qg7rf_27 layout-component layout-normal layout-padded body-medium\">SAS <a href=\"https:\/\/e24.no\/naeringsliv\/i\/0pV7oB\/sas-varsler-over-1000-innstilte-avganger-i-april\" class=\"_link_172ys_43\" rel=\"nofollow noopener\" target=\"_blank\">kansellerte over 1000 avganger i mars og april<\/a> for im\u00f8teg\u00e5 \u00abdrivstoffsjokket\u00bb.<\/p>\n<p> <img alt=\"SAS g\u00e5r inn i den viktige sommersesongen med mye h\u00f8yere drivstoffkostnader enn man hadde sett for seg for noen m\u00e5neder siden.\" class=\"_image_1spwq_90 layout-component layout-normal\" data-fullscreen- data-track-element-type=\"Article image fullscreen\" data-track-name=\"ImageFullscreen\" decoding=\"async\" loading=\"lazy\" height=\"2651\" itemprop=\"image\"  src=\"https:\/\/www.europesays.com\/no\/wp-content\/uploads\/2026\/05\/17a69930-2f39-3a06-b638-99deb32f3316.jpeg\"  style=\"object-position:0% 0%\" width=\"3976\"\/>SAS g\u00e5r inn i den viktige sommersesongen med mye h\u00f8yere drivstoffkostnader enn man hadde sett for seg for noen m\u00e5neder siden. Foto: Annika Byrde \/ NTBVis mer Massivt prisbyks <\/p>\n<p class=\"_textTheme_1yhmn_1 _paragraph_172ys_4 _paragraph_qg7rf_27 layout-component layout-normal layout-padded body-medium\">Bransjeorganisasjonen <a href=\"https:\/\/www.iata.org\/en\/publications\/economics\/fuel-monitor\/\" class=\"_link_172ys_43\" rel=\"nofollow noopener\" target=\"_blank\">IATAs oversikt over utviklingen i flydrivstoffprisene<\/a>, viser at jet fuel-prisene i Europa i forrige uke var over 80 prosent h\u00f8yere enn fjor\u00e5rets snittpriser.<\/p>\n<p class=\"_textTheme_1yhmn_1 _paragraph_172ys_4 _paragraph_qg7rf_27 layout-component layout-normal layout-padded body-medium\">Videre fremg\u00e5r det at jet fuel, som raffinert spesialprodukt, handles betydelig over r\u00e5oljeprisen, der \u00f8kningene for begge har v\u00e6rt markant i kj\u00f8lvannet av krigene i Ukraina og Iran.<\/p>\n<p class=\"_textTheme_1yhmn_1 _paragraph_172ys_4 _paragraph_qg7rf_27 layout-component layout-normal layout-padded body-medium\">SAS-sjefen p\u00e5peker at drivstoffkostnadene utgj\u00f8r typisk 25 prosent av et flyselskaps kostnader.<\/p>\n<p>    \u2013 Betydelig <\/p>\n<p class=\"_textTheme_1yhmn_1 _paragraph_172ys_4 _paragraph_qg7rf_27 layout-component layout-normal layout-padded body-medium\">Lufthansa og Air France-KLM har allerede ansl\u00e5tt \u00e5 ville f\u00e5 en ekstraregning fra drivstoff i \u00e5r p\u00e5 2,5 milliarder euro og over 2 milliarder euro, respektivt, if\u00f8lge ham.<\/p>\n<p class=\"_textTheme_1yhmn_1 _paragraph_172ys_4 _paragraph_qg7rf_27 layout-component layout-normal layout-padded body-medium\">SAS kan selv komme til \u00e5 bruke \u00e9n milliard euro, over 10 milliarder kroner, mer p\u00e5 drivstoff enn normalt i innev\u00e6rende regnskaps\u00e5r, opplyser SAS-sjefen. <\/p>\n<p class=\"_textTheme_1yhmn_1 _paragraph_172ys_4 _paragraph_qg7rf_27 layout-component layout-normal layout-padded body-medium\">\u2013 Det er betydelig, sier van der Werff.<\/p>\n<p> <a class=\"_link_19jmd_20\" data-track-id=\"teaser:d4ll2A\" data-track-impression=\"true\" data-track-name=\"Sikret gullkort livet ut: \u2013 N\u00e5 trenger jeg ikke stresse\" data-track-element-size=\"small\" data-track-element-type=\"Teaser\" data-track-image-url=\"https:\/\/www.europesays.com\/no\/wp-content\/uploads\/2026\/05\/1780202233_613_90beb08b-133a-3b43-b82b-ff98ada7fdcd.jpeg\" data-track-layout-name=\"image:right\" data-track-position-source=\"related-article\" href=\"https:\/\/e24.no\/privatoekonomi\/i\/d4ll2A\/slik-fikk-han-lifetime-gullkort\" rel=\"nofollow noopener\" target=\"_blank\"><img decoding=\"async\" alt=\"\" class=\"_image_19jmd_78\" height=\"3608\" loading=\"lazy\"  src=\"https:\/\/www.europesays.com\/no\/wp-content\/uploads\/2026\/05\/1780202233_613_90beb08b-133a-3b43-b82b-ff98ada7fdcd.jpeg\"  width=\"4831\"\/><\/p>\n<p class=\"label-small _kicker_19jmd_89\">Les ogs\u00e5<\/p>\n<p>Sikret gullkort livet ut: \u2013 N\u00e5 trenger jeg ikke stresse<\/a> \u2013 Snart tretten <\/p>\n<p class=\"_textTheme_1yhmn_1 _paragraph_172ys_4 _paragraph_qg7rf_27 layout-component layout-normal layout-padded body-medium\">SAS brukte 10,7 milliarder svenske kroner p\u00e5 drivstoff i hele fjor, if\u00f8lge \u00e5rsrapporten.<\/p>\n<p class=\"_textTheme_1yhmn_1 _paragraph_172ys_4 _paragraph_qg7rf_27 layout-component layout-normal layout-padded body-medium\">Van der Werff tar forbehold om at anslaget er avhengig av hvordan krigen i Midt\u00f8sten utvikler seg, og hvor lenge den varer, og hvordan det vil p\u00e5virke jet fuel-prisen.<\/p>\n<p class=\"_textTheme_1yhmn_1 _paragraph_172ys_4 _paragraph_qg7rf_27 layout-component layout-normal layout-padded body-medium\">\u2013 Jeg tenkte at dette kom til \u00e5 vare i seks uker, kanskje \u00e5tte. Vi er n\u00e5 allerede i uke tolv, snart uke tretten av Iran-krigen, sier toppsjefen.<\/p>\n<p> <a class=\"_link_19jmd_20\" data-track-id=\"teaser:j0BBJb\" data-track-impression=\"true\" data-track-name=\"Dette m\u00e5 du tenke p\u00e5 i jakten p\u00e5 bonuspoeng\" data-track-element-size=\"small\" data-track-element-type=\"Teaser\" data-track-image-url=\"https:\/\/www.europesays.com\/no\/wp-content\/uploads\/2026\/05\/1780202234_201_c34e367a-8a9e-4548-b7fc-becdf343c7b0.jpeg\" data-track-layout-name=\"image:right\" data-track-position-source=\"related-article\" href=\"https:\/\/e24.no\/privatoekonomi\/i\/j0BBJb\/dette-maa-du-tenke-paa-i-jakten-paa-bonuspoeng\" rel=\"nofollow noopener\" target=\"_blank\"><img decoding=\"async\" alt=\"\" class=\"_image_19jmd_78\" height=\"2553\" loading=\"lazy\"  src=\"https:\/\/www.europesays.com\/no\/wp-content\/uploads\/2026\/05\/1780202234_201_c34e367a-8a9e-4548-b7fc-becdf343c7b0.jpeg\"  width=\"3404\"\/><\/p>\n<p class=\"label-small _kicker_19jmd_89\">Les ogs\u00e5<\/p>\n<p>Dette m\u00e5 du tenke p\u00e5 i jakten p\u00e5 bonuspoeng<\/a> Startet sikringsprogram <\/p>\n<p class=\"_textTheme_1yhmn_1 _paragraph_172ys_4 _paragraph_qg7rf_27 layout-component layout-normal layout-padded body-medium\">Mens flere flyselskaper har sikret store deler av drivstoffbehovet til lavere fastpriser, normalt inntil tolv m\u00e5neder, har SAS betalt den til enhver tid gjeldende \u00abpumpeprisen\u00bb.<\/p>\n<p class=\"_textTheme_1yhmn_1 _paragraph_172ys_4 _paragraph_qg7rf_27 layout-component layout-normal layout-padded body-medium\">SAS-sjefen bekrefter n\u00e5 \u00e5 ha begynt \u00e5 sikre deler av drivstoffbehovet fremover.<\/p>\n<p class=\"_textTheme_1yhmn_1 _paragraph_172ys_4 _paragraph_qg7rf_27 layout-component layout-normal layout-padded body-medium\">\u2013 Den gode nyheten er at p\u00e5 grunn av fjor\u00e5ret, og p\u00e5 grunn av resultatene, kunne vi vise at vi var i stand til \u00e5 begynne. S\u00e5 vi har startet et sikringsprogram, og vi fortsetter ogs\u00e5 \u00e5 sikre litt mer for 2027, men ikke for de n\u00e6rmeste m\u00e5nedene, sier flytoppen.<\/p>\n<p class=\"_textTheme_1yhmn_1 _paragraph_172ys_4 _paragraph_qg7rf_27 layout-component layout-normal layout-padded body-medium\">Han vil ikke oppgi st\u00f8rrelsen utover at det er h\u00f8yere enn 10 prosent, men lavere enn det europeiske snittet. Det ligger p\u00e5 mellom 50\u201370 prosent, der lavkostselskapene, som Ryanair, typisk ligger i det \u00f8vre sjiktet.<\/p>\n<p> <a class=\"_link_19jmd_20\" data-track-id=\"teaser:GxPKoJ\" data-track-impression=\"true\" data-track-name=\"Avviser flydrivstoffkrise: \u2013 Mediene overdriver\" data-track-element-size=\"small\" data-track-element-type=\"Teaser\" data-track-image-url=\"https:\/\/www.europesays.com\/no\/wp-content\/uploads\/2026\/05\/71f68898-21a4-3ba3-a3b7-00561275c550.jpeg\" data-track-layout-name=\"image:right\" data-track-position-source=\"related-article\" href=\"https:\/\/e24.no\/naeringsliv\/i\/GxPKoJ\/avviser-flydrivstoffkrise-mediene-overdriver\" rel=\"nofollow noopener\" target=\"_blank\"><img decoding=\"async\" alt=\"\" class=\"_image_19jmd_78\" height=\"1865\" loading=\"lazy\"  src=\"https:\/\/www.europesays.com\/no\/wp-content\/uploads\/2026\/05\/71f68898-21a4-3ba3-a3b7-00561275c550.jpeg\"  width=\"3317\"\/><\/p>\n<p class=\"label-small _kicker_19jmd_89\">Les ogs\u00e5<\/p>\n<p>Avviser flydrivstoffkrise: \u2013 Mediene overdriver<\/a> Snudd driften <\/p>\n<p class=\"_textTheme_1yhmn_1 _paragraph_172ys_4 _paragraph_qg7rf_27 layout-component layout-normal layout-padded body-medium\">SAS legger i disse dager frem den endelige \u00e5rsrapporten for 2025, der flere milep\u00e6ler fremheves etter <a href=\"https:\/\/e24.no\/boers-og-finans\/i\/63PWdo\/sas-i-maal-med-konkursbehandlingen\" class=\"_link_172ys_43\" rel=\"nofollow noopener\" target=\"_blank\">selskapets snuoperasjon<\/a>.<\/p>\n<p class=\"_textTheme_1yhmn_1 _paragraph_172ys_4 _paragraph_qg7rf_27 layout-component layout-normal layout-padded body-medium\">Antall reisende var opp 12 prosent mot foreg\u00e5ende \u00e5r til 28,3 millioner passasjerer, mens inntektene steg 7 prosent til over 49 milliarder svenske kroner. Driftsresultatet viser ogs\u00e5 et overskudd p\u00e5 3 milliarder svenske kroner.<\/p>\n<p class=\"_textTheme_1yhmn_1 _paragraph_172ys_4 _paragraph_qg7rf_27 layout-component layout-normal layout-padded body-medium\">Samtidig har SAS reintrodusert \u00abBusiness Class\u00bb p\u00e5 reiser i Europa og innad i Skandinavia, og flere ganger blitt rangert blant verdens mest punktlige i l\u00f8pet av \u00e5ret.<\/p>\n<p>    \u2013 Alt p\u00e5 \u00e9n gang <\/p>\n<p class=\"_textTheme_1yhmn_1 _paragraph_172ys_4 _paragraph_qg7rf_27 layout-component layout-normal layout-padded body-medium\">Det har ogs\u00e5 gjort at kundetilfredsheten har \u00f8kt betydelig, if\u00f8lge SAS-sjefen.<\/p>\n<p class=\"_textTheme_1yhmn_1 _paragraph_172ys_4 _paragraph_qg7rf_27 layout-component layout-normal layout-padded body-medium\">Mens 2025 omtales som et rekord\u00e5r, beskrives 2026 som \u00abdet mest spennende \u00e5ret hittil\u00bb.<\/p>\n<p class=\"_textTheme_1yhmn_1 _paragraph_172ys_4 _paragraph_qg7rf_27 layout-component layout-normal layout-padded body-medium\">\u2013 Det g\u00e5r virkelig bra, men det handler om noe mer. Vi har alltid sagt at man kan ikke bare se p\u00e5 kostnader, vi kan ikke bare se p\u00e5 ulike avtaler, om det er fagforeningsavtaler eller leasingavtaler. Vi har sagt at vi m\u00e5 gj\u00f8re alt p\u00e5 \u00e9n gang, sier van der Werff.<\/p>\n<p> <a class=\"_link_19jmd_20\" data-track-id=\"teaser:zOMdjO\" data-track-impression=\"true\" data-track-name=\"Brudd i forhandlingene for kabinansatte i SAS\" data-track-element-size=\"small\" data-track-element-type=\"Teaser\" data-track-image-url=\"https:\/\/www.europesays.com\/no\/wp-content\/uploads\/2026\/05\/3fcfc4b2-9473-3c39-84ce-98690ce4924d.jpeg\" data-track-layout-name=\"image:right\" data-track-position-source=\"related-article\" href=\"https:\/\/e24.no\/internasjonal-oekonomi\/i\/zOMdjO\/brudd-i-forhandlingene-for-kabinansatte-fare-for-sas-streik\" rel=\"nofollow noopener\" target=\"_blank\"><img decoding=\"async\" alt=\"\" class=\"_image_19jmd_78\" height=\"2806\" loading=\"lazy\"  src=\"https:\/\/www.europesays.com\/no\/wp-content\/uploads\/2026\/05\/3fcfc4b2-9473-3c39-84ce-98690ce4924d.jpeg\"  width=\"3742\"\/><\/p>\n<p class=\"label-small _kicker_19jmd_89\">Les ogs\u00e5<\/p>\n<p>Brudd i forhandlingene for kabinansatte i SAS<\/a> \u2013 Noe vi ser <\/p>\n<p class=\"_textTheme_1yhmn_1 _paragraph_172ys_4 _paragraph_qg7rf_27 layout-component layout-normal layout-padded body-medium\">Han har ogs\u00e5 sagt at SAS m\u00e5 investere, b\u00e5de i ansatte og i produktene.<\/p>\n<p class=\"_textTheme_1yhmn_1 _paragraph_172ys_4 _paragraph_qg7rf_27 layout-component layout-normal layout-padded body-medium\">Han peker p\u00e5 fjor\u00e5rets <a href=\"https:\/\/e24.no\/naeringsliv\/i\/Gy7Jqq\/sas-kjoeper-over-50-fly-fra-embraer-melder-flere-medier\" class=\"_link_172ys_43\" rel=\"nofollow noopener\" target=\"_blank\">gigantordre p\u00e5 55 fly<\/a> som del av dette, i likhet med nye lounger, reintroduksjonen av Business Class i Europa og utrulling av <a href=\"https:\/\/e24.no\/naeringsliv\/i\/1M8akG\/sas-velger-elon-musks-starlink\" class=\"_link_172ys_43\" rel=\"nofollow noopener\" target=\"_blank\">nett-tilgang via Starlink<\/a> p\u00e5 alle fly.<\/p>\n<p class=\"_textTheme_1yhmn_1 _paragraph_172ys_4 _paragraph_qg7rf_27 layout-component layout-normal layout-padded body-medium\">\u2013 Alle disse tingene samlet danner et sv\u00e6rt godt milj\u00f8 for mannskapene v\u00e5re til \u00e5 jobbe i, og ikke minst for v\u00e5re kunder, noe vi ser i tilbakemeldingene, sier SAS-sjefen.<\/p>\n<p>    <a class=\"_link_19jmd_20\" data-track-id=\"teaser:Gy7Jqq\" data-track-impression=\"true\" data-track-name=\"SAS\u2019 st\u00f8rste flykj\u00f8p p\u00e5 n\u00e6r 30 \u00e5r: Kj\u00f8per 45 fly fra Embraer\" data-track-element-size=\"small\" data-track-element-type=\"Teaser\" data-track-image-url=\"https:\/\/www.europesays.com\/no\/wp-content\/uploads\/2026\/05\/056e9c88-2716-456e-862f-1b4ee8ffd08b.jpeg\" data-track-layout-name=\"image:right\" data-track-position-source=\"related-article\" href=\"https:\/\/e24.no\/naeringsliv\/i\/Gy7Jqq\/sas-kjoeper-over-50-fly-fra-embraer-melder-flere-medier\" rel=\"nofollow noopener\" target=\"_blank\"><img decoding=\"async\" alt=\"\" class=\"_image_19jmd_78\" height=\"3744\" loading=\"lazy\"  src=\"https:\/\/www.europesays.com\/no\/wp-content\/uploads\/2026\/05\/056e9c88-2716-456e-862f-1b4ee8ffd08b.jpeg\"  width=\"5616\"\/><\/p>\n<p class=\"label-small _kicker_19jmd_89\">Les ogs\u00e5<\/p>\n<p>SAS\u2019 st\u00f8rste flykj\u00f8p p\u00e5 n\u00e6r 30 \u00e5r: Kj\u00f8per 45 fly fra Embraer<\/a> \u2013 Sv\u00e6rt forn\u00f8yd <\/p>\n<p class=\"_textTheme_1yhmn_1 _paragraph_172ys_4 _paragraph_qg7rf_27 layout-component layout-normal layout-padded body-medium\">Valget av brasilianske Embraers slanke 195-E2-fly, med 2+2 seterader, bygger ogs\u00e5 opp under om \u00e5 gj\u00f8re K\u00f8benhavn til et knutepunkt fra Skandinavia, p\u00e5 samme m\u00e5te som Amsterdam er for KLM, forklarer han.<\/p>\n<p class=\"_textTheme_1yhmn_1 _paragraph_172ys_4 _paragraph_qg7rf_27 layout-component layout-normal layout-padded body-medium\">\u2013 Vi b\u00f8r v\u00e6re i stand til \u00e5 v\u00e6re det, og da trenger du wide-bodies (store fly), men du trenger ogs\u00e5 tilf\u00f8rsel (feed) som er allsidig nok til \u00e5 v\u00e6re store nok til \u00e5 fly punk-til-punkt, men samtidig lite nok til \u00e5 v\u00e6re regional, sier van der Werff.<\/p>\n<p> <img alt=\"Van der Werff (t.h.) og Embraer-sjef Arjan Meijer signerer gigantavtalen om leveranser av inntil 55 fly, med oppstart allerede i 2027.\" class=\"_image_1spwq_90 layout-component layout-normal\" data-fullscreen- data-track-element-type=\"Article image fullscreen\" data-track-name=\"ImageFullscreen\" decoding=\"async\" loading=\"lazy\" height=\"576\" itemprop=\"image\"  src=\"https:\/\/www.europesays.com\/no\/wp-content\/uploads\/2026\/05\/6151dcfd-a5a1-3da3-9fc6-035cfec94e05.jpeg\"  style=\"object-position:0% 0%\" width=\"800\"\/>Van der Werff (t.h.) og Embraer-sjef Arjan Meijer signerer gigantavtalen om leveranser av inntil 55 fly, med oppstart allerede i 2027. Foto: SAS GroupVis mer <\/p>\n<p class=\"_textTheme_1yhmn_1 _paragraph_172ys_4 _paragraph_qg7rf_27 layout-component layout-normal layout-padded body-medium\">Han legger til at selskapets Airbus 320neo er for stor til det for mange av rutene, og at SAS \u00f8nsket et fly med n\u00e6rmere 130\u2013140 seter.<\/p>\n<p class=\"_textTheme_1yhmn_1 _paragraph_172ys_4 _paragraph_qg7rf_27 layout-component layout-normal layout-padded body-medium\">\u2013 Vi er sv\u00e6rt forn\u00f8yd med at vi har klart \u00e5 sikre oss de leveransene, sier van der Werff.<\/p>\n<p> <a class=\"_link_19jmd_20\" data-track-id=\"teaser:5pLVde\" data-track-impression=\"true\" data-track-name=\"St\u00f8rste trussel p\u00e5 ti\u00e5r: Oljeprisen kan n\u00e5 200 dollar\" data-track-element-size=\"small\" data-track-element-type=\"Teaser\" data-track-image-url=\"https:\/\/www.europesays.com\/no\/wp-content\/uploads\/2026\/05\/1780202236_65_08946c29-8d69-3d48-8a7f-fc7a9c79a49a.jpeg\" data-track-layout-name=\"image:right\" data-track-position-source=\"related-article\" href=\"https:\/\/e24.no\/energi-og-klima\/i\/5pLVde\/stoerste-trussel-paa-tiaar-oljeprisen-kan-naa-200-dollar\" rel=\"nofollow noopener\" target=\"_blank\"><img decoding=\"async\" alt=\"\" class=\"_image_19jmd_78\" height=\"3850\" loading=\"lazy\"  src=\"https:\/\/www.europesays.com\/no\/wp-content\/uploads\/2026\/05\/1780202236_65_08946c29-8d69-3d48-8a7f-fc7a9c79a49a.jpeg\"  width=\"5987\"\/><\/p>\n<p class=\"label-small _kicker_19jmd_89\">Les ogs\u00e5<\/p>\n<p>St\u00f8rste trussel p\u00e5 ti\u00e5r: Oljeprisen kan n\u00e5 200 dollar<\/a> \u2013 Sterkt <\/p>\n<p class=\"_textTheme_1yhmn_1 _paragraph_172ys_4 _paragraph_qg7rf_27 layout-component layout-normal layout-padded body-medium\">SAS har i \u00e5r det mest omfattende sommerprogrammet i selskapets historie, med flere destinasjoner og videreforbindelser, samt to nye store fly av typen Airbus A350, som kan frakte inntil 266 passasjerer.<\/p>\n<p class=\"_textTheme_1yhmn_1 _paragraph_172ys_4 _paragraph_qg7rf_27 layout-component layout-normal layout-padded body-medium\">Van der Werff er egentlig ganske komfortabel, sier han.<\/p>\n<p class=\"_textTheme_1yhmn_1 _paragraph_172ys_4 _paragraph_qg7rf_27 layout-component layout-normal layout-padded body-medium\">\u2013 Ettersp\u00f8rselen er bemerkelsesverdig sterk, og det vi ser for sommersesongen er sunn kabinfaktor og sunn ettersp\u00f8rsel. Alt det er sterkt.<\/p>\n<p> <a class=\"_link_19jmd_20\" data-track-id=\"teaser:7pPrp8\" data-track-impression=\"true\" data-track-name=\"Energisjokket kan bli verre: \u2013 Undervurderer situasjonen\" data-track-element-size=\"small\" data-track-element-type=\"Teaser\" data-track-image-url=\"https:\/\/www.europesays.com\/no\/wp-content\/uploads\/2026\/05\/03886f86-834a-3bfc-87ea-9a3f3cdc1778.jpeg\" data-track-layout-name=\"image:right\" data-track-position-source=\"related-article\" href=\"https:\/\/e24.no\/energi-og-klima\/i\/7pPrp8\/energisjokket-kan-bli-verre-undervurderer-situasjonen\" rel=\"nofollow noopener\" target=\"_blank\"><img decoding=\"async\" alt=\"\" class=\"_image_19jmd_78\" height=\"4000\" loading=\"lazy\"  src=\"https:\/\/www.europesays.com\/no\/wp-content\/uploads\/2026\/05\/03886f86-834a-3bfc-87ea-9a3f3cdc1778.jpeg\"  width=\"6000\"\/><\/p>\n<p class=\"label-small _kicker_19jmd_89\">Les ogs\u00e5<\/p>\n<p>Energisjokket kan bli verre: \u2013 Undervurderer situasjonen<\/a> <\/p>\n<p class=\"_textTheme_1yhmn_1 _paragraph_172ys_4 _paragraph_qg7rf_27 layout-component layout-normal layout-padded body-medium\">Han mener utfordringen blir vintersesongen, en periode der luftfarten normalt taper penger.<\/p>\n<p class=\"_textTheme_1yhmn_1 _paragraph_172ys_4 _paragraph_qg7rf_27 layout-component layout-normal layout-padded body-medium\">\u2013 Kostnadsmessig kommer mye av det (en god sommer, journ.anm.) til \u00e5 bli visket ut av drivstoffprisingen. Vi m\u00e5 derfor se n\u00f8ye p\u00e5 hvor store vi vil v\u00e6re i vintersesongen om ikke krigen avsluttes, og om drivstoffprisene ikke kommer ned, sier SAS-toppen.<\/p>\n<p> \u2013 Litt trist <\/p>\n<p class=\"_textTheme_1yhmn_1 _paragraph_172ys_4 _paragraph_qg7rf_27 layout-component layout-normal layout-padded body-medium\">Han st\u00e5r fast p\u00e5 at de fundamentale forholdene i SAS er betydelig sterkere enn for noen \u00e5r siden, og at de langsiktige planene er uendret.<\/p>\n<p class=\"_textTheme_1yhmn_1 _paragraph_172ys_4 _paragraph_qg7rf_27 layout-component layout-normal layout-padded body-medium\">Air France-KLM varslet i fjor \u00e5 ville <a href=\"https:\/\/e24.no\/boers-og-finans\/i\/KMJ4Wo\/air-france-klm-vil-bli-majoritetseier-i-sas\" class=\"_link_172ys_43\" rel=\"nofollow noopener\" target=\"_blank\">\u00f8ke sin eierandel i SAS til over 60 prosent<\/a>.<\/p>\n<p class=\"_textTheme_1yhmn_1 _paragraph_172ys_4 _paragraph_qg7rf_27 layout-component layout-normal layout-padded body-medium\">Verdien av den planlagte investeringen vil ved endelig gjennomf\u00f8ring bli fastsatt basert p\u00e5 SAS\u2019 seneste resultater og gjeld. <\/p>\n<p class=\"_textTheme_1yhmn_1 _paragraph_172ys_4 _paragraph_qg7rf_27 layout-component layout-normal layout-padded body-medium\">\u2013 Vi er p\u00e5 vei mot \u00e5 f\u00e5 EU-kommisjonens godkjennelse, men det er ogs\u00e5 litt trist p\u00e5 en m\u00e5te, fordi salgsprisen for SAS n\u00e5 vil bli lavere enn vi b\u00e5de h\u00e5pet og ventet for i \u00e5r, sier van der Werff.<\/p>\n<p>             <a class=\"_link_19jmd_20\" data-track-id=\"teaser:gEA66a\" data-track-impression=\"true\" data-track-name=\"SAS med f\u00f8rste overskudd p\u00e5 n\u00e6r fire \u00e5r\" data-track-element-size=\"small\" data-track-element-type=\"Teaser\" data-track-image-url=\"https:\/\/www.europesays.com\/no\/wp-content\/uploads\/2026\/05\/6ddf481e-ee10-45dc-84da-c2a9cd1fc3a8.jpeg\" data-track-layout-name=\"image:right\" data-track-position-source=\"related-article\" href=\"https:\/\/e24.no\/boers-og-finans\/i\/gEA66a\/sas-med-foerste-overskudd-paa-naer-fire-aar\" rel=\"nofollow noopener\" target=\"_blank\"><img decoding=\"async\" alt=\"\" class=\"_image_19jmd_78\" height=\"3243\" loading=\"lazy\"  src=\"https:\/\/www.europesays.com\/no\/wp-content\/uploads\/2026\/05\/6ddf481e-ee10-45dc-84da-c2a9cd1fc3a8.jpeg\"  width=\"4864\"\/><\/p>\n<p class=\"label-small _kicker_19jmd_89\">Les ogs\u00e5<\/p>\n<p>SAS med f\u00f8rste overskudd p\u00e5 n\u00e6r fire \u00e5r<\/a> <a class=\"_link_19jmd_20\" data-track-id=\"teaser:lnM1Ko\" data-track-impression=\"true\" data-track-name=\"Flyanalytiker: \u2013 Tror mange er villige til \u00e5 betale\" data-track-element-size=\"small\" data-track-element-type=\"Teaser\" data-track-image-url=\"https:\/\/www.europesays.com\/no\/wp-content\/uploads\/2026\/05\/e861cd25-020e-3419-bd64-70db5eb296e9.jpeg\" data-track-layout-name=\"image:right\" data-track-position-source=\"related-article\" href=\"https:\/\/e24.no\/naeringsliv\/i\/lnM1Ko\/flyanalytiker-tror-mange-er-villige-til-aa-betale\" rel=\"nofollow noopener\" target=\"_blank\"><img decoding=\"async\" alt=\"\" class=\"_image_19jmd_78\" height=\"2535\" loading=\"lazy\"  src=\"https:\/\/www.europesays.com\/no\/wp-content\/uploads\/2026\/05\/e861cd25-020e-3419-bd64-70db5eb296e9.jpeg\"  width=\"3803\"\/><\/p>\n<p class=\"label-small _kicker_19jmd_89\">Les ogs\u00e5<\/p>\n<p>Flyanalytiker: \u2013 Tror mange er villige til \u00e5 betale<\/a> <a class=\"_link_19jmd_20\" data-track-id=\"teaser:V6gA0W\" data-track-impression=\"true\" data-track-name=\"Norse kutter rundt 75 stillinger: \u2013 Fattet stemning\" data-track-element-size=\"small\" data-track-element-type=\"Teaser\" data-track-image-url=\"https:\/\/www.europesays.com\/no\/wp-content\/uploads\/2026\/05\/1780202239_89_4b3d66fb-d249-3bb0-96b0-1591f1f4f38e.jpeg\" data-track-layout-name=\"image:right\" data-track-position-source=\"related-article\" href=\"https:\/\/e24.no\/boers-og-finans\/i\/V6gA0W\/flyselskapet-norse-atlantic-kutter-rundt-75-stillinger\" rel=\"nofollow noopener\" target=\"_blank\"><img decoding=\"async\" alt=\"\" class=\"_image_19jmd_78\" height=\"5155\" loading=\"lazy\"  src=\"https:\/\/www.europesays.com\/no\/wp-content\/uploads\/2026\/05\/1780202239_89_4b3d66fb-d249-3bb0-96b0-1591f1f4f38e.jpeg\"  width=\"7733\"\/><\/p>\n<p class=\"label-small _kicker_19jmd_89\">Les ogs\u00e5<\/p>\n<p>Norse kutter rundt 75 stillinger: \u2013 Fattet stemning<\/a> <a class=\"_link_19jmd_20\" data-track-id=\"teaser:onrp7B\" data-track-impression=\"true\" data-track-name=\"SAS-sjefen om \u00e5 g\u00e5 av b\u00f8rs: \u2013 Vi kommer fortsatt til \u00e5 holde kontakten\" data-track-element-size=\"small\" data-track-element-type=\"Teaser\" data-track-image-url=\"https:\/\/www.europesays.com\/no\/wp-content\/uploads\/2026\/05\/48da7770-843d-4bd7-9615-0856eb463126.jpeg\" data-track-layout-name=\"image:right\" data-track-position-source=\"related-article\" href=\"https:\/\/e24.no\/boers-og-finans\/i\/onrp7B\/sas-sjefen-om-aa-gaa-av-boers-vi-kommer-fortsatt-til-aa-holde-kontakten\" rel=\"nofollow noopener\" target=\"_blank\"><img decoding=\"async\" alt=\"\" class=\"_image_19jmd_78\" height=\"5464\" loading=\"lazy\"  src=\"https:\/\/www.europesays.com\/no\/wp-content\/uploads\/2026\/05\/48da7770-843d-4bd7-9615-0856eb463126.jpeg\"  width=\"8192\"\/><\/p>\n<p class=\"label-small _kicker_19jmd_89\">Les ogs\u00e5<\/p>\n<p>SAS-sjefen om \u00e5 g\u00e5 av b\u00f8rs: \u2013 Vi kommer fortsatt til \u00e5 holde kontakten<\/a> <a class=\"_link_19jmd_20\" data-track-id=\"teaser:wg7Bq5\" data-track-impression=\"true\" data-track-name=\"Sl\u00e5r alarm om avgifts\u00f8kning: \u2013 Vil g\u00e5 utover flytilbudet\" data-track-element-size=\"small\" data-track-element-type=\"Teaser\" data-track-image-url=\"https:\/\/www.europesays.com\/no\/wp-content\/uploads\/2026\/05\/53f3320e-e0d5-4eb4-abfc-1fdb6078d7b3.jpeg\" data-track-layout-name=\"image:right\" data-track-position-source=\"related-article\" href=\"https:\/\/e24.no\/naeringsliv\/i\/wg7Bq5\/slaar-alarm-om-avgiftsoekning-vil-gaa-utover-flytilbudet\" rel=\"nofollow noopener\" target=\"_blank\"><img decoding=\"async\" alt=\"\" class=\"_image_19jmd_78\" height=\"5616\" loading=\"lazy\"  src=\"https:\/\/www.europesays.com\/no\/wp-content\/uploads\/2026\/05\/53f3320e-e0d5-4eb4-abfc-1fdb6078d7b3.jpeg\"  width=\"8425\"\/><\/p>\n<p class=\"label-small _kicker_19jmd_89\">Les ogs\u00e5<\/p>\n<p>Sl\u00e5r alarm om avgifts\u00f8kning: \u2013 Vil g\u00e5 utover flytilbudet<\/a> <a class=\"_link_19jmd_20\" data-track-id=\"teaser:5pEqlm\" data-track-impression=\"true\" data-track-name=\"Flyprisene kan skyte til himmels i sommer\" data-track-element-size=\"small\" data-track-element-type=\"Teaser\" data-track-image-url=\"https:\/\/www.europesays.com\/no\/wp-content\/uploads\/2026\/05\/18bf20d3-f8e3-46cd-b930-263d0c6cddf7.jpeg\" data-track-layout-name=\"image:right\" data-track-position-source=\"related-article\" href=\"https:\/\/e24.no\/naeringsliv\/i\/5pEqlm\/flyprisene-kan-skyte-til-himmels-i-sommer\" rel=\"nofollow noopener\" target=\"_blank\"><img decoding=\"async\" alt=\"\" class=\"_image_19jmd_78\" height=\"3174\" loading=\"lazy\"  src=\"https:\/\/www.europesays.com\/no\/wp-content\/uploads\/2026\/05\/18bf20d3-f8e3-46cd-b930-263d0c6cddf7.jpeg\"  width=\"4761\"\/><\/p>\n<p class=\"label-small _kicker_19jmd_89\">Les ogs\u00e5<\/p>\n<p>Flyprisene kan skyte til himmels i sommer<\/a> <a class=\"_link_19jmd_20\" data-track-id=\"teaser:aJGdq5\" data-track-impression=\"true\" data-track-name=\"SAS advarer: Kan bli dyrere flybilletter og kuttede ruter\" data-track-element-size=\"small\" data-track-element-type=\"Teaser\" data-track-image-url=\"https:\/\/www.europesays.com\/no\/wp-content\/uploads\/2026\/05\/83ae2839-4166-3ec8-a6d7-9da66fb66d7d.jpeg\" data-track-layout-name=\"image:right\" data-track-position-source=\"related-article\" href=\"https:\/\/e24.no\/naeringsliv\/i\/aJGdq5\/sas-advarer-kan-bli-dyrere-flybilletter-og-kuttede-ruter\" rel=\"nofollow noopener\" target=\"_blank\"><img decoding=\"async\" alt=\"\" class=\"_image_19jmd_78\" height=\"3212\" loading=\"lazy\"  src=\"https:\/\/www.europesays.com\/no\/wp-content\/uploads\/2026\/05\/83ae2839-4166-3ec8-a6d7-9da66fb66d7d.jpeg\"  width=\"5179\"\/><\/p>\n<p class=\"label-small _kicker_19jmd_89\">Les ogs\u00e5<\/p>\n<p>SAS advarer: Kan bli dyrere flybilletter og kuttede ruter<\/a> <a class=\"_link_19jmd_20\" data-track-id=\"teaser:d4RBvj\" data-track-impression=\"true\" data-track-name=\"Iran-krigen sender flybillettene til himmels\" data-track-element-size=\"small\" data-track-element-type=\"Teaser\" data-track-image-url=\"https:\/\/www.europesays.com\/no\/wp-content\/uploads\/2026\/05\/52a751af-365f-4436-b473-3355fbf167ed.jpeg\" data-track-layout-name=\"image:right\" data-track-position-source=\"related-article\" href=\"https:\/\/e24.no\/boers-og-finans\/i\/d4RBvj\/iran-krigen-sender-flybillettene-til-himmels\" rel=\"nofollow noopener\" target=\"_blank\"><img decoding=\"async\" alt=\"\" class=\"_image_19jmd_78\" height=\"2400\" loading=\"lazy\"  src=\"https:\/\/www.europesays.com\/no\/wp-content\/uploads\/2026\/05\/52a751af-365f-4436-b473-3355fbf167ed.jpeg\"  width=\"3600\"\/><\/p>\n<p class=\"label-small _kicker_19jmd_89\">Les ogs\u00e5<\/p>\n<p>Iran-krigen sender flybillettene til himmels<\/a>     <\/p>\n","protected":false},"excerpt":{"rendered":"Oppsummeringen er laget med kunstig intelligens og kvalitetssikret av E24s journalister. SAS-sjefen sier at Iran-krigen og h\u00f8ye drivstoffpriser&hellip;\n","protected":false},"author":2,"featured_media":252425,"comment_status":"","ping_status":"","sticky":false,"template":"","format":"standard","meta":{"footnotes":"","_share_on_mastodon":"0"},"categories":[56],"tags":[19056,7649,2639,22486,19438,60,2575,61,19243,744,5845,301,7438,62,30,28,29,2379,3903,12595,3403,3283,3272,299],"class_list":["post-252424","post","type-post","status-publish","format-standard","has-post-thumbnail","category-naeringsliv","tag-air-france-klm","tag-airbus","tag-amsterdam","tag-anko-van-der-werff","tag-arsrapport","tag-business","tag-drivstoffpriser","tag-economy","tag-embraer","tag-flyselskaper","tag-klm","tag-luftfart","tag-lufthansa","tag-naeringsliv","tag-no","tag-norge","tag-norway","tag-norwegian","tag-oljepris","tag-regnskap-og-resultater","tag-ryanair","tag-sas","tag-starlink","tag-wideroe"],"share_on_mastodon":{"url":"https:\/\/pubeurope.com\/@no\/116667341537083345","error":""},"_links":{"self":[{"href":"https:\/\/www.europesays.com\/no\/wp-json\/wp\/v2\/posts\/252424","targetHints":{"allow":["GET"]}}],"collection":[{"href":"https:\/\/www.europesays.com\/no\/wp-json\/wp\/v2\/posts"}],"about":[{"href":"https:\/\/www.europesays.com\/no\/wp-json\/wp\/v2\/types\/post"}],"author":[{"embeddable":true,"href":"https:\/\/www.europesays.com\/no\/wp-json\/wp\/v2\/users\/2"}],"replies":[{"embeddable":true,"href":"https:\/\/www.europesays.com\/no\/wp-json\/wp\/v2\/comments?post=252424"}],"version-history":[{"count":0,"href":"https:\/\/www.europesays.com\/no\/wp-json\/wp\/v2\/posts\/252424\/revisions"}],"wp:featuredmedia":[{"embeddable":true,"href":"https:\/\/www.europesays.com\/no\/wp-json\/wp\/v2\/media\/252425"}],"wp:attachment":[{"href":"https:\/\/www.europesays.com\/no\/wp-json\/wp\/v2\/media?parent=252424"}],"wp:term":[{"taxonomy":"category","embeddable":true,"href":"https:\/\/www.europesays.com\/no\/wp-json\/wp\/v2\/categories?post=252424"},{"taxonomy":"post_tag","embeddable":true,"href":"https:\/\/www.europesays.com\/no\/wp-json\/wp\/v2\/tags?post=252424"}],"curies":[{"name":"wp","href":"https:\/\/api.w.org\/{rel}","templated":true}]}}