{"id":25244,"date":"2025-09-02T19:27:17","date_gmt":"2025-09-02T19:27:17","guid":{"rendered":"https:\/\/www.europesays.com\/no\/25244\/"},"modified":"2025-09-02T19:27:17","modified_gmt":"2025-09-02T19:27:17","slug":"donald-trump-svarer-om-helseryktene","status":"publish","type":"post","link":"https:\/\/www.europesays.com\/no\/25244\/","title":{"rendered":"Donald Trump svarer om helseryktene:"},"content":{"rendered":"\n<p class=\"_lead_1bvmi_2 _lead_xtcu6_50 layout-component text-serif-m layout-normal text-serif-l layout-component layout-wide layout-padded _wide_17hqh_1 layout-padded\">Donald Trump rapporterer om en aktiv helg, og sier at nasjonalgarden skal inn i Chicago. <\/p>\n<p> <img class=\"_image_qp4xg_65 layout-component layout-wide\" data-fullscreen- data-track-element-type=\"Article image fullscreen\" data-track-name=\"ImageFullscreen\" fetchpriority=\"high\" decoding=\"sync\" loading=\"eager\" height=\"102\" itemprop=\"image\"  src=\"https:\/\/www.europesays.com\/no\/wp-content\/uploads\/2025\/09\/b2b09e9627bf2aeac6f5e2d7e7c38062.jpg\"  style=\"object-position:50% 50%;aspect-ratio:1.75;height:auto;object-fit:cover;width:100%\" width=\"102\"\/>  <\/p>\n<ul aria-hidden=\"true\" class=\"_images_1y6fe_106\">\n<li><a class=\"_link_1y6fe_111\" href=\"https:\/\/www.vg.no\/forfatter\/elise-kvien\" style=\"z-index:1\" title=\"Elise Kvien\" rel=\"nofollow noopener\" target=\"_blank\"><img alt=\"Bilde av Elise Kvien\" class=\"_image_1y6fe_88\" fetchpriority=\"low\" loading=\"lazy\" decoding=\"async\" itemprop=\"image\"  src=\"https:\/\/www.europesays.com\/no\/wp-content\/uploads\/2025\/09\/1756841236_220_e9d71b6f-2a15-4dd1-85be-ea8fb873046c\"  width=\"480\"\/><\/a><\/li>\n<\/ul>\n<p> Oppdatert tirsdag 2. september kl. 21:25    <\/p>\n<ul class=\"_list_1bvmi_3 _list_1flq1_85 _unordered_1bvmi_99 text-sans-m\">\n<li class=\"_item_1bvmi_30\">Rykter om Donald Trumps d\u00f8d spredte seg i helgen, men han avviste dem som \u00abfake news\u00bb.<\/li>\n<li class=\"_item_1bvmi_30\">Trump m\u00f8tte pressen tirsdag for f\u00f8rste gang p\u00e5 en uke.<\/li>\n<li class=\"_item_1bvmi_30\">Han annonserte at nasjonalgarden skal inn i Chicago for \u00e5 bekjempe kriminalitet.<\/li>\n<\/ul>\n<p>Vis mer <\/p>\n<p class=\"_paragraph_1bvmi_4 _paragraph_xtcu6_10 layout-component text-serif-m layout-normal text-serif-m layout-padded\">Ryktene om Trumps d\u00f8d dukket opp i sosiale medier etter at han ikke viste seg i offentligheten p\u00e5 flere dager. I tillegg var han ikke satt opp p\u00e5 noen offisielle oppdrag i helgen. <\/p>\n<p class=\"_paragraph_1bvmi_4 _paragraph_xtcu6_10 layout-component text-serif-m layout-normal text-serif-m layout-padded\">Tusenvis av poster p\u00e5 X, tidligere Twitter, hadde tagger som \u00ab#whereistrump\u00bb og \u00ab#TRUMPDIED\u00bb, if\u00f8lge <a href=\"https:\/\/www.newsweek.com\/donald-trump-photographed-labor-day-amid-baseless-death-rumors-2122752\" class=\"_link_1bvmi_39\" rel=\"nofollow noopener\" target=\"_blank\">Newsweek<\/a>. P\u00e5 Google var \u00abTrump\u00bb, \u00abis Trump Dead\u00bb blant de mest popul\u00e6re s\u00f8kene p\u00e5 l\u00f8rdag, if\u00f8lge <a href=\"https:\/\/www.forbes.com\/sites\/tylerroush\/2025\/08\/30\/is-trump-dead-rumors-debunked-as-trump-seen-leaving-for-golf\/\" class=\"_link_1bvmi_39\" rel=\"nofollow noopener\" target=\"_blank\">Forbes<\/a>. <\/p>\n<p class=\"_paragraph_1bvmi_4 _paragraph_xtcu6_10 layout-component text-serif-m layout-normal text-serif-m layout-padded\">Han avviste f\u00f8rst spekulasjonene i en post p\u00e5 Truth Social allerede p\u00e5 s\u00f8ndag: <\/p>\n<p><img alt=\"INGEN TVIL: Trump sier han aldri har hatt det bedre.   Foto: Skjermbilde\" class=\"_image_qp4xg_65 layout-component layout-normal\" data-fullscreen- data-track-element-type=\"Article image fullscreen\" data-track-name=\"ImageFullscreen\" decoding=\"async\" loading=\"lazy\" height=\"139\" itemprop=\"image\"  src=\"https:\/\/www.europesays.com\/no\/wp-content\/uploads\/2025\/09\/de560c87-fd94-4d45-8186-f5054237c2b4\"  style=\"object-position:0% 0%\" width=\"719\"\/>INGEN TVIL: Trump sier han aldri har hatt det bedre.   Foto: SkjermbildeHelsespekulasjoner<\/p>\n<p class=\"_paragraph_1bvmi_4 _paragraph_xtcu6_10 layout-component text-serif-m layout-normal text-serif-m layout-padded\">Tirsdag er f\u00f8rste gang man ser <a href=\"https:\/\/www.vg.no\/tag\/donald-trump-2?utm_source=vg-article&amp;utm_medium=auto-tagger&amp;utm_campaign=1MElxQ\" class=\"_link_1bvmi_39\" rel=\"nofollow noopener\" target=\"_blank\">Donald Trump<\/a> i offisielt oppdrag p\u00e5 en uke. <\/p>\n<p class=\"_paragraph_1bvmi_4 _paragraph_xtcu6_10 layout-component text-serif-m layout-normal text-serif-m layout-padded\">Han m\u00f8tte pressen i Det ovale kontoret for \u00e5 annonsere at hovedkontoret til US Space Command flyttes fra Colorado til Alabama. <\/p>\n<p class=\"_paragraph_1bvmi_4 _paragraph_xtcu6_10 layout-component text-serif-m layout-normal text-serif-m layout-padded\">Trumps helse har v\u00e6rt omtalt i det siste. Trump har blitt avbildet med bl\u00e5merker p\u00e5 hendene flere ganger. Det hvite hus har forklart at det er som f\u00f8lge av hyppig h\u00e5ndhilsing.<\/p>\n<p class=\"_paragraph_1bvmi_4 _paragraph_xtcu6_10 layout-component text-serif-m layout-normal text-serif-m layout-padded\">Tidligere i juli bekreftet talspersonen at han hadde f\u00e5tt <a href=\"https:\/\/www.vg.no\/nyheter\/i\/Ppblx6\/trump-har-faatt-paavist-vedvarende-svikt-i-blodaarene-i-beina\" data-track-element-type=\"Link\" data-track-id=\"link:Ppblx6\" class=\"_link_1bvmi_39\" rel=\"nofollow noopener\" target=\"_blank\">p\u00e5vist vedvarende svikt i blod\u00e5rene i beina<\/a>.<\/p>\n<p><img alt=\"H\u00c5NDHILSEN: Det hvite hus sier at Trumps bl\u00e5merker er grunnet hyppig h\u00e5ndhilsing.  Foto: SAUL LOEB \/ AFP \/ NTB\" class=\"_image_qp4xg_65 layout-component layout-normal\" data-fullscreen- data-track-element-type=\"Article image fullscreen\" data-track-name=\"ImageFullscreen\" decoding=\"async\" loading=\"lazy\" height=\"1441\" itemprop=\"image\"  src=\"https:\/\/www.europesays.com\/no\/wp-content\/uploads\/2025\/09\/191d8c92-f572-419b-bcfc-d88cddbe7ce5\"  style=\"object-position:0% 0%\" width=\"2161\"\/>H\u00c5NDHILSEN: Det hvite hus sier at Trumps bl\u00e5merker er grunnet hyppig h\u00e5ndhilsing.  Foto: SAUL LOEB \/ AFP \/ NTB<\/p>\n<p class=\"_paragraph_1bvmi_4 _paragraph_xtcu6_10 layout-component text-serif-m layout-normal text-serif-m layout-padded\">Da han m\u00f8tte pressen tirsdag fikk han sp\u00f8rsm\u00e5l om han har f\u00e5tt med seg at 1,3 millioner hadde engasjert seg p\u00e5 X om ryktene om hans d\u00f8d.<\/p>\n<p class=\"_paragraph_1bvmi_4 _paragraph_xtcu6_10 layout-component text-serif-m layout-normal text-serif-m layout-padded\">Det sa han at han ikke hadde f\u00e5tt med seg, men sier likevel at han f\u00e5r rapporter og har v\u00e6rt veldig aktiv i helgen som var.<\/p>\n<p class=\"_paragraph_1bvmi_4 _paragraph_xtcu6_10 layout-component text-serif-m layout-normal text-serif-m layout-padded\">\u2013 Det er fake news. Det er s\u00e5 fake. Media har s\u00e5 lite troverdighet. Jeg var veldig aktiv, sa han.  <\/p>\n<p class=\"_paragraph_1bvmi_4 _paragraph_xtcu6_10 layout-component text-serif-m layout-normal text-serif-m layout-padded\">Han sier han gjorde mange intervjuer i helgen og har skrevet \u00abmange truthstruthshan viser til sitt sosiale medium Truth Social\u00bb. <\/p>\n<p>Nasjonalgarden til Chicago<\/p>\n<p class=\"_paragraph_1bvmi_4 _paragraph_xtcu6_10 layout-component text-serif-m layout-normal text-serif-m layout-padded\">Trump sier at han kommer til \u00e5 sette inn <a href=\"https:\/\/www.vg.no\/nyheter\/i\/bmAm63\/washington-post-nasjonalgarden-kan-snart-bli-utplassert-i-chicago\" data-track-element-type=\"Link\" data-track-id=\"link:bmAm63\" class=\"_link_1bvmi_39\" rel=\"nofollow noopener\" target=\"_blank\">nasjonalgarden i Chicago<\/a>. Han sier ikke n\u00e5r, men bekrefter at det skjer. <\/p>\n<p class=\"_paragraph_1bvmi_4 _paragraph_xtcu6_10 layout-component text-serif-m layout-normal text-serif-m layout-padded\">Han har allerede satt inn nesten 2000 nasjonalgardister <a href=\"https:\/\/www.vg.no\/nyheter\/i\/Oova7V\/donald-trump-tar-kontroll-over-hovedtogstasjonen-i-washington-d-c-en-opptrapping\" data-track-element-type=\"Link\" data-track-id=\"link:Oova7V\" class=\"_link_1bvmi_39\" rel=\"nofollow noopener\" target=\"_blank\">for \u00e5 bekjempe kriminalitet<\/a> i hovedstaden Washington D.C.<\/p>\n<p class=\"_paragraph_1bvmi_4 _paragraph_xtcu6_10 layout-component text-serif-m layout-normal text-serif-m layout-padded\">I juni utplasserte han tusenvis av nasjonalgardister i Los Angeles.<\/p>\n<ul class=\"_list_1bvmi_3 _list_xtcu6_9 _unordered_1bvmi_99 layout-component text-serif-m layout-normal text-serif-m layout-padded\">\n<li class=\"_item_1bvmi_30\"><strong class=\"_strong_1bvmi_25\">Les ogs\u00e5: <a href=\"https:\/\/www.vg.no\/nyheter\/i\/8q2xBW\/usa-derfor-setter-donald-trump-inn-nasjonalgarden\" data-track-element-type=\"Link\" data-track-id=\"link:8q2xBW\" class=\"_link_1bvmi_39\" rel=\"nofollow noopener\" target=\"_blank\">Derfor setter Trump inn nasjonalgarden<\/a><\/strong><\/li>\n<\/ul>\n","protected":false},"excerpt":{"rendered":"Donald Trump rapporterer om en aktiv helg, og sier at nasjonalgarden skal inn i Chicago. Oppdatert tirsdag 2.&hellip;\n","protected":false},"author":2,"featured_media":25245,"comment_status":"","ping_status":"","sticky":false,"template":"","format":"standard","meta":{"footnotes":""},"categories":[12],"tags":[20,21,73,55,24,25,15,148,22,23,13,30,28,29,14,16,2602,26,27,42,43,44,45],"class_list":{"0":"post-25244","1":"post","2":"type-post","3":"status-publish","4":"format-standard","5":"has-post-thumbnail","7":"category-verden","8":"tag-breaking-news","9":"tag-breakingnews","10":"tag-det-hvite-hus","11":"tag-donald-trump","12":"tag-featured-news","13":"tag-featurednews","14":"tag-headlines","15":"tag-kriminalitet","16":"tag-latest-news","17":"tag-latestnews","18":"tag-news","19":"tag-no","20":"tag-norge","21":"tag-norway","22":"tag-nyheter","23":"tag-overskrifter","24":"tag-rykter","25":"tag-top-stories","26":"tag-topstories","27":"tag-verden","28":"tag-world","29":"tag-world-news","30":"tag-worldnews"},"share_on_mastodon":{"url":"","error":""},"_links":{"self":[{"href":"https:\/\/www.europesays.com\/no\/wp-json\/wp\/v2\/posts\/25244","targetHints":{"allow":["GET"]}}],"collection":[{"href":"https:\/\/www.europesays.com\/no\/wp-json\/wp\/v2\/posts"}],"about":[{"href":"https:\/\/www.europesays.com\/no\/wp-json\/wp\/v2\/types\/post"}],"author":[{"embeddable":true,"href":"https:\/\/www.europesays.com\/no\/wp-json\/wp\/v2\/users\/2"}],"replies":[{"embeddable":true,"href":"https:\/\/www.europesays.com\/no\/wp-json\/wp\/v2\/comments?post=25244"}],"version-history":[{"count":0,"href":"https:\/\/www.europesays.com\/no\/wp-json\/wp\/v2\/posts\/25244\/revisions"}],"wp:featuredmedia":[{"embeddable":true,"href":"https:\/\/www.europesays.com\/no\/wp-json\/wp\/v2\/media\/25245"}],"wp:attachment":[{"href":"https:\/\/www.europesays.com\/no\/wp-json\/wp\/v2\/media?parent=25244"}],"wp:term":[{"taxonomy":"category","embeddable":true,"href":"https:\/\/www.europesays.com\/no\/wp-json\/wp\/v2\/categories?post=25244"},{"taxonomy":"post_tag","embeddable":true,"href":"https:\/\/www.europesays.com\/no\/wp-json\/wp\/v2\/tags?post=25244"}],"curies":[{"name":"wp","href":"https:\/\/api.w.org\/{rel}","templated":true}]}}