{"id":25251,"date":"2025-09-02T19:31:09","date_gmt":"2025-09-02T19:31:09","guid":{"rendered":"https:\/\/www.europesays.com\/no\/25251\/"},"modified":"2025-09-02T19:31:09","modified_gmt":"2025-09-02T19:31:09","slug":"helle-nordby-om-mammarollen-og-kritikk-fra-mammapolitiet","status":"publish","type":"post","link":"https:\/\/www.europesays.com\/no\/25251\/","title":{"rendered":"Helle Nordby om mammarollen og kritikk fra mammapolitiet:"},"content":{"rendered":"<p class=\"kicker \" style=\"\">Helle Nordby:\u00a0<\/p>\n<p>  Influenseren deler \u00e5penhjertig om de f\u00f8rste m\u00e5nedene som mamma og kritikken fra \u00abmammapolitiet\u00bb.\u00a0<\/p>\n<p>\n    \u00c6RLIG: Helle Nordby ble mamma for f\u00f8rste gang for to m\u00e5neder siden. Foto: Skjermdump: @helle_nordby \/ Instagram\n  <\/p>\n<p>I juli ble influenser og podkast-programleder <a href=\"https:\/\/www.seher.no\/kjendis\/en-kjip-nyhet\/83501261\" rel=\"nofollow noopener\" target=\"_blank\">Helle Nordby (29)<\/a> og samboeren Martin L\u00f8nn foreldre for f\u00f8rste gang, til <a href=\"https:\/\/www.seher.no\/kjendis\/roper-babynavnet\/83372044\" rel=\"nofollow noopener\" target=\"_blank\">datteren Lara<\/a>.\u00a0<\/p>\n<p>Tirsdag kveld m\u00f8ter Se og H\u00f8r den nybakte moren under premierefesten til programmet \u00abSistemann ut\u00bb. Her deler hun \u00e5penhjertig om de siste m\u00e5nedene.\u00a0<\/p>\n<p>    <a itemprop=\"url\" href=\"https:\/\/www.seher.no\/kjendis\/en-kjip-nyhet\/83501261\" rel=\"nofollow noopener\" target=\"_blank\"><\/p>\n<p>      <img loading=\"lazy\" decoding=\"async\" src=\"https:\/\/www.europesays.com\/no\/wp-content\/uploads\/2025\/09\/82328956.webp\" width=\"147\" height=\"98\" title=\"- En kjip nyhet\" alt=\"\" class=\"lazyload\" style=\"--aspect-ratio-image: 1.50; \"\/><\/p>\n<p>        &#8211; En kjip nyhet<\/p>\n<p>    <\/a><\/p>\n<p>&#8211; De har v\u00e6rt kaotiske. Det er en blanding av ekstrem lykke som m\u00f8ter masse utfordringer. Jeg skal ikke si noe annet enn at jeg har hatt en fantastisk opplevelse, men det er ekstremt overveldende, sier hun og legger til:<\/p>\n<p class=\"font-weight-bold m-font-weight-bold\" data-lab-font_weight=\"font-weight-bold\">&#8211; Jeg har hatt et par \u00abbreakdowns\u00bb, men smiler hver dag.\u00a0<\/p>\n<p>        TOK ABORT: \u00abBloggerne\u00bb-profilen \u00e5pner seg om det t\u00f8ffe valget, og hvordan det blir \u00e5 m\u00e5tte gjennoppleve den vonde tiden p\u00e5 TV. Video: TV 2\/ \u00abBloggerne\u00bb\/ \u00abVokteren\u00bb\/ R\u00f8d L\u00f8per\/ Thea Hope\/ Sanne Holt<\/p>\n<p>Som influenser deler Nordby hverdagen sin i sosiale medier, og forteller at hun har blitt m\u00f8tt med kritikk fra \u00abmammapolitiet\u00bb etter at hun ble mor.\u00a0<\/p>\n<p class=\"font-weight-bold m-font-weight-bold\" data-lab-font_weight=\"font-weight-bold\">&#8211; \u00abMammapolitiet\u00bb er der, og de er noen gribber. Jeg skal v\u00e6re \u00e6rlig og si at det preller ganske lett av, fordi jeg vet at jeg er en god mor.\u00a0<\/p>\n<p>29-\u00e5ringen r\u00f8per at kritikken hun f\u00e5r, g\u00e5r p\u00e5 at hun er ute p\u00e5 arrangementer eller med venninnene sine.<\/p>\n<p>Tidligere har Nordby ogs\u00e5 kommet med en<a href=\"https:\/\/www.seher.no\/kjendis\/svarer-etter-kritikkstormen\/83452974\" rel=\"nofollow noopener\" target=\"_blank\"> tydelig beskjed til \u00abmammapolitiet\u00bb<\/a>, etter at hun fikk kritikk for \u00e5 ha valgt dagmamma til datteren. <\/p>\n<p>    <a itemprop=\"url\" href=\"https:\/\/www.seher.no\/kjendis\/svarer-etter-kritikkstormen\/83452974\" rel=\"nofollow noopener\" target=\"_blank\"><\/p>\n<p>      <img loading=\"lazy\" decoding=\"async\" src=\"https:\/\/www.europesays.com\/no\/wp-content\/uploads\/2025\/09\/83452907.webp\" width=\"980\" height=\"441\" title=\"Svarer etter kritikkstormen\" alt=\"\" class=\"lazyload\" style=\"--aspect-ratio-image: 2.22; \"\/><\/p>\n<p>        Svarer etter kritikkstormen<\/p>\n<p>    <\/a><\/p>\n<p>&#8211; Majoriteten er fra\u00a0kvinner mellom 50 og 65 \u00e5r. Det syns jeg egentlig er litt trist, fordi de fleste av dem skriver at de har barn og at de aldri kunne gjort det og det.\u00a0<\/p>\n<p>&#8211; De kaller meg en \u00abforferdelig mor\u00bb og skriver at barnet mitt aldri kommer til \u00e5 ville ha noe med meg \u00e5 gj\u00f8re n\u00e5r hun blir voksen. Det er s\u00e5 mye ondskapsfulle meninger der ute. Jeg synes det er trist at de ikke klarer \u00e5 ha litt medf\u00f8lelse.\u00a0<\/p>\n<p>        NYSINGEL: Forrige uke ble det kjent at Samantha Skogrand og kj\u00e6resten har gjort det slutt, slik har tiden v\u00e6rt etter bruddet. Video: Thea Hope. <\/p>\n<p>Til Se og H\u00f8r hyller influenseren samboeren for st\u00f8tten han gir til henne.\u00a0<\/p>\n<p class=\"font-weight-bold m-font-weight-bold\" data-lab-font_weight=\"font-weight-bold\">&#8211; Jeg har verdens beste partner. Hadde jeg v\u00e6rt alene om dette hadde jeg m\u00e5ttet ha psykologhjelp og mamma m\u00e5tte ha flyttet inn.\u00a0<\/p>\n<p>    <a itemprop=\"url\" href=\"https:\/\/www.seher.no\/kjendis\/roper-babynavnet\/83372044\" rel=\"nofollow noopener\" target=\"_blank\"><\/p>\n<p>      <img loading=\"lazy\" decoding=\"async\" src=\"https:\/\/www.europesays.com\/no\/wp-content\/uploads\/2025\/09\/83339319.webp\" width=\"980\" height=\"441\" title=\"R\u00f8per babynavnet\" alt=\"\" class=\"lazyload\" style=\"--aspect-ratio-image: 2.22; \"\/><\/p>\n<p>        R\u00f8per babynavnet<\/p>\n<p>    <\/a><\/p>\n<p>&#8211; Det hjelper veldig \u00e5 ha kj\u00e6resten min Martin. Han er min klippe gjennom dette. Jeg har syntes at det har v\u00e6rt utfordrende \u00e5 bli mamma.\u00a0 Det \u00e5 bli mamma var ikke helt naturlig for meg, men det var veldig naturlig for ham \u00e5 bli pappa. <\/p>\n<p>I h\u00f8st er Nordby \u00e5 se i programmet \u00abSistemann ut\u00bb, som har premiere p\u00e5\u00a0TVNorge og HBO Max 3. september.\u00a0<\/p>\n","protected":false},"excerpt":{"rendered":"Helle Nordby:\u00a0 Influenseren deler \u00e5penhjertig om de f\u00f8rste m\u00e5nedene som mamma og kritikken fra \u00abmammapolitiet\u00bb.\u00a0 \u00c6RLIG: Helle Nordby&hellip;\n","protected":false},"author":2,"featured_media":25252,"comment_status":"","ping_status":"","sticky":false,"template":"","format":"standard","meta":{"footnotes":""},"categories":[58],"tags":[71,3223,479,2543,30,28,29,4007,72],"class_list":{"0":"post-25251","1":"post","2":"type-post","3":"status-publish","4":"format-standard","5":"has-post-thumbnail","7":"category-underholdning","8":"tag-entertainment","9":"tag-helle-nordby","10":"tag-kjendis","11":"tag-kjendisdesken","12":"tag-no","13":"tag-norge","14":"tag-norway","15":"tag-sistemann-ut","16":"tag-underholdning"},"share_on_mastodon":{"url":"","error":""},"_links":{"self":[{"href":"https:\/\/www.europesays.com\/no\/wp-json\/wp\/v2\/posts\/25251","targetHints":{"allow":["GET"]}}],"collection":[{"href":"https:\/\/www.europesays.com\/no\/wp-json\/wp\/v2\/posts"}],"about":[{"href":"https:\/\/www.europesays.com\/no\/wp-json\/wp\/v2\/types\/post"}],"author":[{"embeddable":true,"href":"https:\/\/www.europesays.com\/no\/wp-json\/wp\/v2\/users\/2"}],"replies":[{"embeddable":true,"href":"https:\/\/www.europesays.com\/no\/wp-json\/wp\/v2\/comments?post=25251"}],"version-history":[{"count":0,"href":"https:\/\/www.europesays.com\/no\/wp-json\/wp\/v2\/posts\/25251\/revisions"}],"wp:featuredmedia":[{"embeddable":true,"href":"https:\/\/www.europesays.com\/no\/wp-json\/wp\/v2\/media\/25252"}],"wp:attachment":[{"href":"https:\/\/www.europesays.com\/no\/wp-json\/wp\/v2\/media?parent=25251"}],"wp:term":[{"taxonomy":"category","embeddable":true,"href":"https:\/\/www.europesays.com\/no\/wp-json\/wp\/v2\/categories?post=25251"},{"taxonomy":"post_tag","embeddable":true,"href":"https:\/\/www.europesays.com\/no\/wp-json\/wp\/v2\/tags?post=25251"}],"curies":[{"name":"wp","href":"https:\/\/api.w.org\/{rel}","templated":true}]}}