{"id":252532,"date":"2026-05-31T08:15:30","date_gmt":"2026-05-31T08:15:30","guid":{"rendered":"https:\/\/www.europesays.com\/no\/252532\/"},"modified":"2026-05-31T08:15:30","modified_gmt":"2026-05-31T08:15:30","slug":"blir-ikke-bedre-2","status":"publish","type":"post","link":"https:\/\/www.europesays.com\/no\/252532\/","title":{"rendered":"&#8211; Blir ikke bedre"},"content":{"rendered":"<p class=\"kicker \" style=\"\">Fotball-VM 2026<\/p>\n<p>    Eivind Hellstr\u00f8m (77) holdt lovnaden sin til landslagsgutta. Men en viktig person uteble.\u00a0<\/p>\n<p>\n    HVOR ER ERLING? Erling Braut Haaland m\u00f8tte ikke opp. Foto: Skjermdump, Herrelandslaget \/ Instagram\n  <\/p>\n<p>Erling Braut Haaland og de norske landslagsgutta har lenge v\u00e6rt store fans av stjernekokk Eyvind Hellstr\u00f8m. Flere parodier har n\u00e5dd det store internettet &#8211; blant annet da <a href=\"https:\/\/www.dagbladet.no\/sport\/hellstrom-stunt-i-pausen\/83194149\" target=\"_blank\" rel=\"nofollow noopener\">Haaland parodierte Hellstr\u00f8m i pausen<\/a> i hjemmekampen mot Italia.<\/p>\n<p data-lab-font_weight=\"\">I etterkant av at Norge kvalifiserte seg til VM i USA, Canada og Mexico har duoen utvekslet hilsener til hverandre ved flere anledninger. Stjernekokken lovte p\u00e5 et tidspunkt \u00e5 lage mat til landslagsgutta, og i en video fra herrelandslaget p\u00e5 <a href=\"https:\/\/www.instagram.com\/p\/DY_h9EcsAYf\/\" target=\"_blank\" rel=\"nofollow noopener\">Instagram<\/a>, kan man se at l\u00f8ftet ble oppfylt.<\/p>\n<p class=\"font-weight-bold m-font-weight-bold\" data-lab-font_weight=\"font-weight-bold\">&#8211; Hele denne lunsjen er kommet i stand fordi Erling begynte \u00e5 parodiere meg i pauser, sier Hellstr\u00f8m til spillere og st\u00f8tteapparat i videoen.\u00a0<\/p>\n<p data-lab-font_weight=\"\">&#8211; Han var j\u00e6vlig god til det, s\u00e5 jeg har f\u00e5tt med meg Norges beste kokker, og jeg har f\u00e5tt med meg det beste kj\u00f8ttet fra g\u00e5rder i Norge for \u00e5 vise takknemlighet til den underholdningen som dere gir oss som seere, fortsetter han.<\/p>\n<p>Sander Berge, J\u00f8rgen Strand Larsen, Marcus Holmgren Pedersen og flere av landslagsstjernene hilste en etter en p\u00e5 kokken. Hellstr\u00f8m har tidligere sagt til <a href=\"https:\/\/www.nettavisen.no\/kjendis\/hellstrom-inviterte-haaland-pa-middag\/s\/5-95-3028254\" target=\"_blank\" rel=\"nofollow noopener\">Nettavisen<\/a>\u00a0at han skulle lage mat til 50 personer.<\/p>\n<p>Men \u00e9n mann var ikke til stede da middagen ble stelt i stand.<\/p>\n<p class=\"font-weight-bold m-font-weight-bold\" data-lab-font_weight=\"font-weight-bold\">&#8211; Vi m\u00e5 sende Erling et bilde s\u00e5 han ser hva han g\u00e5r glipp av, sier Sander Berge til stjernekokken.<\/p>\n<p data-lab-font_weight=\"\">Berge og Hellstr\u00f8m tok et bilde p\u00e5 snapchat med teksten\u00a0\u00abHvor erru Erling?\u00bb<\/p>\n<p>        <img loading=\"lazy\" decoding=\"async\" src=\"https:\/\/www.europesays.com\/no\/wp-content\/uploads\/2026\/05\/84695480.webp\" width=\"667\" height=\"441\" alt=\"\" class=\"\" style=\"--aspect-ratio-image: 1.51; \"\/><\/p>\n<p>\n        UTEBLE: Haaland var ikke med p\u00e5 lunsjen til Hellstr\u00f8m. Foto: Conor Molloy \/ ProSports \/ Shutterstock \/ NTB\n    <\/p>\n<p>Haaland har f\u00e5tt et spesialopplegg fra St\u00e5le Solbakken f\u00f8r VM, og har enn\u00e5 ikke sluttet seg til troppen. Etter at <a href=\"https:\/\/www.dagbladet.no\/kjendis\/vant-hedersprisen\/84593864\" target=\"_blank\" rel=\"nofollow noopener\">Hellstr\u00f8m vant hedersprisen p\u00e5 Gullruten<\/a>\u00a0tidligere i \u00e5r, var j\u00e6rbuen en av de som gratulerte. Ogs\u00e5 da s\u00f8rget han for \u00e5 minne Hellstr\u00f8m p\u00e5 middagen.<\/p>\n<p>&#8211;\u00a0Du har lovet en middag til meg og landslaget, sa han blant annet da.<\/p>\n<p>Heller ikke Martin \u00d8degaard var \u00e5 se p\u00e5 videoen. Han var nok <a href=\"https:\/\/www.dagbladet.no\/sport\/forste-melding-brutalt\/84694263\" target=\"_blank\" rel=\"nofollow noopener\">opptatt med Champions League-finale<\/a> denne uka.<\/p>\n<p>Ogs\u00e5 Sven Erik Renaa, som driver 3-stjernersrestauranten Renaa i Stavanger var en del av kj\u00f8kkenet.<\/p>\n<p>&#8211; S\u00e5 et \u00f8nske om \u00e5 gi noe tilbake: Det beste kj\u00f8ttet, de beste kokkene og vi har s\u00e5 mye mat, s\u00e5 dere m\u00e5 spise godt, fortsatte Hellstr\u00f8m.<\/p>\n<p>        <img loading=\"lazy\" decoding=\"async\" src=\"https:\/\/www.europesays.com\/no\/wp-content\/uploads\/2026\/05\/84695477.webp\" width=\"667\" height=\"441\" alt=\"\" class=\"\" style=\"--aspect-ratio-image: 1.51; \"\/><\/p>\n<p>\n        ETTERLYSNING: Hellstr\u00f8m savnet Haaland under lunsjen han stelte i stand. Foto: Heiko Junge \/ NTB\n    <\/p>\n<p>N\u00e5r og hvor lunsjen foregikk kommer ikke fram i videoen, men det er naturlig \u00e5 anta at den ble gjennomf\u00f8rt fredag eller l\u00f8rdag denne uka, da landslaget var samlet.<\/p>\n<p>Hellstr\u00f8m har tidligere sagt at det skulle skje 30. mai, alts\u00e5 l\u00f8rdag. Landslaget virker uansett \u00e5 v\u00e6re forn\u00f8yde med serveringen.<\/p>\n<p class=\"font-weight-bold m-font-weight-bold\" data-lab-font_weight=\"font-weight-bold\">&#8211; Takk for maten, Eyvind, skriver de under innlegget.<\/p>\n<p data-lab-font_weight=\"\">Norge tar imot Sverige p\u00e5 Ullevaal mandag klokka 19, f\u00f8r de setter kursen mot USA dagen etter.<\/p>\n<p>Landslaget spiller f\u00f8rste VM-kamp mot Irak natt til 17. juni.<\/p>\n<p class=\"font-weight-bold m-font-weight-bold italic m-italic\" data-lab-font_weight=\"font-weight-bold\" data-lab-italic=\"italic\">Hvem mener du b\u00f8r starte for Norge mot Sverige? Ta ut DITT lag her:<\/p>\n<p><script async src=\"\/\/www.instagram.com\/embed.js\"><\/script><\/p>\n","protected":false},"excerpt":{"rendered":"Fotball-VM 2026 Eivind Hellstr\u00f8m (77) holdt lovnaden sin til landslagsgutta. Men en viktig person uteble.\u00a0 HVOR ER ERLING?&hellip;\n","protected":false},"author":2,"featured_media":252533,"comment_status":"","ping_status":"","sticky":false,"template":"","format":"standard","meta":{"footnotes":"","_share_on_mastodon":"0"},"categories":[59],"tags":[92,4145,5395,30,28,29,83,82,11859],"class_list":["post-252532","post","type-post","status-publish","format-standard","has-post-thumbnail","category-sport","tag-fotball","tag-herrelandslaget","tag-morten-thorsby","tag-no","tag-norge","tag-norway","tag-sport","tag-sports","tag-vm2026"],"share_on_mastodon":{"url":"https:\/\/pubeurope.com\/@no\/116668198634181846","error":""},"_links":{"self":[{"href":"https:\/\/www.europesays.com\/no\/wp-json\/wp\/v2\/posts\/252532","targetHints":{"allow":["GET"]}}],"collection":[{"href":"https:\/\/www.europesays.com\/no\/wp-json\/wp\/v2\/posts"}],"about":[{"href":"https:\/\/www.europesays.com\/no\/wp-json\/wp\/v2\/types\/post"}],"author":[{"embeddable":true,"href":"https:\/\/www.europesays.com\/no\/wp-json\/wp\/v2\/users\/2"}],"replies":[{"embeddable":true,"href":"https:\/\/www.europesays.com\/no\/wp-json\/wp\/v2\/comments?post=252532"}],"version-history":[{"count":0,"href":"https:\/\/www.europesays.com\/no\/wp-json\/wp\/v2\/posts\/252532\/revisions"}],"wp:featuredmedia":[{"embeddable":true,"href":"https:\/\/www.europesays.com\/no\/wp-json\/wp\/v2\/media\/252533"}],"wp:attachment":[{"href":"https:\/\/www.europesays.com\/no\/wp-json\/wp\/v2\/media?parent=252532"}],"wp:term":[{"taxonomy":"category","embeddable":true,"href":"https:\/\/www.europesays.com\/no\/wp-json\/wp\/v2\/categories?post=252532"},{"taxonomy":"post_tag","embeddable":true,"href":"https:\/\/www.europesays.com\/no\/wp-json\/wp\/v2\/tags?post=252532"}],"curies":[{"name":"wp","href":"https:\/\/api.w.org\/{rel}","templated":true}]}}