{"id":25277,"date":"2025-09-02T20:03:15","date_gmt":"2025-09-02T20:03:15","guid":{"rendered":"https:\/\/www.europesays.com\/no\/25277\/"},"modified":"2025-09-02T20:03:15","modified_gmt":"2025-09-02T20:03:15","slug":"bianca-ingrosso-han-ville-ha-meg-ensom-innestengt-hjemme","status":"publish","type":"post","link":"https:\/\/www.europesays.com\/no\/25277\/","title":{"rendered":"Bianca Ingrosso: &#8211; Han ville ha meg ensom, innestengt hjemme"},"content":{"rendered":"<p class=\"kicker \" style=\"\">Bianca Ingrosso<\/p>\n<p>  Bianca Ingrosso ble forfulgt i over et halvt \u00e5r &#8211; n\u00e5 \u00e5pner hun opp om hvor mye det kostet.\u00a0<\/p>\n<p>\n    MARERITT: Den svenske influenseren Bianca Ingrosso \u00e5pner opp om stalkeren &#8211; som skal ha trodd han var i et forhold med henne. Foto: NTB\n  <\/p>\n<p>Bianca Ingresso (30) er en av Sveriges st\u00f8rste influensere. Mange her hjemme kjenner godt til b\u00e5de henne og moren, artisten Pernilla Wahlgren og resten av familien gjennom reality-serien \u00abWahlgrens Verden\u00bb som g\u00e5r p\u00e5 Discovery Plus.<\/p>\n<p>Livet har tilsynelatende smilt til Ingrosso, som blant annet har hatt stor suksess med eget sminkemerke Caia Cosmetics.<\/p>\n<p>I sosiale medier viser hun ogs\u00e5 stadig glimt fra sin nye luksusleilighet i Stockholm.<\/p>\n<p>Samtidig har hun hatt en sv\u00e6rt krevende periode med en fremmed mann som har forfulgt henne &#8211; og p\u00e5st\u00e5tt at de to har et forhold. Han skal ha sendt hundrevis av meldinger og opps\u00f8kt henne personlig.<\/p>\n<p>    <a itemprop=\"url\" href=\"https:\/\/www.kk.no\/samliv\/mannen-min-har-gatt-fra-meg-og-jeg-aner-ikke-hvordan-jeg-dater\/78006231\" rel=\"nofollow noopener\" target=\"_blank\"><\/p>\n<p>      <img loading=\"lazy\" decoding=\"async\" src=\"https:\/\/www.europesays.com\/no\/wp-content\/uploads\/2025\/09\/78006505.webp\" width=\"980\" height=\"441\" title=\"- Mannen min har g\u00e5tt fra meg og jeg aner ikke hvordan jeg dater\" alt=\"\" class=\"lazyload\" style=\"--aspect-ratio-image: 2.22; \"\/><\/p>\n<p>        &#8211; Mannen min har g\u00e5tt fra meg og jeg aner ikke hvordan jeg dater<\/p>\n<p>    <\/a><\/p>\n<p>&#8211; Han ville ha meg ensom\t<\/p>\n<p>I august ble d\u00f8mt til fem m\u00e5neder fengsel.<\/p>\n<p>Nylig gjestet Ingrosso svenske Nyhetsmorgon p\u00e5 TV 4 sammen med moren sin, og fortalte om hvor mye stalkeren hadde begrenset livet hennes.<\/p>\n<p>&#8211; Det har v\u00e6rt kjempevanskelig. Det er f\u00f8rst n\u00e5 jeg har turt \u00e5 erkjenne for meg selv hvor vanskelig det faktisk har v\u00e6rt. Jeg har hatt en destruktiv relasjon til noen jeg aldri har m\u00f8tt. Jeg har kjent meg innestengt i et hj\u00f8rne. Jeg har ikke kunnet leve livet mitt p\u00e5 den m\u00e5ten jeg kunne f\u00f8r.<\/p>\n<p>&#8211; Han ville ha meg ensom, innestengt i hjemmet mitt &#8211; noe jeg til slutt bare gikk med p\u00e5, for det var mye enklere. Jeg kjente meg som en byrde for alle rundt meg.<\/p>\n<p>    <a itemprop=\"url\" href=\"https:\/\/www.kk.no\/video\/forst-da-forstod-jeg-at-jeg-er-et-forbilde\/hOvO4yk1\" rel=\"nofollow noopener\" target=\"_blank\"><\/p>\n<p>      <img loading=\"lazy\" decoding=\"async\" src=\"https:\/\/www.europesays.com\/no\/wp-content\/uploads\/2025\/09\/1756843395_960_83523843.webp\" width=\"980\" height=\"441\" title=\"\u2013 F\u00f8rst da forstod jeg at jeg er et forbilde\" alt=\"\" class=\"lazyload\" style=\"--aspect-ratio-image: 2.22; \"\/><\/p>\n<p>        \u2013 F\u00f8rst da forstod jeg at jeg er et forbilde<\/p>\n<p>    <\/a><\/p>\n<p>P\u00e5gikk i minst et halvt \u00e5r\t<\/p>\n<p>Mannen ble p\u00e5grepet i mai.<\/p>\n<p>If\u00f8lge tiltalen ventet han utenfor hjemmet hennes med blomster, han skal ha sittet i en bil utenfor og kikket, skrevet om henne p\u00e5 en seksuelt nedlatende m\u00e5te og sendt videoklipp hvor han sl\u00e5r i stykker m\u00f8bler, skriver <a href=\"https:\/\/www.vg.no\/rampelys\/i\/nydAGQ\/bianca-ingrosso-stalker-doemt\" rel=\"nofollow noopener\" target=\"_blank\">VG<\/a>.<\/p>\n<p> If\u00f8lge dommen fra Stockholm tingrett, skal stalkingen ha p\u00e5g\u00e5tt i minst seks m\u00e5neder, og omfatter \u00e5tte tilfeller av trakassering, ett tilfelle av seksuell trakassering og to tilfeller av ulovlige trusler, skriver\u00a0<a href=\"https:\/\/www.vg.no\/rampelys\/i\/nydAGQ\/bianca-ingrosso-stalker-doemt\" rel=\"nofollow noopener\" target=\"_blank\">VG<\/a>. <\/p>\n","protected":false},"excerpt":{"rendered":"Bianca Ingrosso Bianca Ingrosso ble forfulgt i over et halvt \u00e5r &#8211; n\u00e5 \u00e5pner hun opp om hvor&hellip;\n","protected":false},"author":2,"featured_media":25278,"comment_status":"","ping_status":"","sticky":false,"template":"","format":"standard","meta":{"footnotes":""},"categories":[58],"tags":[4014,1324,4015,71,2229,4016,30,28,29,4013,4018,1359,72,4017],"class_list":{"0":"post-25277","1":"post","2":"type-post","3":"status-publish","4":"format-standard","5":"has-post-thumbnail","7":"category-underholdning","8":"tag-benjamin-ingrosso","9":"tag-bianca-ingrosso","10":"tag-caia-cosmetics","11":"tag-entertainment","12":"tag-influenser","13":"tag-livet","14":"tag-no","15":"tag-norge","16":"tag-norway","17":"tag-pernilla-wahlgren","18":"tag-stalker","19":"tag-sverige","20":"tag-underholdning","21":"tag-wahlgrens-varld"},"share_on_mastodon":{"url":"","error":""},"_links":{"self":[{"href":"https:\/\/www.europesays.com\/no\/wp-json\/wp\/v2\/posts\/25277","targetHints":{"allow":["GET"]}}],"collection":[{"href":"https:\/\/www.europesays.com\/no\/wp-json\/wp\/v2\/posts"}],"about":[{"href":"https:\/\/www.europesays.com\/no\/wp-json\/wp\/v2\/types\/post"}],"author":[{"embeddable":true,"href":"https:\/\/www.europesays.com\/no\/wp-json\/wp\/v2\/users\/2"}],"replies":[{"embeddable":true,"href":"https:\/\/www.europesays.com\/no\/wp-json\/wp\/v2\/comments?post=25277"}],"version-history":[{"count":0,"href":"https:\/\/www.europesays.com\/no\/wp-json\/wp\/v2\/posts\/25277\/revisions"}],"wp:featuredmedia":[{"embeddable":true,"href":"https:\/\/www.europesays.com\/no\/wp-json\/wp\/v2\/media\/25278"}],"wp:attachment":[{"href":"https:\/\/www.europesays.com\/no\/wp-json\/wp\/v2\/media?parent=25277"}],"wp:term":[{"taxonomy":"category","embeddable":true,"href":"https:\/\/www.europesays.com\/no\/wp-json\/wp\/v2\/categories?post=25277"},{"taxonomy":"post_tag","embeddable":true,"href":"https:\/\/www.europesays.com\/no\/wp-json\/wp\/v2\/tags?post=25277"}],"curies":[{"name":"wp","href":"https:\/\/api.w.org\/{rel}","templated":true}]}}