{"id":252891,"date":"2026-05-31T16:59:27","date_gmt":"2026-05-31T16:59:27","guid":{"rendered":"https:\/\/www.europesays.com\/no\/252891\/"},"modified":"2026-05-31T16:59:27","modified_gmt":"2026-05-31T16:59:27","slug":"man-vet-aldri-2","status":"publish","type":"post","link":"https:\/\/www.europesays.com\/no\/252891\/","title":{"rendered":"&#8211; Man vet aldri"},"content":{"rendered":"<p class=\"kicker \" style=\"\">Fotball-VM 2026<\/p>\n<p>    Fredrik Aursnes (30) er tilbake i landslaget &#8211; to og et halvt \u00e5r etter sist kamp. 30-\u00e5ringen avviser ikke \u00e5 bli med p\u00e5 Jos\u00e9 Mourinhos (63) flyttelass til Madrid.<\/p>\n<p>\n    TILBAKE: Fredrik Aursnes har gjort comeback p\u00e5 det norske landslaget. Foto: Fredrik Varfjell \/ NTB\n  <\/p>\n<ul>\n<li data-lab-font_weight=\"font-weight-bold\" class=\"font-weight-bold m-font-weight-bold\">Norge &#8211; Sverige, privatlandskamp, klokka 19.00 mandag<\/li>\n<\/ul>\n<p>ULLEVAAL (Dagbladet): Fredrik Aursnes (30) er tilbake i den norske landslagstroppen etter to og et halvt \u00e5r. Det var ikke bare et enkelt valg for 30-\u00e5ringen.<\/p>\n<p class=\"font-weight-bold m-font-weight-bold\" data-lab-font_weight=\"font-weight-bold\">&#8211; Det var kanskje litt d\u00e5rlig stil n\u00e5r jeg f\u00f8rst takket nei, og s\u00e5 komme tilbake n\u00e5r det virkelig skjer, sier han til felles presse p\u00e5 Ullevaal Stadion l\u00f8rdag formiddag.<\/p>\n<p>&#8211; Jeg f\u00f8lte at det var n\u00e5 eller aldri. Jeg hadde samtidig vanskelig for \u00e5 innr\u00f8mme for meg selv at jeg \u00f8nsket \u00e5 komme tilbake. Jeg hadde egentlig lyst til \u00e5 st\u00e5 i det valget jeg hadde tatt, fortsatte han.<\/p>\n<p>        <img loading=\"lazy\" decoding=\"async\" src=\"https:\/\/www.europesays.com\/no\/wp-content\/uploads\/2026\/05\/84693403.webp\" width=\"980\" height=\"559\" alt=\"\" class=\"\" style=\"--aspect-ratio-image: 1.75; \"\/><\/p>\n<p>\n        KLAR IGJEN: Aursnes er full av energi og klar til VM. Foto: Beate Oma Dahle \/ NTB\n    <\/p>\n<p>Aursnes spilte sin forel\u00f8pig siste landskamp tilbake i november 2023. I mars \u00e5ret etter ga han beskjed om at han ga seg p\u00e5 landslaget.<\/p>\n<p> &#8211;\u00a0Jeg f\u00f8ler at jeg \u00f8nsker mer tid og frihet til \u00e5 prioritere andre ting enn fotball i livet mitt, sa han da. <\/p>\n<p>Etter at landslaget kvalifiserte seg til VM &#8211; og at Aursnes har f\u00e5tt litt pusterom &#8211; er hareidsd\u00f8lingen n\u00e5 klar for \u00e5 bidra igjen.<\/p>\n<p>&#8211; Jeg f\u00f8ler jeg er kommet tilbake med overskudd og energi. Det er ekstremt enkelt \u00e5 komme inn i gruppa, sier han etter comebacket.<\/p>\n<p>        <img loading=\"lazy\" decoding=\"async\" src=\"https:\/\/www.europesays.com\/no\/wp-content\/uploads\/2026\/05\/84693258.webp\" width=\"667\" height=\"467\" alt=\"\" class=\"\" style=\"--aspect-ratio-image: 1.43; \"\/><\/p>\n<p>\n        2023: Det var sist Aursnes ikledde seg den norske landslagsdrakta. .Foto: Lise \u00c5serud \/ NTB\n    <\/p>\n<p>30-\u00e5ringens trener i Benfica, Jos\u00e9 Mourinho, er p\u00e5 vei bort fra hovedstadslaget. Flere medier har meldt om at <a href=\"https:\/\/www.dagbladet.no\/studio\/72798-sportsstudio\/11778578-medier-mourinho-har-signert-med-real-madrid\" target=\"_blank\" rel=\"nofollow noopener\">portugiseren allerede er klar for Real Madrid<\/a>, og at en annonsering vil komme om kort tid.<\/p>\n<p>&#8211; Om det skjer, s\u00e5 m\u00e5 jeg bare \u00f8nske lykke til.<\/p>\n<p>    <a itemprop=\"url\" href=\"https:\/\/www.dagbladet.no\/sport\/gladmelding\/84693176\" rel=\"nofollow noopener\" target=\"_blank\"><\/p>\n<p>        <img loading=\"lazy\" decoding=\"async\" src=\"https:\/\/www.europesays.com\/no\/wp-content\/uploads\/2026\/05\/84693285.webp\" width=\"980\" height=\"441\" alt=\"\" class=\"lazyload\" style=\"--aspect-ratio-image: 2.22; \"\/><\/p>\n<p>        Se bildet: Giftet seg f\u00f8r VM<\/p>\n<p>    <\/a><\/p>\n<p>Aursnes og Andreas Schjelderup kan derfor f\u00e5 en ny sjef i l\u00f8pet av sommeren. F\u00f8rstnevnte fikk sp\u00f8rsm\u00e5l fra Dagbladet om Aursnes kan bli med p\u00e5 lasset til Madrid.<\/p>\n<p>&#8211; Det vet ikke jeg, s\u00e5 det m\u00e5 han svare p\u00e5. Men man vet aldri, sier Aursnes, som har et godt forhold til stjernetreneren.<\/p>\n<p class=\"font-weight-bold m-font-weight-bold\" data-lab-font_weight=\"font-weight-bold\">&#8211; Det var veldig bra. Jeg hadde et fint forhold til ham, men det var litt synd at vi mistet Champions League-plassen. Det var uansett et godt bekjentskap, en topp trener og en topp fyr, sier han.<\/p>\n<p>        <img loading=\"lazy\" decoding=\"async\" src=\"https:\/\/www.europesays.com\/no\/wp-content\/uploads\/2026\/05\/84693259.webp\" width=\"980\" height=\"559\" alt=\"\" class=\"\" style=\"--aspect-ratio-image: 1.75; \"\/><\/p>\n<p>\n        SKUFFENDE AVSLUTNING: Aursnes og Benfica mistet Champions League-plassen selv om laget ikke tapte en eneste kamp i ligaen. Foto: Joao Bravo \/ Sports Press Photo \/ Shutterstock \/ NTB\n    <\/p>\n<p>&#8211; Jeg tror ikke han lager s\u00e5 mye br\u00e5k, s\u00e5 det skal bli bra \u00e5 f\u00e5 ham tilbake, sa St\u00e5le Solbakken om Aursnes da han m\u00f8tte pressen torsdag.<\/p>\n<p>Hvorvidt Aursnes vil g\u00e5 rett inn p\u00e5 laget, ville landslagssjefen imidlertid ikke si noe om.\u00a0<\/p>\n<p> Norge tar imot Sverige p\u00e5 Ullevaal Stadion f\u00f8rstkommende mandag. Dagen etter setter de kursen mot USA. <\/p>\n<p class=\"font-weight-bold m-font-weight-bold italic m-italic\" data-lab-font_weight=\"font-weight-bold\" data-lab-italic=\"italic\">Hvem mener du b\u00f8r starte for Norge mot Sverige? Ta ut DITT lag her:<\/p>\n","protected":false},"excerpt":{"rendered":"Fotball-VM 2026 Fredrik Aursnes (30) er tilbake i landslaget &#8211; to og et halvt \u00e5r etter sist kamp.&hellip;\n","protected":false},"author":2,"featured_media":251760,"comment_status":"","ping_status":"","sticky":false,"template":"","format":"standard","meta":{"footnotes":"","_share_on_mastodon":"0"},"categories":[59],"tags":[92,4762,4145,30,28,29,83,82,11859],"class_list":["post-252891","post","type-post","status-publish","format-standard","has-post-thumbnail","category-sport","tag-fotball","tag-fredrik-aursnes","tag-herrelandslaget","tag-no","tag-norge","tag-norway","tag-sport","tag-sports","tag-vm2026"],"share_on_mastodon":{"url":"https:\/\/pubeurope.com\/@no\/116670258789123119","error":""},"_links":{"self":[{"href":"https:\/\/www.europesays.com\/no\/wp-json\/wp\/v2\/posts\/252891","targetHints":{"allow":["GET"]}}],"collection":[{"href":"https:\/\/www.europesays.com\/no\/wp-json\/wp\/v2\/posts"}],"about":[{"href":"https:\/\/www.europesays.com\/no\/wp-json\/wp\/v2\/types\/post"}],"author":[{"embeddable":true,"href":"https:\/\/www.europesays.com\/no\/wp-json\/wp\/v2\/users\/2"}],"replies":[{"embeddable":true,"href":"https:\/\/www.europesays.com\/no\/wp-json\/wp\/v2\/comments?post=252891"}],"version-history":[{"count":0,"href":"https:\/\/www.europesays.com\/no\/wp-json\/wp\/v2\/posts\/252891\/revisions"}],"wp:featuredmedia":[{"embeddable":true,"href":"https:\/\/www.europesays.com\/no\/wp-json\/wp\/v2\/media\/251760"}],"wp:attachment":[{"href":"https:\/\/www.europesays.com\/no\/wp-json\/wp\/v2\/media?parent=252891"}],"wp:term":[{"taxonomy":"category","embeddable":true,"href":"https:\/\/www.europesays.com\/no\/wp-json\/wp\/v2\/categories?post=252891"},{"taxonomy":"post_tag","embeddable":true,"href":"https:\/\/www.europesays.com\/no\/wp-json\/wp\/v2\/tags?post=252891"}],"curies":[{"name":"wp","href":"https:\/\/api.w.org\/{rel}","templated":true}]}}