{"id":25297,"date":"2025-09-02T20:42:08","date_gmt":"2025-09-02T20:42:08","guid":{"rendered":"https:\/\/www.europesays.com\/no\/25297\/"},"modified":"2025-09-02T20:42:08","modified_gmt":"2025-09-02T20:42:08","slug":"alt-han-trenger-a-gjore-for-a-avslutte-krigen-i-gaza-er-a-knipse","status":"publish","type":"post","link":"https:\/\/www.europesays.com\/no\/25297\/","title":{"rendered":"&#8211; Alt han trenger \u00e5 gj\u00f8re for \u00e5 avslutte krigen i Gaza er \u00e5 knipse"},"content":{"rendered":"<p>Den tyske avisen Die Welt skriver i en kommentar at alt Tamim bin Hamad Al Thani, emiren av Qatar, trenger \u00e5 gj\u00f8re for \u00e5 avslutte krigen p\u00e5 Gazastripen er \u00e5 knipse med fingrene. Men emiren har ingen interesse av \u00e5 avslutte krigen. \u00c5rsaken er at han elsker Det muslimske brorskapet, som Hamas er en del av.<\/p>\n<p>\u00abHan elsker det muslimske brorskapet, som har forgiftet hele Midt\u00f8sten med islamistisk ideologi, destabilisering, hjernevask og infiltrasjon\u00bb, skriver avisen.<\/p>\n<p>Qatar har i mange \u00e5r v\u00e6rt tilholdsstedet for store deler av Hamas-ledelsen. <a href=\"https:\/\/miff.no\/hamas\/2023\/08\/09mens-folket-lider-bor-hamas-lederne-i-luksusvillaer-og-kjorer-dyre-biler.htm\" rel=\"nofollow noopener\" target=\"_blank\">Her har de levd et liv i luksus<\/a>. I tillegg til penger gir Qatar ogs\u00e5 makt og politisk innflytelse til terrorgruppen. Die Welt mener at om Qatar hadde \u00f8nsket det, s\u00e5 kunne de enkelt \u00e5 ha presset Hamas til \u00e5 l\u00f8slate gislene og legge ned v\u00e5pnene.<\/p>\n<p>Det ville gjort at krigen p\u00e5 Gazastripen hadde blitt avsluttet p\u00e5 dagen.<\/p>\n<p>\u00abIf\u00f8lge vestlige medier er Benjamin Netanyahu den store skurken som holder krigen i Gaza i live, men det er en l\u00f8gn: Knutepunktet heter Sheikh Tamim bin Hamad Al Thani\u00bb, skriver Die Welt.<\/p>\n<p>Artikkelen i Die Welt er oversatt til norsk og delvis <a href=\"https:\/\/www.finansavisen.no\/samfunn\/2025\/09\/02\/8289947\/die-welt-emir-tamim-bin-hamad-al-thani-av-qatar-kan-avslutte-krigen-pa-gaza-med-et-knips?fbclid=IwY2xjawMjpPZleHRuA2FlbQIxMABicmlkETF0anp1dFIxZjFQRHNPcEJHAR7kA_IRF_dnuGU28inCVjH4I4TvhVz1t8h8B4YK7Y5qU5R6LOQ7gWG9DUnneg_aem_RPpi8fgIiW1Ls7AjSxdKcQ&amp;zephr_sso_ott=NBgE3z\" rel=\"nofollow noopener\" target=\"_blank\">gjengitt i Finansavisen<\/a>.<\/p>\n<p>Det muslimske brorskapet ble opprettet i Egypt i 1928 av Hassan el-Banna. Den islamske bevegelsen gikk inn for \u00e5 gjenopprette kalifatet og skape en eneste, samlet nasjon for alle muslimer under Allahs ledelse. Koranen skulle v\u00e6re grunnloven og sharia lovsystemet.<\/p>\n<p>I dag er brorskapet forbudt i Egypt og en rekke andre arabiske land. Brorskapet \u00f8nsker \u00e5 utslette de arabiske fyrste- og kongefamiliene, men Qatar er fredet.<\/p>\n<p>\u00abDet muslimske brorskapet best\u00e5r av erfarne mordere, slik deres stedfortredere i Gaza har vist. Det kan ogs\u00e5 bli skjebnen til emirens familie. Inntil da finansierer han Hamas og gir deres fullstendig korrupte ledere \u2013 som takket v\u00e6re ham er blitt milliard\u00e6rer i fred \u2013 seng, bad og br\u00f8d i luksuri\u00f8se suiter\u00bb, skriver Die Welt.<\/p>\n","protected":false},"excerpt":{"rendered":"Den tyske avisen Die Welt skriver i en kommentar at alt Tamim bin Hamad Al Thani, emiren av&hellip;\n","protected":false},"author":2,"featured_media":25298,"comment_status":"","ping_status":"","sticky":false,"template":"","format":"standard","meta":{"footnotes":""},"categories":[12],"tags":[20,21,4019,24,25,15,22,23,13,30,28,29,14,16,1146,26,27,42,43,44,45],"class_list":{"0":"post-25297","1":"post","2":"type-post","3":"status-publish","4":"format-standard","5":"has-post-thumbnail","7":"category-verden","8":"tag-breaking-news","9":"tag-breakingnews","10":"tag-det-muslimske-brorskapet","11":"tag-featured-news","12":"tag-featurednews","13":"tag-headlines","14":"tag-latest-news","15":"tag-latestnews","16":"tag-news","17":"tag-no","18":"tag-norge","19":"tag-norway","20":"tag-nyheter","21":"tag-overskrifter","22":"tag-qatar","23":"tag-top-stories","24":"tag-topstories","25":"tag-verden","26":"tag-world","27":"tag-world-news","28":"tag-worldnews"},"share_on_mastodon":{"url":"","error":""},"_links":{"self":[{"href":"https:\/\/www.europesays.com\/no\/wp-json\/wp\/v2\/posts\/25297","targetHints":{"allow":["GET"]}}],"collection":[{"href":"https:\/\/www.europesays.com\/no\/wp-json\/wp\/v2\/posts"}],"about":[{"href":"https:\/\/www.europesays.com\/no\/wp-json\/wp\/v2\/types\/post"}],"author":[{"embeddable":true,"href":"https:\/\/www.europesays.com\/no\/wp-json\/wp\/v2\/users\/2"}],"replies":[{"embeddable":true,"href":"https:\/\/www.europesays.com\/no\/wp-json\/wp\/v2\/comments?post=25297"}],"version-history":[{"count":0,"href":"https:\/\/www.europesays.com\/no\/wp-json\/wp\/v2\/posts\/25297\/revisions"}],"wp:featuredmedia":[{"embeddable":true,"href":"https:\/\/www.europesays.com\/no\/wp-json\/wp\/v2\/media\/25298"}],"wp:attachment":[{"href":"https:\/\/www.europesays.com\/no\/wp-json\/wp\/v2\/media?parent=25297"}],"wp:term":[{"taxonomy":"category","embeddable":true,"href":"https:\/\/www.europesays.com\/no\/wp-json\/wp\/v2\/categories?post=25297"},{"taxonomy":"post_tag","embeddable":true,"href":"https:\/\/www.europesays.com\/no\/wp-json\/wp\/v2\/tags?post=25297"}],"curies":[{"name":"wp","href":"https:\/\/api.w.org\/{rel}","templated":true}]}}