{"id":25325,"date":"2025-09-02T21:12:26","date_gmt":"2025-09-02T21:12:26","guid":{"rendered":"https:\/\/www.europesays.com\/no\/25325\/"},"modified":"2025-09-02T21:12:26","modified_gmt":"2025-09-02T21:12:26","slug":"frida-karoline-liaset-har-hatt-store-helseproblemer-fra-ung-alder","status":"publish","type":"post","link":"https:\/\/www.europesays.com\/no\/25325\/","title":{"rendered":"Frida Karoline Liaset har hatt store helseproblemer fra ung alder"},"content":{"rendered":"<p>&#8211; Flere ganger har jeg blitt fortalt at jeg m\u00e5 forberede meg<br \/>\np\u00e5 \u00e5 ta farvel.<\/p>\n<p>Da Frida Karoline Liaset (28) ble alvorlig syk i 2022 s\u00e5 det<br \/>\nm\u00f8rkt ut. En lege sa rett ut at det er utrolig at hun fortsatt lever. \u00abSelv om<br \/>\nkroppen din har gitt opp for lenge siden, gjorde aldri hodet ditt det\u00bb.<\/p>\n<p>For det er ingenting Frida \u00f8nsker mer, enn \u00e5 leve. <\/p>\n<p>&#8211; Til n\u00e5, spesielt de siste \u00e5rene, har livet kun handlet om<br \/>\n\u00e5 overleve.<\/p>\n<p>    <a itemprop=\"url\" href=\"https:\/\/www.kk.no\/helse\/ny-forskning-pa-alzheimer-kan-avslore-tidlig-sykdom\/82951057\" rel=\"nofollow noopener\" target=\"_blank\"><\/p>\n<p>      <img loading=\"lazy\" decoding=\"async\" src=\"https:\/\/www.europesays.com\/no\/wp-content\/uploads\/2025\/09\/82969899.webp\" width=\"980\" height=\"441\" title=\"Ny forskning p\u00e5 Alzheimer: Kan avsl\u00f8re tidlig sykdom\" alt=\"\" class=\"lazyload\" style=\"--aspect-ratio-image: 2.22; \"\/><\/p>\n<p>        Ny forskning p\u00e5 Alzheimer: Kan avsl\u00f8re tidlig sykdom<\/p>\n<p>    <\/a><\/p>\n<p>Ble br\u00e5tt d\u00e5rlig\t<\/p>\n<p>KK har avtalt \u00e5 m\u00f8te Frida, som til vanlig bor i Trondheim, i<br \/>\nOslo. Hun har jobbet p\u00e5 spreng i vinter og v\u00e5r for \u00e5 f\u00e5 klar bobilen hun skal reise<br \/>\nrundt i sommer, og hun skal v\u00e6re i Oslo en ukes tid f\u00f8r hun kj\u00f8rer mot varmere<br \/>\nstr\u00f8k. <\/p>\n<p>I og med at Frida bor hos en venninne i n\u00e6rheten av Ekeberg,<br \/>\ntenker jeg det vil v\u00e6re fint \u00e5 m\u00f8tes i Ekebergparken. P\u00e5 vei med bussen skj\u00f8nner<br \/>\njeg raskt at 98 prosent av busspassasjerene var p\u00e5 vei til \u00abTons of Rock\u00bb. At<br \/>\nfestivalen er i gang, har g\u00e5tt meg hus forbi. Hvilket ogs\u00e5 betyr at Frida kj\u00f8rer<br \/>\nrundt og rundt uten \u00e5 finne et sted \u00e5 parkere.<\/p>\n<p>Etter \u00e5 ha godsnakket med en parkeringsvakt, f\u00e5r hun lov til<br \/>\n\u00e5 parkere en liten time ved siden av en skole, og vi sl\u00e5r oss ned p\u00e5 n\u00e6rmeste gressplen.<br \/>\nTil tross for kaoset etter verdens verste id\u00e9 fra min side, er Frida like blid.\n<\/p>\n<p>          <img loading=\"lazy\" decoding=\"async\" src=\"https:\/\/www.europesays.com\/no\/wp-content\/uploads\/2025\/09\/83316633.webp\" width=\"686\" height=\"467\" title=\"BOBIL: Frida reiser rundt i denne bobilen i sommer. Foto: Ida Bergersen\" alt=\"\" class=\"\" style=\"--aspect-ratio-image: 1.47; \"\/><\/p>\n<p>\n          BOBIL: Frida reiser rundt i denne bobilen i sommer. Foto: Ida Bergersen\n      <\/p>\n<p>For er det noe denne unge damen er vant til, er det motgang.\n<\/p>\n<p>F\u00f8rste tegn p\u00e5 sykdom dukket opp da Frida var liten. Atopisk<br \/>\nbarneeksem. Det levde hun fint med i mange \u00e5r, f\u00f8r helsen ble br\u00e5tt d\u00e5rligere i<br \/>\n2010. Ekstreme magesmerter, mye feber, blodig avf\u00f8ring. Hun besvimte flere<br \/>\nganger.<\/p>\n<p>&#8211; Jeg ble ikke m\u00f8tt med forst\u00e5else eller trodd av noen. Jeg<br \/>\nveide 28 kilo \u2013 alt bare rant igjennom meg. Jeg mistet h\u00e5r og blod, og smertene<br \/>\nvar uutholdelige. Jeg ble m\u00f8tt av leger som mente jeg hadde anoreksi, eller<br \/>\nbare var oppmerksomhetssyk. En lege kalte meg psykiatripasient, og til og med<br \/>\nmamma fikk h\u00f8re at hun var en gal mamma, hevder hun.<\/p>\n<p>    <a itemprop=\"url\" href=\"https:\/\/www.kk.no\/livet\/elisabeth-la-pa-sykehuset-med-apen-buk-i-16-maneder\/80219308\" rel=\"nofollow noopener\" target=\"_blank\"><\/p>\n<p>      <img loading=\"lazy\" decoding=\"async\" src=\"https:\/\/www.europesays.com\/no\/wp-content\/uploads\/2025\/09\/80219326.webp\" width=\"147\" height=\"98\" title=\"Elisabeth l\u00e5 p\u00e5 sykehuset med \u00e5pen buk i 16 m\u00e5neder\" alt=\"\" class=\"lazyload\" style=\"--aspect-ratio-image: 1.50; \"\/><\/p>\n<p>        Elisabeth l\u00e5 p\u00e5 sykehuset med \u00e5pen buk i 16 m\u00e5neder<\/p>\n<p>    <\/a><\/p>\n<p>D\u00f8dssyk\t<\/p>\n<p>I 2011 ble Frida diagnostisert med Morbus Crohn, og da<br \/>\nstartet berg- og dalbanen med cellegift, medikamenter, operasjoner og<br \/>\nbehandlinger som ballet p\u00e5 seg i \u00e5rene som fulgte. <\/p>\n<p>Etter \u00e5 ha pr\u00f8vd alt av medikamenter og behandlinger som er tilgjengelig<br \/>\ni Norge, inkludert kolostomi (en type stomi), ble ikke Frida bedre. <\/p>\n<p>I 2022 ble hun alvorlig syk.<\/p>\n<p>&#8211; Det er jo f\u00e6lt at det m\u00e5 g\u00e5 s\u00e5 langt at du nesten d\u00f8r, f\u00f8r<br \/>\ndu blir trodd. Den eneste grunnen til at jeg sitter her i dag, er takket v\u00e6re<br \/>\nmoren min som er sykepleier. Hun skj\u00f8nte at jeg var alvorlig syk. <\/p>\n<p>P\u00e5 grunn av moren, kom Frida til en lege som endelig trodde<br \/>\np\u00e5 henne. Hun ble innlagt \u00f8yeblikkelig, og unders\u00f8kelsene viste at hele<br \/>\nford\u00f8yelsessystemet hennes var ekstremt betent. Hun ble diagnostisert med<br \/>\nMorbus Crohn.<\/p>\n<p>&#8211; Kroppen var helt \u00f8delagt, og jeg holdt p\u00e5 \u00e5 bl\u00f8 i hjel p\u00e5<br \/>\nsykehuset. Hele ford\u00f8yelsessystemet mitt var som en kj\u00f8ttkake, det er utrolig<br \/>\nat jeg overlevde den operasjonen. Det var ikke snakk om lang tid f\u00f8r tarmen<br \/>\nhadde sprukket, forklarer hun.<\/p>\n<p>          <img loading=\"lazy\" decoding=\"async\" src=\"https:\/\/www.europesays.com\/no\/wp-content\/uploads\/2025\/09\/83334680.webp\" width=\"686\" height=\"392\" title=\"ALVORLIG SYK: Frida p\u00e5 sykehuset. Foto: Privat\" alt=\"\" class=\"\" style=\"--aspect-ratio-image: 1.75; \"\/><\/p>\n<p>\n          ALVORLIG SYK: Frida p\u00e5 sykehuset. Foto: Privat\n      <\/p>\n<p>    Dette Morbus Crohn<\/p>\n<p>Morbus Crohn eller Crohns sykdom er en kronisk betennelsessykdom i mage-tarmkanalen grunnet forstyrrelser i immunforsvaret.<\/p>\n<p>Vanligste symptomer er magesmerter, diare, d\u00e5rlig matlyst og vekttap. Andre komplikasjoner som kan oppst\u00e5 er hudutslett, leddsmerter, \u00f8yebetennelse, samt kronisk utmattelse (fatigue).<\/p>\n<p>\u00c5rsaken til at sykdommen oppst\u00e5r er ukjent, men man tror at en kombinasjon av ytre faktorer og en genetisk disposisjon f\u00f8rer til at kroppens immunsystem reagerer unormalt og for\u00e5rsaker betennelsen.<\/p>\n<p>Sykdommen debuterer oftest i alderen 15-25 \u00e5r og har et meget individuelt og varierende forl\u00f8p. Sykdommen er kronisk og varer livet ut. Ved hjelp av behandling kan de fleste oppn\u00e5 kontroll med symptomene, og f\u00e5 lange perioder hvor betennelsen holdes i sjakk.<\/p>\n<p>Kilde: <a href=\"https:\/\/magetarm.no\/magesmerter\/diagnoser\/morbus-crohn\" rel=\"nofollow noopener\" target=\"_blank\">Magetarm.no<\/a><\/p>\n<p>      Vis mer<br \/>\n      Vis mindre<\/p>\n<p>    <a itemprop=\"url\" href=\"https:\/\/www.kk.no\/helse\/celine-trakket-pa-verdens-farligste-manet\/82363255\" rel=\"nofollow noopener\" target=\"_blank\"><\/p>\n<p>      <img loading=\"lazy\" decoding=\"async\" src=\"https:\/\/www.europesays.com\/no\/wp-content\/uploads\/2025\/09\/82363353.webp\" width=\"980\" height=\"441\" title=\"Celine tr\u00e5kket p\u00e5 verdens farligste manet\" alt=\"\" class=\"lazyload\" style=\"--aspect-ratio-image: 2.22; \"\/><\/p>\n<p>        Celine tr\u00e5kket p\u00e5 verdens farligste manet<\/p>\n<p>    <\/a><\/p>\n<p>          <img loading=\"lazy\" decoding=\"async\" src=\"https:\/\/www.europesays.com\/no\/wp-content\/uploads\/2025\/09\/83334688.webp\" width=\"686\" height=\"783\" title=\"Foto: Privat\" alt=\"\" class=\"\" style=\"--aspect-ratio-image: 0.88; \"\/><\/p>\n<p>\n          Foto: Privat\n      <\/p>\n<p>Store problemer med hud<\/p>\n<p>Ved siden av mageproblemene, har hudproblemene eskalert de<br \/>\nsiste \u00e5rene, og det har f\u00f8rt til hyppige innleggelser p\u00e5 sykehus. Tre<br \/>\ninnleggelser bare det siste halv\u00e5ret. <\/p>\n<p>Frida tror det skyldes den heftige medisineringen, med mye<br \/>\nkortison, antibiotika og immundempende medisiner.<\/p>\n<p>&#8211; De siste seks m\u00e5nedene har v\u00e6rt et bristepunkt for min<br \/>\ndel. Huden har v\u00e6rt et mareritt. Begeret mitt rant over n\u00e5 i mars. Det eneste<br \/>\nlegene gir meg er symptomlindring, og jeg har f\u00e5tt kortison i s\u00e5 mange \u00e5r. De<br \/>\nnekter \u00e5 teste annen behandling, sier hun frustrert.<\/p>\n<p>Frida har v\u00e6rt hos mange forskjellige leger. Historien m\u00e5<br \/>\ngjenfortelles. Gang p\u00e5 gang. Den er lang og komplisert, og det er mye \u00e5 sette<br \/>\nseg inn i.<\/p>\n<p>&#8211; Jeg vet det er komplekst, men jeg m\u00e5 jo f\u00e5 den hjelpen jeg<br \/>\ntrenger, sier hun, mens hun kl\u00f8r seg p\u00e5 kneet.<\/p>\n<p>    Dette sier sykehuset<\/p>\n<p>KK har bedt om en kommentar fra St. Olavs hospital:<\/p>\n<p>&#8211; Vi har forst\u00e5else for at<br \/>\npasienten st\u00e5r i en utfordrende situasjon, men \u00f8nsker ikke \u00e5 uttale oss om<br \/>\ndenne saken direkte, sier\u00a0Ellen Marie Bj\u00f8rge, avdelingssjef ved Hudavdelingen p\u00e5 St. Olavs hospital.<\/p>\n<p>      Vis mer<br \/>\n      Vis mindre<\/p>\n<p>          <img loading=\"lazy\" decoding=\"async\" src=\"https:\/\/www.europesays.com\/no\/wp-content\/uploads\/2025\/09\/83316670.webp\" width=\"686\" height=\"474\" title=\"HUDPROBLEMER: Frida har store problemer med huden. Foto: Ida Bergersen\" alt=\"\" class=\"\" style=\"--aspect-ratio-image: 1.45; \"\/><\/p>\n<p>\n          HUDPROBLEMER: Frida har store problemer med huden. Foto: Ida Bergersen\n      <\/p>\n<p>    <a itemprop=\"url\" href=\"https:\/\/www.kk.no\/helse\/midt-pa-natten-kom-legen-inn-til-pernille-med-tarer-i-oynene\/82549603\" rel=\"nofollow noopener\" target=\"_blank\"><\/p>\n<p>      <img loading=\"lazy\" decoding=\"async\" src=\"https:\/\/www.europesays.com\/no\/wp-content\/uploads\/2025\/09\/82552770.webp\" width=\"980\" height=\"441\" title=\"Midt p\u00e5 natten kom legen inn til Pernille med t\u00e5rer i \u00f8ynene\" alt=\"\" class=\"lazyload\" style=\"--aspect-ratio-image: 2.22; \"\/><\/p>\n<p>        Midt p\u00e5 natten kom legen inn til Pernille med t\u00e5rer i \u00f8ynene<\/p>\n<p>    <\/a><\/p>\n<p>Kortisonabstinens<\/p>\n<p>Frida mener det er sannsynlig at hun har \u00abTropical steroid<br \/>\nwithdrawal\u00bb (TSW) &#8211; p\u00e5 norsk kalt \u00abkortisonabstinens\u00bb &#8211; en tilstand som kan<br \/>\noppst\u00e5 n\u00e5r man slutter med kortison. Huden blir r\u00f8d, og man kan oppleve svie,<br \/>\nkl\u00f8e og flassing. Det skjer som et resultat av at huden har blitt avhengig av<br \/>\nsteroidene for \u00e5 holde betennelsen i sjakk.<\/p>\n<p>&#8211; Jeg har skj\u00f8nt at kortison gj\u00f8r meg verre. Men det er<br \/>\nkontroversielt her til lands. N\u00e5r jeg har forklart dette til legene, ler de det<br \/>\nbort og kaller det en \u00abtulletilstand\u00bb &#8211; men i utlandet er det en reell tilstand<br \/>\nsom blir tatt veldig p\u00e5 alvor, sier Frida. <\/p>\n<p>&#8211; TSW er omdiskutert, og det foreligger lite dokumentasjon<br \/>\np\u00e5 denne tilstanden. Det er vanskelig \u00e5 skille plagene som er beskrevet ved TSW<br \/>\nfra plagene ved eksem. Eksem har et svingende og uforutsigbart forl\u00f8p med gode<br \/>\nperioder og med perioder med forverring, sier Astrid Haaskjold Lossius.<\/p>\n<p>Lossius er spesialist i hud- og veneriske sykdommer ved<br \/>\nSeksjon for hudsykdommer, ved Oslo universitetssykehus. <\/p>\n<p>    <a itemprop=\"url\" href=\"https:\/\/www.kk.no\/underholdning\/avslorer-psykisk-lidelse-1\/83298459\" rel=\"nofollow noopener\" target=\"_blank\"><\/p>\n<p>      <img loading=\"lazy\" decoding=\"async\" src=\"https:\/\/www.europesays.com\/no\/wp-content\/uploads\/2025\/09\/83298498.webp\" width=\"980\" height=\"441\" title=\"Avsl\u00f8rer sjelden lidelse\" alt=\"\" class=\"lazyload\" style=\"--aspect-ratio-image: 2.22; \"\/><\/p>\n<p>        Avsl\u00f8rer sjelden lidelse<\/p>\n<p>    <\/a><\/p>\n<p>Ikke farlig<\/p>\n<p>Det er ikke farlig \u00e5 bruke kortisonkremer over tid, mener Lossius, men hun understreker at det er viktig \u00e5 bruke kortisonkremene riktig.\u00a0<\/p>\n<p>&#8211; Det er viktig \u00e5 bruke riktig krem p\u00e5 riktig kroppsdel: Kremene har ulik styrke. I ansiktet, for eksempel, b\u00f8r man ikke bruke sterk kortisonkrem.\u00a0<\/p>\n<p>Hun forklarer at huden venner seg raskt til kortisonkrem, s\u00e5<br \/>\ndet er viktig \u00e5 ikke slutte br\u00e5tt. N\u00e5r \u00f8nsket effekt er oppn\u00e5dd, m\u00e5 man trappe langsomt ned s\u00e5 huden f\u00e5r tid til<br \/>\n\u00e5 venne seg av med kortisonkremen. <\/p>\n<p>&#8211; Slutter man br\u00e5tt er det vanlig \u00e5 f\u00e5 et kraftig oppbluss<br \/>\nav hudplager.\u00a0For \u00e5 trappe ned kan man enten g\u00e5 over til en svakere kortisonkrem, eller p\u00e5f\u00f8re krem sjeldnere. Sjeldnere p\u00e5f\u00f8ring er den enkleste formen for nedtrapping. <\/p>\n<p>Etter daglig p\u00e5f\u00f8ring en periode g\u00e5r man ned til hver andre dag, deretter enda sjeldnere, for eksempel et par ganger per uke i noen uker.\u00a0<\/p>\n<p>&#8211; Legen som behandler pasienter med kortisonkremer skal alltid utarbeide en skriftlig sm\u00f8replan hvor nedtrappingen og lengden p\u00e5 intervallene er skissert p\u00e5 en god og forst\u00e5elig m\u00e5te. Har du ikke f\u00e5tt en skriftlig sm\u00f8replan er det viktig \u00e5 ettersp\u00f8rre dette, mener Lossius.<\/p>\n<p>&#8211; Alternativt kan man bruke betennelsesdempende kremer som ikke<br \/>\ninneholder kortison, sier hun.\u00a0<\/p>\n<p>    <a itemprop=\"url\" href=\"https:\/\/www.kk.no\/livet\/jeg-har-fatt-hore-at-jeg-ikke-burde-ha-fatt-barn-fordi-staten-ikke-skal-belemres-med-flere-som-meg\/67985861\" rel=\"nofollow noopener\" target=\"_blank\"><\/p>\n<p>      <img loading=\"lazy\" decoding=\"async\" src=\"https:\/\/www.europesays.com\/no\/wp-content\/uploads\/2025\/09\/67985868.webp\" width=\"980\" height=\"441\" title=\"- Jeg har f\u00e5tt h\u00f8re at jeg ikke burde ha f\u00e5tt barn fordi staten ikke skal belemres med flere som meg\" alt=\"\" class=\"lazyload\" style=\"--aspect-ratio-image: 2.22; \"\/><\/p>\n<p>        &#8211; Jeg har f\u00e5tt h\u00f8re at jeg ikke burde ha f\u00e5tt barn fordi staten ikke skal belemres med flere som meg<\/p>\n<p>    <\/a><\/p>\n<p>Huden \u00abeksploderte\u00bb<\/p>\n<p>I februar trappet Frida ned p\u00e5 kortison, og da smalt det.<\/p>\n<p>&#8211; Huden eksploderte. Det brant \u2013 hele kroppen brant, og det<br \/>\nvar kjempes\u00e5rt. <\/p>\n<p>Frida trekker opp genserermet og viser frem utslettene. P\u00e5peker<br \/>\nat hun flasser. Huden er r\u00f8d, t\u00f8rr, med flere s\u00e5r. <\/p>\n<p>          <img loading=\"lazy\" decoding=\"async\" src=\"https:\/\/www.europesays.com\/no\/wp-content\/uploads\/2025\/09\/83316653.webp\" width=\"686\" height=\"1029\" title=\"SPREKKER OPP: Frida viser frem hvordan huden ser ut. Foto: Ida Bergersen\" alt=\"\" class=\"\" style=\"--aspect-ratio-image: 0.67; \"\/><\/p>\n<p>\n          SPREKKER OPP: Frida viser frem hvordan huden ser ut. Foto: Ida Bergersen\n      <\/p>\n<p class=\"font-weight-bold m-font-weight-bold\" data-lab-font_weight=\"font-weight-bold\">&#8211; N\u00e5 er jeg helt desperat etter \u00e5 finne en l\u00f8sning.<\/p>\n<p>Frida er n\u00e5 p\u00e5 ventelisten til en klinikk i Nederland for TSW.<br \/>\nI mellomtiden f\u00f8lger hun r\u00e5d fra leger p\u00e5 klinikken, noe som har hatt veldig<br \/>\ngod effekt p\u00e5 mageproblemene.<\/p>\n<p>Hun f\u00f8lger en streng diett. Den best\u00e5r av \u00e5 spise minimalt med<br \/>\nmatvarer som inneholder raffinert sukker, kutte melk, unng\u00e5 konserveringsmiddel\u2026<br \/>\nalt skal v\u00e6re s\u00e5 naturlig som mulig. <\/p>\n<p>&#8211; Jeg m\u00e5 ogs\u00e5 tilf\u00f8re sunne bakterier, s\u00e5 jeg lager min egen<br \/>\nsurk\u00e5l som jeg spiser hver dag, i tillegg til beinmargskraft og en god del<br \/>\nvitaminer. Og n\u00e5 har magen min faktisk blitt helt fin!<\/p>\n<p>Frida smiler. Tar en slurk av den \u00f8kologiske brusen, som er<br \/>\nden eneste hun kan drikke n\u00e5r hun f\u00f8lger dietten.<\/p>\n<p>&#8211; Jeg f\u00f8ler at jeg er p\u00e5 rett vei, og at valget jeg har tatt<br \/>\nf\u00f8les riktig for meg. <\/p>\n<blockquote class=\"tiktok-embed\" cite=\"https:\/\/www.tiktok.com\/@fridakaroline96\/video\/7504324300564974870\" data-video-id=\"7504324300564974870\" style=\"max-width: 605px;min-width: 325px;\"><p>  <a target=\"_blank\" title=\"@fridakaroline96\" href=\"https:\/\/www.tiktok.com\/@fridakaroline96?refer=embed\" rel=\"nofollow noopener\">@fridakaroline96<\/a> <\/p>\n<p>Liten rant fra badet klokka 4 p\u00e5 natta, atter en natt uten s\u00f8vn \ud83e\udd2a det har v\u00e6rt stille fra meg her inne, jeg er rett og slett sliten. Sliten av \u00e5 konstant ha det vondt og det har slitt p\u00e5 kreftene. Enda en hel vinter med eksem utbrudd, enda verre enn den forrige.. Men jeg skal bli bra! Jeg skal bli frisk! I have a plan <\/p>\n<p> <a target=\"_blank\" title=\"\u266c original sound - Frida Karoline Liaset\" href=\"https:\/\/www.tiktok.com\/music\/original-sound-7504324298682649366?refer=embed\" rel=\"nofollow noopener\">\u266c original sound &#8211; Frida Karoline Liaset<\/a>  <\/p><\/blockquote>\n<p>    <a itemprop=\"url\" href=\"https:\/\/www.kk.no\/livet\/ingrid-34-fikk-valget-mellom-a-fa-utlagt-tarm-eller-a-do\/67740429\" rel=\"nofollow noopener\" target=\"_blank\"><\/p>\n<p>      <img loading=\"lazy\" decoding=\"async\" src=\"https:\/\/www.europesays.com\/no\/wp-content\/uploads\/2025\/09\/67740438.webp\" width=\"147\" height=\"98\" title=\"Ingrid (34) fikk valget mellom \u00e5 f\u00e5 utlagt tarm eller \u00e5 d\u00f8\" alt=\"\" class=\"lazyload\" style=\"--aspect-ratio-image: 1.50; \"\/><\/p>\n<p>        Ingrid (34) fikk valget mellom \u00e5 f\u00e5 utlagt tarm eller \u00e5 d\u00f8<\/p>\n<p>    <\/a><\/p>\n<p>Mange s\u00f8vnl\u00f8se netter<\/p>\n<p>28-\u00e5ringen har holdt p\u00e5 med denne dietten siden mars. Da tok<br \/>\nhun ogs\u00e5 et drastisk valg hvor hun sluttet med alle medikamenter. Magen er bra.<br \/>\nN\u00e5 er det \u00abbare\u00bb huden som gjenst\u00e5r. <\/p>\n<p>&#8211; Det er helt j\u00e6vlig \u00e5 ha det s\u00e5nn jeg har hatt det, og<br \/>\nfortsatt har det. Det kl\u00f8r hele tiden, sier hun.<\/p>\n<p class=\"font-weight-bold m-font-weight-bold\" data-lab-font_weight=\"font-weight-bold\">&#8211; Det har blitt mange s\u00f8vnl\u00f8se netter hvor huden svir og<br \/>\nbrenner, og jeg ligger og kl\u00f8r meg konstant.<\/p>\n<p>Huden sprekker opp. Bare hun beveger p\u00e5 hodet, kan det<br \/>\nsprekke opp p\u00e5 halsen.<\/p>\n<p>&#8211; Du ser sprekker her ogs\u00e5, sier hun, og viser frem<br \/>\nh\u00e5ndflatene. <\/p>\n<p>Det Frida vet har effekt, er varme og saltvann. Hun f\u00e5r ikke<br \/>\ndekket reiser til utlandet \u2013 det m\u00e5 hun betale for selv. Fordi legene ikke<br \/>\nfinner ut av \u00e5rsaken til hudplagene. <\/p>\n<p>          <img loading=\"lazy\" decoding=\"async\" src=\"https:\/\/www.europesays.com\/no\/wp-content\/uploads\/2025\/09\/83316655.webp\" width=\"686\" height=\"995\" title=\"SMERTEFULLT: Frida lever med store smerter p\u00e5 grunn av hudtilstanden. Foto: Ida Bergersen\" alt=\"\" class=\"\" style=\"--aspect-ratio-image: 0.69; \"\/><\/p>\n<p>\n          SMERTEFULLT: Frida lever med store smerter p\u00e5 grunn av hudtilstanden. Foto: Ida Bergersen\n      <\/p>\n<p>    <a itemprop=\"url\" href=\"https:\/\/www.kk.no\/livet\/det-var-ydmykende\/83218146\" rel=\"nofollow noopener\" target=\"_blank\"><\/p>\n<p>      <img loading=\"lazy\" decoding=\"async\" src=\"https:\/\/www.europesays.com\/no\/wp-content\/uploads\/2025\/09\/83218624.webp\" width=\"980\" height=\"441\" title=\"- Det var ydmykende\" alt=\"\" class=\"lazyload\" style=\"--aspect-ratio-image: 2.22; \"\/><\/p>\n<p>        &#8211; Det var ydmykende<\/p>\n<p>    <\/a><\/p>\n<p>Reiser alene<\/p>\n<p>\u00c5 reise rundt i bobil gj\u00f8r det mulig for Frida \u00e5 reise til<br \/>\nvarmen uten at hun ruineres \u00f8konomisk. Hun kj\u00f8rte rundt i en van i 2023, og hun<br \/>\nhar aldri hatt det bedre.<\/p>\n<p>&#8211; Du er s\u00e5 fri n\u00e5r du reiser rundt p\u00e5 den m\u00e5ten, og huden<br \/>\nmin blir mye bedre.<\/p>\n<p class=\"italic m-italic\" data-lab-italic=\"italic\">&#8211; Hvordan er det \u00e5 reise rundt alene?<\/p>\n<p>&#8211; Det er litt kjipt \u00e5 v\u00e6re s\u00e5 mye alene, men jeg er veldig<br \/>\nglad i \u00e5 bli kjent med nye folk. Da jeg reiste sist, ble jeg kjent med mange<br \/>\nnye mennesker. Hun ene reiste jeg rundt med i to m\u00e5neder \u2013 begge var p\u00e5<br \/>\nalenetur med hunden sin. Jeg har fortsatt kontakt med flere av dem jeg m\u00f8tte. <\/p>\n<p>Frida skal n\u00e5 reise mot Portugal, hvor planen hennes er \u00e5<br \/>\nbade i sj\u00f8vann 30 minutter hver dag. <\/p>\n<p>&#8211; Det svir som et uv\u00e6r i starten, fordi det er s\u00e5 salt, men<br \/>\ns\u00e5 lindrer det. \u00c5 kunne reise rundt, har nok bidratt til \u00e5 bevare noe livsgnist<br \/>\nn\u00e5r alt har sett m\u00f8rkt ut.<\/p>\n<p>          <img loading=\"lazy\" decoding=\"async\" src=\"https:\/\/www.europesays.com\/no\/wp-content\/uploads\/2025\/09\/83316645.webp\" width=\"686\" height=\"467\" title=\"GIR H\u00c5P: Selv om Frida har m\u00f8tt mye motgang, h\u00e5per hun at hun en dag skal bli frisk. Foto: Ida Bergersen\" alt=\"\" class=\"\" style=\"--aspect-ratio-image: 1.47; \"\/><\/p>\n<p>\n          GIR H\u00c5P: Selv om Frida har m\u00f8tt mye motgang, h\u00e5per hun at hun en dag skal bli frisk. Foto: Ida Bergersen\n      <\/p>\n<p>\u00d8nsker en normal hverdag<\/p>\n<p>    <a itemprop=\"url\" href=\"https:\/\/www.kk.no\/livet\/jeg-skulle-bare-onske-vi-fikk-mer-tid-oss-to-for-alltid\/83307652\" rel=\"nofollow noopener\" target=\"_blank\"><\/p>\n<p>      <img loading=\"lazy\" decoding=\"async\" src=\"https:\/\/www.europesays.com\/no\/wp-content\/uploads\/2025\/09\/83307675.webp\" width=\"980\" height=\"441\" title=\"\u00abJeg skulle bare \u00f8nske vi fikk mer tid. Oss to for alltid\u00bb\" alt=\"\" class=\"lazyload\" style=\"--aspect-ratio-image: 2.22; \"\/><\/p>\n<p>        \u00abJeg skulle bare \u00f8nske vi fikk mer tid. Oss to for alltid\u00bb<\/p>\n<p>    <\/a><\/p>\n<p>Frida har tro p\u00e5 at fremtiden ser lysere ut, og hun h\u00e5per at<br \/>\nhun etter hvert vil f\u00e5 en mer normal hverdag.<\/p>\n<p>&#8211; Jeg har ikke f\u00e5tt v\u00e6rt en ordentlig venninne, kj\u00e6reste<br \/>\neller datter. Jeg har ikke f\u00f8lt at jeg har klart \u00e5 strekke til p\u00e5 noen som<br \/>\nhelst omr\u00e5der. N\u00e5 er tiden inne for \u00e5 bli frisk. Alt jeg vil er \u00e5 ha en normal<br \/>\nhverdag, og en jobb \u00e5 g\u00e5 til, s\u00e5 livet f\u00f8les litt meningsfullt. <\/p>\n<p>Hun er forberedt p\u00e5 at det kommer til \u00e5 ta tid. Ettersom hun<br \/>\nhar g\u00e5tt p\u00e5 kortison i s\u00e5 lang tid, mener leger at det kan ta tre \u00e5r f\u00f8r hun<br \/>\nblir frisk. <\/p>\n<p class=\"font-weight-bold m-font-weight-bold\" data-lab-font_weight=\"font-weight-bold\">&#8211; Jeg vil ikke leve i en konstant frykt for \u00e5 havne tilbake<br \/>\np\u00e5 sykehuset. Jeg har mistet mange venner, fordi de er s\u00e5 vant til at jeg er p\u00e5<br \/>\nsykehuset, s\u00e5 de gidder ikke \u00e5 invitere meg med p\u00e5 ting. Da faller man veldig<br \/>\nutenfor, og ender opp med \u00e5 f\u00f8le seg alene. Jeg vet at mamma har v\u00e6rt veldig<br \/>\nbekymret for psyken min ogs\u00e5.<\/p>\n<p>Frida har brukt TikTok aktivt for \u00e5 dele hverdagen sin med<br \/>\nMorbus Crohns og hudproblemene. Hun var sikker p\u00e5 at hun ville f\u00e5 noen negative<br \/>\nkommentarer, men til n\u00e5 har det bare v\u00e6rt positive tilbakemeldinger.<\/p>\n<p>&#8211; Spesielt Crohns er jo en tabu sykdom \u2013 det handler om<br \/>\nb\u00e6sj, liksom. S\u00e5 jeg trodde jeg skulle f\u00e5 noen kommentarer, men istedenfor f\u00e5r<br \/>\njeg meldinger fra folk som takker meg. Det gir meg mye.<\/p>\n<p>            <img loading=\"lazy\" decoding=\"async\" src=\"https:\/\/www.europesays.com\/no\/wp-content\/uploads\/2025\/09\/81859885.webp\" width=\"196\" height=\"155\" title=\"Har du et tips?\" alt=\"\" class=\"\" style=\"--aspect-ratio-image: 1.26; \"\/><\/p>\n<p>        Har du et tips?<\/p>\n<p class=\"subtitle\">Hei, jeg heter Ida Bergersen, og er journalist i KK. Har du et tips, en historie du vil fortelle eller et felt du mener vi b\u00f8r skrive om?<\/p>\n<p>    <a itemprop=\"url\" href=\"https:\/\/www.kk.no\/livet\/da-ektemannen-dode-tok-madelein-et-uvanlig-grep\/83289982\" rel=\"nofollow noopener\" target=\"_blank\"><\/p>\n<p>      <img loading=\"lazy\" decoding=\"async\" src=\"https:\/\/www.europesays.com\/no\/wp-content\/uploads\/2025\/09\/83290003.webp\" width=\"980\" height=\"441\" title=\"Da ektemannen d\u00f8de, tok Madelein et uvanlig grep\" alt=\"\" class=\"lazyload\" style=\"--aspect-ratio-image: 2.22; \"\/><\/p>\n<p>        Da ektemannen d\u00f8de, tok Madelein et uvanlig grep<\/p>\n<p>    <\/a><\/p>\n<p><script async src=\"\/\/www.tiktok.com\/embed.js\"><\/script><\/p>\n","protected":false},"excerpt":{"rendered":"&#8211; Flere ganger har jeg blitt fortalt at jeg m\u00e5 forberede meg p\u00e5 \u00e5 ta farvel. Da Frida&hellip;\n","protected":false},"author":2,"featured_media":25326,"comment_status":"","ping_status":"","sticky":false,"template":"","format":"standard","meta":{"footnotes":""},"categories":[10],"tags":[20,21,24,25,15,4030,22,23,4016,4029,13,30,28,29,14,16,26,27],"class_list":{"0":"post-25325","1":"post","2":"type-post","3":"status-publish","4":"format-standard","5":"has-post-thumbnail","7":"category-norge","8":"tag-breaking-news","9":"tag-breakingnews","10":"tag-featured-news","11":"tag-featurednews","12":"tag-headlines","13":"tag-hudproblemer","14":"tag-latest-news","15":"tag-latestnews","16":"tag-livet","17":"tag-morbus-crohn","18":"tag-news","19":"tag-no","20":"tag-norge","21":"tag-norway","22":"tag-nyheter","23":"tag-overskrifter","24":"tag-top-stories","25":"tag-topstories"},"share_on_mastodon":{"url":"","error":""},"_links":{"self":[{"href":"https:\/\/www.europesays.com\/no\/wp-json\/wp\/v2\/posts\/25325","targetHints":{"allow":["GET"]}}],"collection":[{"href":"https:\/\/www.europesays.com\/no\/wp-json\/wp\/v2\/posts"}],"about":[{"href":"https:\/\/www.europesays.com\/no\/wp-json\/wp\/v2\/types\/post"}],"author":[{"embeddable":true,"href":"https:\/\/www.europesays.com\/no\/wp-json\/wp\/v2\/users\/2"}],"replies":[{"embeddable":true,"href":"https:\/\/www.europesays.com\/no\/wp-json\/wp\/v2\/comments?post=25325"}],"version-history":[{"count":0,"href":"https:\/\/www.europesays.com\/no\/wp-json\/wp\/v2\/posts\/25325\/revisions"}],"wp:featuredmedia":[{"embeddable":true,"href":"https:\/\/www.europesays.com\/no\/wp-json\/wp\/v2\/media\/25326"}],"wp:attachment":[{"href":"https:\/\/www.europesays.com\/no\/wp-json\/wp\/v2\/media?parent=25325"}],"wp:term":[{"taxonomy":"category","embeddable":true,"href":"https:\/\/www.europesays.com\/no\/wp-json\/wp\/v2\/categories?post=25325"},{"taxonomy":"post_tag","embeddable":true,"href":"https:\/\/www.europesays.com\/no\/wp-json\/wp\/v2\/tags?post=25325"}],"curies":[{"name":"wp","href":"https:\/\/api.w.org\/{rel}","templated":true}]}}