{"id":253363,"date":"2026-06-01T08:27:13","date_gmt":"2026-06-01T08:27:13","guid":{"rendered":"https:\/\/www.europesays.com\/no\/253363\/"},"modified":"2026-06-01T08:27:13","modified_gmt":"2026-06-01T08:27:13","slug":"vold-17-mai-tre-siktet-etter-17-mai-volden-i-strandgaten","status":"publish","type":"post","link":"https:\/\/www.europesays.com\/no\/253363\/","title":{"rendered":"Vold, 17. mai | Tre siktet etter 17. mai-volden i Strandgaten"},"content":{"rendered":"\n<p>Saken om russen som ble angrepet av unge gutter i Strandgaten p\u00e5 17. mai har f\u00e5tt stor nasjonal oppmerksomhet.<\/p>\n<p>En video viser hvordan det 18 \u00e5r gamle voldsofferet blir sl\u00e5tt i bakken, og sl\u00e5tt og sparket mens han ligger nede.<\/p>\n<p>Mandag bekrefter politiadvokat Linn Mari S\u00f8fteland at tre mindre\u00e5rige gutter er siktet for voldsut\u00f8velsen.<\/p>\n<p>\u2013 De er siktet for grov kroppskrenkelse, sier hun til BA.<\/p>\n<p>    Ulike forklaringer<\/p>\n<p><a href=\"https:\/\/www.nrk.no\/vestland\/tre-sikta-etter-17.-mai-vald-i-bergen-1.17903812\" rel=\"Follow nofollow noopener\" target=\"_blank\">NRK<\/a> meldte f\u00f8rst om siktelsene.<\/p>\n<p>S\u00f8fteland opplyser at de tre siktede er avh\u00f8rt, mens avh\u00f8ret av den mistenkte gutten fremdeles gjenst\u00e5r.<\/p>\n<p>Politiet har ogs\u00e5 avh\u00f8rt voldsofferet og to vitner, deriblant han som skal ha filmet videoen som har spredt seg.<\/p>\n<p>Mens voldsofferet sier at angrepet skjedde ut av det bl\u00e5, har de siktede en annen versjon av foranledningen.<\/p>\n<p><b>\u2013 Jeg vil ikke g\u00e5 i detalj, men det jeg kan si er at det er noe ulike forklaringer til hva som skjedde f\u00f8r volden vi ser p\u00e5 videoen. Uansett hva som har skjedd p\u00e5 forh\u00e5nd er volden ikke akseptabel, sier S\u00f8fteland til BA.<\/b><\/p>\n<p>  <a href=\"https:\/\/www.ba.no\/5-8-3416438\" class=\"related-teaser has-image article--c-MkAkR\" rel=\"nofollow noopener\" target=\"_blank\"><\/p>\n<p>    <img decoding=\"async\" width=\"155\"  loading=\"lazy\"  src=\"https:\/\/www.europesays.com\/no\/wp-content\/uploads\/2026\/06\/Skjermbilde+4+%281%29_sladdet.jpg\" alt=\"\" class=\"brick-c-cFOWSL\" style=\"\"\/><\/p>\n<p>\n            Les ogs\u00e5<\/p>\n<p>            Ut mot rykter: \u2013 Han opplever russetiden som \u00f8delagt\n        <\/p>\n<p>  <\/a><br \/>\n  Etterforskning g\u00e5r mot slutten<\/p>\n<p>Politiet h\u00e5per at et overv\u00e5kningskamera fra klesbutikken Gina Tricot kan si noe mer om opptakten til volden som ble filmet.<\/p>\n<p>Butikken har tre overv\u00e5kningskameraer p\u00e5 innsiden av butikken sin, men et eller to av dem peker delvis ut mot gaten.<\/p>\n<p>\u2013 Kameraet peker riktig sted, og vi h\u00e5per at opptakene dekker hele hendelsesforl\u00f8pet, <a href=\"https:\/\/www.ba.no\/har-hentet-ut-video-fra-klesbutikk-kameraet-peker-riktig-sted\/s\/5-8-3417689\" rel=\"Follow nofollow noopener\" target=\"_blank\">har S\u00f8fteland tidligere uttalt til BA.<\/a><\/p>\n<p>Mandag svarer hun \u00abukjent per n\u00e5\u00bb p\u00e5 sp\u00f8rsm\u00e5l om hva videoopptakene viser.<\/p>\n<p>Det er videoarbeid og avh\u00f8ret av den fjerde mistenkte gutten, som ikke ut\u00f8ver vold p\u00e5 videoen, som gjenst\u00e5r i etterforskningen n\u00e5.<\/p>\n<p><b>\u2013 Vi n\u00e6rmer oss ferdig, sier S\u00f8fteland om etterforskningen.<\/b><\/p>\n<p>\u2013 Legger seg flat<\/p>\n<p>De siktede er 15, 16 og 17 \u00e5r gamle. Den mistenkte er 16.<\/p>\n<p>Advokat Alexander Gonzalo Sele forsvarer 17-\u00e5ringen.<\/p>\n<p>Han forteller at hans klient har gitt sin forklaring til politiet, uten at han vil g\u00e5 n\u00e6rmere inn p\u00e5 den.<\/p>\n<p><b>\u2013 Min klient erkjenner straffskyld, og legger seg realtivt flat. Han legger ingen skyld p\u00e5 forn\u00e6rmede, sier Sele til BA.<\/b><\/p>\n<p>BA har ikke forel\u00f8pig ikke f\u00e5tt fatt i de andre siktedes forsvarere.<\/p>\n","protected":false},"excerpt":{"rendered":"Saken om russen som ble angrepet av unge gutter i Strandgaten p\u00e5 17. mai har f\u00e5tt stor nasjonal&hellip;\n","protected":false},"author":2,"featured_media":253364,"comment_status":"","ping_status":"","sticky":false,"template":"","format":"standard","meta":{"footnotes":"","_share_on_mastodon":"0"},"categories":[10],"tags":[14670,36,444,20,21,24,25,15,983,22,23,13,30,28,29,447,14,16,1510,26,27,493],"class_list":["post-253363","post","type-post","status-publish","format-standard","has-post-thumbnail","category-norge","tag-17-mai","tag-art","tag-bergen","tag-breaking-news","tag-breakingnews","tag-featured-news","tag-featurednews","tag-headlines","tag-krim","tag-latest-news","tag-latestnews","tag-news","tag-no","tag-norge","tag-norway","tag-nyhet","tag-nyheter","tag-overskrifter","tag-story","tag-top-stories","tag-topstories","tag-vold"],"share_on_mastodon":{"url":"https:\/\/pubeurope.com\/@no\/116673908165741367","error":""},"_links":{"self":[{"href":"https:\/\/www.europesays.com\/no\/wp-json\/wp\/v2\/posts\/253363","targetHints":{"allow":["GET"]}}],"collection":[{"href":"https:\/\/www.europesays.com\/no\/wp-json\/wp\/v2\/posts"}],"about":[{"href":"https:\/\/www.europesays.com\/no\/wp-json\/wp\/v2\/types\/post"}],"author":[{"embeddable":true,"href":"https:\/\/www.europesays.com\/no\/wp-json\/wp\/v2\/users\/2"}],"replies":[{"embeddable":true,"href":"https:\/\/www.europesays.com\/no\/wp-json\/wp\/v2\/comments?post=253363"}],"version-history":[{"count":0,"href":"https:\/\/www.europesays.com\/no\/wp-json\/wp\/v2\/posts\/253363\/revisions"}],"wp:featuredmedia":[{"embeddable":true,"href":"https:\/\/www.europesays.com\/no\/wp-json\/wp\/v2\/media\/253364"}],"wp:attachment":[{"href":"https:\/\/www.europesays.com\/no\/wp-json\/wp\/v2\/media?parent=253363"}],"wp:term":[{"taxonomy":"category","embeddable":true,"href":"https:\/\/www.europesays.com\/no\/wp-json\/wp\/v2\/categories?post=253363"},{"taxonomy":"post_tag","embeddable":true,"href":"https:\/\/www.europesays.com\/no\/wp-json\/wp\/v2\/tags?post=253363"}],"curies":[{"name":"wp","href":"https:\/\/api.w.org\/{rel}","templated":true}]}}