{"id":25364,"date":"2025-09-02T21:54:24","date_gmt":"2025-09-02T21:54:24","guid":{"rendered":"https:\/\/www.europesays.com\/no\/25364\/"},"modified":"2025-09-02T21:54:24","modified_gmt":"2025-09-02T21:54:24","slug":"trafikkmeldinger-bane-nor-stengt-pa-nordlandsbanen-mellom-mosjoen-og-mo-i-rana-buss-for-tog","status":"publish","type":"post","link":"https:\/\/www.europesays.com\/no\/25364\/","title":{"rendered":"Trafikkmeldinger, Bane NOR | Stengt p\u00e5 Nordlandsbanen mellom Mosj\u00f8en og Mo i Rana: \u2013 Buss for tog"},"content":{"rendered":"\n<p>Som om det ikke var nok problemer for Nordlandsbanen har det dukket opp nok en hendelse. Dette gj\u00f8r at det er stengt mellom Mosj\u00f8en og Mo i Rana, og det er grunnforhold som er problemet.<\/p>\n<p>   <img decoding=\"async\" width=\"4032\" height=\"3024\" fetchpriority=\"low\"  loading=\"lazy\"  src=\"https:\/\/www.europesays.com\/no\/wp-content\/uploads\/2025\/09\/last+ned+%281%29.jpg\" alt=\"Mintra Ruangkrathok m\u00e5 vente p\u00e5 neste buss til tross for at hun bestilte billetten for to uker siden.\" class=\"brick-c-cFOWSL\" style=\"--brick-image-ratio: 4032 \/ 3024;\"\/><\/p>\n<p>    Foto: Privat\n  <\/p>\n<p>\u2013 Det er stengt mellom Mosj\u00f8en og Mo i Rana p\u00e5 grunn av grunnforhold. Ny prognose for \u00e5pning er onsdag 3. september klokken 06.00. Hendelsen ble oppdaget i forbindelse med arbeid p\u00e5 sporet. Det er rett og slett slik at grunnen er hard og dette skapte problemer da det skulle legges ned en ny kulvert. Vi jobber for \u00e5 utbedre dette og SJ Norge kj\u00f8rer buss for tog, sier pressevakt for Bane NOR, Olav Nordli.<\/p>\n<p>  <a href=\"https:\/\/www.ranablad.no\/5-42-1494382\" class=\"related-teaser has-image default-story-teaser article--c-eRUmMG article--c-eRUmMG-jKCPdD-design-default\" wp_automatic_readability=\"1\" rel=\"nofollow noopener\" target=\"_blank\"><\/p>\n<p>    <img decoding=\"async\" loading=\"lazy\"  src=\"https:\/\/www.europesays.com\/no\/wp-content\/uploads\/2025\/09\/1756850064_671_8e83a65f-f8a3-4393-9132-69f483a762d2.jpeg\" alt=\"\" class=\"brick-c-cFOWSL\" style=\"\"\/><\/p>\n<p>\n            Les ogs\u00e5<\/p>\n<p>  Forberedt p\u00e5 kaos etter raset: Her er alt du trenger \u00e5 vite om trafikken<\/p>\n<p>  <\/a><\/p>\n<p>  <a href=\"https:\/\/www.ranablad.no\/5-42-1494175\" class=\"related-teaser has-image default-story-teaser article--c-eRUmMG article--c-eRUmMG-jKCPdD-design-default\" wp_automatic_readability=\"2.5\" rel=\"nofollow noopener\" target=\"_blank\"><\/p>\n<p>    For abonnenter<\/p>\n<p>    <img decoding=\"async\" loading=\"lazy\"  src=\"https:\/\/www.europesays.com\/no\/wp-content\/uploads\/2025\/09\/Mintra+og+j%C3%B8rgen+-+buss+for+tog.jpg\" alt=\"\" class=\"brick-c-cFOWSL\" style=\"\"\/><\/p>\n<p>\n            Les ogs\u00e5<\/p>\n<p>  Mintra kj\u00f8pte billett for to uker siden &#8211; men bussen var full da hun m\u00f8tte opp. Hun ventet i to timer p\u00e5 neste, men den kom aldri: \u2013 Hva skal man si, det er jo helt sykt<\/p>\n<p>  <\/a><\/p>\n","protected":false},"excerpt":{"rendered":"Som om det ikke var nok problemer for Nordlandsbanen har det dukket opp nok en hendelse. Dette gj\u00f8r&hellip;\n","protected":false},"author":2,"featured_media":25365,"comment_status":"","ping_status":"","sticky":false,"template":"","format":"standard","meta":{"footnotes":""},"categories":[10],"tags":[36,2532,20,21,24,25,15,22,23,13,30,450,28,29,14,16,1510,26,27,665],"class_list":{"0":"post-25364","1":"post","2":"type-post","3":"status-publish","4":"format-standard","5":"has-post-thumbnail","7":"category-norge","8":"tag-art","9":"tag-bane-nor","10":"tag-breaking-news","11":"tag-breakingnews","12":"tag-featured-news","13":"tag-featurednews","14":"tag-headlines","15":"tag-latest-news","16":"tag-latestnews","17":"tag-news","18":"tag-no","19":"tag-nordlandsbanen","20":"tag-norge","21":"tag-norway","22":"tag-nyheter","23":"tag-overskrifter","24":"tag-story","25":"tag-top-stories","26":"tag-topstories","27":"tag-trafikkmeldinger"},"share_on_mastodon":{"url":"","error":""},"_links":{"self":[{"href":"https:\/\/www.europesays.com\/no\/wp-json\/wp\/v2\/posts\/25364","targetHints":{"allow":["GET"]}}],"collection":[{"href":"https:\/\/www.europesays.com\/no\/wp-json\/wp\/v2\/posts"}],"about":[{"href":"https:\/\/www.europesays.com\/no\/wp-json\/wp\/v2\/types\/post"}],"author":[{"embeddable":true,"href":"https:\/\/www.europesays.com\/no\/wp-json\/wp\/v2\/users\/2"}],"replies":[{"embeddable":true,"href":"https:\/\/www.europesays.com\/no\/wp-json\/wp\/v2\/comments?post=25364"}],"version-history":[{"count":0,"href":"https:\/\/www.europesays.com\/no\/wp-json\/wp\/v2\/posts\/25364\/revisions"}],"wp:featuredmedia":[{"embeddable":true,"href":"https:\/\/www.europesays.com\/no\/wp-json\/wp\/v2\/media\/25365"}],"wp:attachment":[{"href":"https:\/\/www.europesays.com\/no\/wp-json\/wp\/v2\/media?parent=25364"}],"wp:term":[{"taxonomy":"category","embeddable":true,"href":"https:\/\/www.europesays.com\/no\/wp-json\/wp\/v2\/categories?post=25364"},{"taxonomy":"post_tag","embeddable":true,"href":"https:\/\/www.europesays.com\/no\/wp-json\/wp\/v2\/tags?post=25364"}],"curies":[{"name":"wp","href":"https:\/\/api.w.org\/{rel}","templated":true}]}}