{"id":253785,"date":"2026-06-01T16:41:15","date_gmt":"2026-06-01T16:41:15","guid":{"rendered":"https:\/\/www.europesays.com\/no\/253785\/"},"modified":"2026-06-01T16:41:15","modified_gmt":"2026-06-01T16:41:15","slug":"stromsgodset-podkast-kan-pingel-knuse-20-ar-gammel-rekord","status":"publish","type":"post","link":"https:\/\/www.europesays.com\/no\/253785\/","title":{"rendered":"Str\u00f8msgodset, Podkast | Kan Pingel knuse 20 \u00e5r gammel rekord?"},"content":{"rendered":"\n<p>   <img decoding=\"async\" width=\"1101\" height=\"1697\" fetchpriority=\"low\"  loading=\"lazy\"  src=\"https:\/\/www.europesays.com\/no\/wp-content\/uploads\/2026\/06\/last ned %282%29.jpeg\" alt=\"TV 2-KOMMENTATOR: Amund Lutn\u00e6s. I nest siste runde i 1. divisjon ligger det an til \u00e5 bli en h\u00f8ydramatisk duell i Mj\u00f8ndalen mellom MIF og Vegard Hansens Kongsvinger. Da vender Hansen \u00abhjem\u00bb for f\u00f8rste gang etter at han fikk sparken i klubben.\" class=\"brick-c-cFOWSL\" style=\"--brick-image-ratio: 1101 \/ 1697;\"\/><\/p>\n<p>      GJEST: Amund Lutn\u00e6s, TV 2<br \/>\n      Foto: TV 2\n    <\/p>\n<p>Str\u00f8msgodset flyr h\u00f8yt i Obos-ligaen etter 5-0-seier borte mot Egersund, der Stengel klinket inn nok en suser og Sebastian Pingel fortsetter som m\u00e5lgarantist.<\/p>\n<p>Vi oppsummerer m\u00e5lshowet sammen med TV 2s Amund Lutnes og diskuterer om Dedes og Pingel allerede er det beste overgangsarbeidet p\u00e5 Marienlyst p\u00e5 mange \u00e5r.<\/p>\n<p>Tabelltopp til tross, overgangsvinduet n\u00e6rmer seg, og med et vedtatt krav om 18 millioner kroner i netto gevinst brenner det et bl\u00e5tt lys for \u00e5 beholde profilene uten \u00e5 svekke opprykksjakten.<\/p>\n<p>Og: Snart kommer VM!<\/p>\n<p><b>H\u00f8r episoden her: <br \/><\/b><\/p>\n","protected":false},"excerpt":{"rendered":"GJEST: Amund Lutn\u00e6s, TV 2 Foto: TV 2 Str\u00f8msgodset flyr h\u00f8yt i Obos-ligaen etter 5-0-seier borte mot Egersund,&hellip;\n","protected":false},"author":2,"featured_media":253786,"comment_status":"","ping_status":"","sticky":false,"template":"","format":"standard","meta":{"footnotes":"","_share_on_mastodon":"0"},"categories":[59],"tags":[36,92,30,28,29,1293,1270,83,82,1510,3325],"class_list":["post-253785","post","type-post","status-publish","format-standard","has-post-thumbnail","category-sport","tag-art","tag-fotball","tag-no","tag-norge","tag-norway","tag-podcast","tag-podkast","tag-sport","tag-sports","tag-story","tag-stromsgodset"],"share_on_mastodon":{"url":"https:\/\/pubeurope.com\/@no\/116675850548917006","error":""},"_links":{"self":[{"href":"https:\/\/www.europesays.com\/no\/wp-json\/wp\/v2\/posts\/253785","targetHints":{"allow":["GET"]}}],"collection":[{"href":"https:\/\/www.europesays.com\/no\/wp-json\/wp\/v2\/posts"}],"about":[{"href":"https:\/\/www.europesays.com\/no\/wp-json\/wp\/v2\/types\/post"}],"author":[{"embeddable":true,"href":"https:\/\/www.europesays.com\/no\/wp-json\/wp\/v2\/users\/2"}],"replies":[{"embeddable":true,"href":"https:\/\/www.europesays.com\/no\/wp-json\/wp\/v2\/comments?post=253785"}],"version-history":[{"count":0,"href":"https:\/\/www.europesays.com\/no\/wp-json\/wp\/v2\/posts\/253785\/revisions"}],"wp:featuredmedia":[{"embeddable":true,"href":"https:\/\/www.europesays.com\/no\/wp-json\/wp\/v2\/media\/253786"}],"wp:attachment":[{"href":"https:\/\/www.europesays.com\/no\/wp-json\/wp\/v2\/media?parent=253785"}],"wp:term":[{"taxonomy":"category","embeddable":true,"href":"https:\/\/www.europesays.com\/no\/wp-json\/wp\/v2\/categories?post=253785"},{"taxonomy":"post_tag","embeddable":true,"href":"https:\/\/www.europesays.com\/no\/wp-json\/wp\/v2\/tags?post=253785"}],"curies":[{"name":"wp","href":"https:\/\/api.w.org\/{rel}","templated":true}]}}