{"id":2538,"date":"2025-08-08T15:48:09","date_gmt":"2025-08-08T15:48:09","guid":{"rendered":"https:\/\/www.europesays.com\/no\/2538\/"},"modified":"2025-08-08T15:48:09","modified_gmt":"2025-08-08T15:48:09","slug":"lewandowski-og-yamal-botelegges-etter-brudd-pa-dopingreglene","status":"publish","type":"post","link":"https:\/\/www.europesays.com\/no\/2538\/","title":{"rendered":"Lewandowski og Yamal b\u00f8telegges etter brudd p\u00e5 dopingreglene"},"content":{"rendered":"\n<p class=\"_lead_1bvmi_2 _lead_xtcu6_50 layout-component text-serif-m layout-normal text-serif-l layout-component layout-wide layout-padded _wide_17hqh_1 layout-padded\">Barcelona-stjernene skal ha unnlatt \u00e5 m\u00f8te opp til dopingkontroll.<\/p>\n<p><img alt=\" Foto: Enric Fontcuberta \/ EPA \/ NTB\" class=\"_image_qp4xg_65 layout-component layout-wide\" data-fullscreen- data-track-element-type=\"Article image fullscreen\" data-track-name=\"ImageFullscreen\" fetchpriority=\"high\" decoding=\"sync\" loading=\"eager\" height=\"1590\" itemprop=\"image\"  src=\"https:\/\/www.europesays.com\/no\/wp-content\/uploads\/2025\/08\/537229e4-47e2-4830-bcbe-9273533d9e4e\"  style=\"object-position:0% 0%\" width=\"2385\"\/> Foto: Enric Fontcuberta \/ EPA \/ NTB<\/p>\n<ul aria-hidden=\"true\" class=\"_images_1y6fe_106\">\n<li><a class=\"_link_1y6fe_111\" href=\"https:\/\/www.vg.no\/forfatter\/lisa-amdam-tetlie\" style=\"z-index:1\" title=\"Lisa Amdam Tetlie\" rel=\"nofollow noopener\" target=\"_blank\"><img alt=\"Bilde av Lisa Amdam Tetlie\" class=\"_image_1y6fe_88\" fetchpriority=\"low\" loading=\"lazy\" decoding=\"async\" itemprop=\"image\"  src=\"https:\/\/www.europesays.com\/no\/wp-content\/uploads\/2025\/08\/1754668089_570_98077b44-f615-4d7e-b0c3-7557f0040cce\"  width=\"480\"\/><\/a><\/li>\n<\/ul>\n<p> Oppdatert fredag 8. august kl. 17:25     <\/p>\n<p class=\"_paragraph_1bvmi_4 _paragraph_xtcu6_10 layout-component text-serif-m layout-normal text-serif-m layout-padded\">Det melder spanske <a href=\"https:\/\/www.marca.com\/futbol\/barcelona\/2025\/08\/08\/lamine-lewandowski-sancionados-uefa-respetar-normas-control-antidopaje.html\" class=\"_link_1bvmi_39\" rel=\"nofollow noopener\" target=\"_blank\">Marca<\/a>. UEFA skal ha ilagt <a href=\"https:\/\/www.vg.no\/tag\/lamine-yamal?utm_source=vg-article&amp;utm_medium=auto-tagger&amp;utm_campaign=EyGbMa\" class=\"_link_1bvmi_39\" rel=\"nofollow noopener\" target=\"_blank\">Lamine Yamal<\/a> og Robert Lewandowski b\u00f8ter p\u00e5 5000 euro \u2013 rundt 60 tusen norske kroner \u2013 hver for brudd p\u00e5 dopingreglene.<\/p>\n<p class=\"_paragraph_1bvmi_4 _paragraph_xtcu6_10 layout-component text-serif-m layout-normal text-serif-m layout-padded\">Barcelona-stjernene skal ikke ha fulgt instruksjonene fra dopingkontroll\u00f8rene etter en av lagets Europa-kamper. De m\u00f8tte ikke opp umiddelbart til dopingkontrollen slik reglene krever.<\/p>\n<p class=\"_paragraph_1bvmi_4 _paragraph_xtcu6_10 layout-component text-serif-m layout-normal text-serif-m layout-padded\">Ogs\u00e5 Barcelona-trener Hansi Flick og hans assistent Marcus Sorg f\u00e5r straff. Flick m\u00e5 betale 20 tusen euro \u2013 240 tusen norske kroner \u2013 i bot og er utestengt fra \u00e9n kamp i UEFA-turneringer for brudd p\u00e5 oppf\u00f8rselsnormene. Sorg f\u00e5r samme straff.<\/p>\n<p class=\"_paragraph_1bvmi_4 _paragraph_xtcu6_10 layout-component text-serif-m layout-normal text-serif-m layout-padded\"><strong class=\"_strong_1bvmi_25\">PS! <\/strong><a href=\"https:\/\/www.vg.no\/sport\/i\/PpVlOJ\/vg-profeten-har-startet-slik-lykkes-du\" data-track-element-type=\"Link\" data-track-id=\"link:PpVlOJ\" class=\"_link_1bvmi_39\" rel=\"nofollow noopener\" target=\"_blank\">Tippekonkurransen Profeten<\/a><strong class=\"_strong_1bvmi_25\"> <\/strong>er tilbake. Utfordre vennene dine til \u00e5 tippe riktig resultat i kamper fra norsk og europeisk liga.<\/p>\n<p class=\"_paragraph_1bvmi_4 _paragraph_xtcu6_10 layout-component text-serif-m layout-normal text-serif-m layout-padded\">Barcelona som klubb m\u00e5 ogs\u00e5 punge ut. De f\u00e5r 5250 euro i bot for at supportere kastet gjenstander p\u00e5 banen, og 2500 euro for at det ble tent opp fyrverkeri under kampen.<\/p>\n<p class=\"_paragraph_1bvmi_4 _paragraph_xtcu6_10 layout-component text-serif-m layout-normal text-serif-m layout-padded\">Alle straffene trer i kraft umiddelbart og vil p\u00e5virke Barcelonas neste kamp i en europeisk turnering, skriver Marca. Da m\u00e5 laget klare seg uten Flick og Sorg p\u00e5 sidelinjen.<\/p>\n<p class=\"_paragraph_1bvmi_4 _paragraph_xtcu6_10 layout-component text-serif-m layout-normal text-serif-m layout-padded\">UEFA har ikke oppgitt hvilken spesifikk kamp straffene gjelder for, men de er knyttet til Barcelonas siste opptreden i europeisk fotball.<\/p>\n","protected":false},"excerpt":{"rendered":"Barcelona-stjernene skal ha unnlatt \u00e5 m\u00f8te opp til dopingkontroll. Foto: Enric Fontcuberta \/ EPA \/ NTB Oppdatert fredag&hellip;\n","protected":false},"author":2,"featured_media":2539,"comment_status":"","ping_status":"","sticky":false,"template":"","format":"standard","meta":{"footnotes":""},"categories":[59],"tags":[483,92,644,30,28,29,645,83,82,46],"class_list":{"0":"post-2538","1":"post","2":"type-post","3":"status-publish","4":"format-standard","5":"has-post-thumbnail","7":"category-sport","8":"tag-fc-barcelona","9":"tag-fotball","10":"tag-lamine-yamal","11":"tag-no","12":"tag-norge","13":"tag-norway","14":"tag-robert-lewandowski","15":"tag-sport","16":"tag-sports","17":"tag-vgai"},"share_on_mastodon":{"url":"","error":""},"_links":{"self":[{"href":"https:\/\/www.europesays.com\/no\/wp-json\/wp\/v2\/posts\/2538","targetHints":{"allow":["GET"]}}],"collection":[{"href":"https:\/\/www.europesays.com\/no\/wp-json\/wp\/v2\/posts"}],"about":[{"href":"https:\/\/www.europesays.com\/no\/wp-json\/wp\/v2\/types\/post"}],"author":[{"embeddable":true,"href":"https:\/\/www.europesays.com\/no\/wp-json\/wp\/v2\/users\/2"}],"replies":[{"embeddable":true,"href":"https:\/\/www.europesays.com\/no\/wp-json\/wp\/v2\/comments?post=2538"}],"version-history":[{"count":0,"href":"https:\/\/www.europesays.com\/no\/wp-json\/wp\/v2\/posts\/2538\/revisions"}],"wp:featuredmedia":[{"embeddable":true,"href":"https:\/\/www.europesays.com\/no\/wp-json\/wp\/v2\/media\/2539"}],"wp:attachment":[{"href":"https:\/\/www.europesays.com\/no\/wp-json\/wp\/v2\/media?parent=2538"}],"wp:term":[{"taxonomy":"category","embeddable":true,"href":"https:\/\/www.europesays.com\/no\/wp-json\/wp\/v2\/categories?post=2538"},{"taxonomy":"post_tag","embeddable":true,"href":"https:\/\/www.europesays.com\/no\/wp-json\/wp\/v2\/tags?post=2538"}],"curies":[{"name":"wp","href":"https:\/\/api.w.org\/{rel}","templated":true}]}}