{"id":25381,"date":"2025-09-02T23:13:15","date_gmt":"2025-09-02T23:13:15","guid":{"rendered":"https:\/\/www.europesays.com\/no\/25381\/"},"modified":"2025-09-02T23:13:15","modified_gmt":"2025-09-02T23:13:15","slug":"anders-besseberg-ibu-anders-besseberg-domt-til-tre-ars-fengsel-alvorlig-tillitsbrudd","status":"publish","type":"post","link":"https:\/\/www.europesays.com\/no\/25381\/","title":{"rendered":"Anders Besseberg, IBU | Anders Besseberg d\u00f8mt til tre \u00e5rs fengsel: \u2013 Alvorlig tillitsbrudd"},"content":{"rendered":"\n<p>\u2013 Bessebergs handling var et alvorlig tillitsbrudd overfor den organisasjonen han var valgt til. Han var \u00f8verste tillitsperson i en ikke-statlig organisasjon med et ideelt form\u00e5l, st\u00e5r det i dommen.<\/p>\n<p>I fjor ble skiskyttertopp Anders Besseberg d\u00f8mt til tre \u00e5r en m\u00e5ned fengsel av tingretten. Den tidligere skiskyttertoppen har hele tiden nektet all straffskyld. <\/p>\n<p><b>\u2013 Korrupsjon skal straffes strengt. I rettspraksis finnes det ingen saker som er direkte overf\u00f8rbar til denne, sa medaktor Marthe St\u00f8mner Smestad og kalte sakskomplekset \u00abs\u00e6regent i norsk rettshistorie\u00bb da.<\/b><\/p>\n<p>Saken ble anket videre til Lagmannsretten og aktoratet ba lagmannsretten om d\u00f8mme Besseberg til tre \u00e5r og seks m\u00e5neder i fengsel for grov korrupsjon.<\/p>\n<p>N\u00e5 er dommen klar.<\/p>\n<p>\u2013 Selvsagt skuffet<\/p>\n<p>\u2013 Dommen beskriver en alvorlig korrupsjonssak. Det er en innflytelsesrik person som er bestukket og korrupsjonen har p\u00e5g\u00e5tt i en periode p\u00e5 over ti \u00e5r, sier p\u00e5taleansvarlig i saken og f\u00f8rstestatsadvokat i \u00d8kokrim, Marianne Djupesland i en pressemelding. <\/p>\n<p><b>Anders Besseberg som var tidligere president for IBU er d\u00f8mt til tre \u00e5rs fengsel for grov korrupsjon. <\/b><\/p>\n<p>I tillegg blir han inndratt klokker og jaktrofeer, i tillegg til et bel\u00f8p p\u00e5 en millioner kroner. <\/p>\n<p><b>\u2013 Jeg er selvsagt skuffet og overrasket over dommen, og ogs\u00e5 over en del av begrunnelsen. Jeg anker dommen p\u00e5 stedet, skal Besseberg ha sagt i rettssalen i Hokksund, if\u00f8lge <a href=\"https:\/\/www.vg.no\/sport\/i\/dRXWXB\/besseberg-doemt-til-fengsel-i-tre-aar\" rel=\"Follow nofollow noopener\" target=\"_blank\">VG<\/a>.<\/b><\/p>\n<p>Siden Besseberg har anket dommen, er den dermed ikke rettskraftig. <\/p>\n<p>Drammens Tidende har pr\u00f8vd \u00e5 f\u00e5 tak i Bessebergs forsvarer Fredrik Berg, men har enda ikke lyktes. <\/p>\n<p>Korrupsjonssaken<\/p>\n<p>Besseberg ble tiltalt for \u00e5 ha akseptert og mottatt en rekke utilb\u00f8rlige fordeler imens han satt som president for det internasjonale skiskytter forbundet IBU. <\/p>\n<p><b>\u00d8kokrim tok ut tiltale mot nordmannen i 2023. Og den <\/b><b>beskriver ett sammenhengene straffbart forhold og har hele ti punkter. <\/b><\/p>\n<p>Han var president fra 1993 til 2018 og tiltalen strekker seg over en periode fra 2006 til 2018.<\/p>\n<p>Det gjelder i form av \u00e5 motta gaver som dyre klokker, deltakelse p\u00e5 jakt og samv\u00e6r med prostituerte som skal if\u00f8lge tiltalen ha blitt tilbudt av russiske myndighetspersoner. <\/p>\n<p>Besseberg har fortsatt en p\u00e5g\u00e5ende etterforskning i \u00d8sterrike mot ham og flere andre personer knyttet til forholdet mellom IBU og tradingselskapet Infront.<\/p>\n<p>\u2013 Det er langt p\u00e5 vei takket v\u00e6re \u00d8sterrikske myndigheter at denne saken kom til overflaten. De tok tidlig tak i saken og iverksatte helt avgj\u00f8rende etterforskingsskritt i 2018, som bruk av telefonavlytting og innledende avh\u00f8r med sentrale personer, sier Djupesland.<\/p>\n","protected":false},"excerpt":{"rendered":"\u2013 Bessebergs handling var et alvorlig tillitsbrudd overfor den organisasjonen han var valgt til. Han var \u00f8verste tillitsperson&hellip;\n","protected":false},"author":2,"featured_media":25382,"comment_status":"","ping_status":"","sticky":false,"template":"","format":"standard","meta":{"footnotes":""},"categories":[59],"tags":[3966,36,454,4036,30,28,29,83,82,1510],"class_list":{"0":"post-25381","1":"post","2":"type-post","3":"status-publish","4":"format-standard","5":"has-post-thumbnail","7":"category-sport","8":"tag-anders-besseberg","9":"tag-art","10":"tag-eiker","11":"tag-ibu","12":"tag-no","13":"tag-norge","14":"tag-norway","15":"tag-sport","16":"tag-sports","17":"tag-story"},"share_on_mastodon":{"url":"","error":""},"_links":{"self":[{"href":"https:\/\/www.europesays.com\/no\/wp-json\/wp\/v2\/posts\/25381","targetHints":{"allow":["GET"]}}],"collection":[{"href":"https:\/\/www.europesays.com\/no\/wp-json\/wp\/v2\/posts"}],"about":[{"href":"https:\/\/www.europesays.com\/no\/wp-json\/wp\/v2\/types\/post"}],"author":[{"embeddable":true,"href":"https:\/\/www.europesays.com\/no\/wp-json\/wp\/v2\/users\/2"}],"replies":[{"embeddable":true,"href":"https:\/\/www.europesays.com\/no\/wp-json\/wp\/v2\/comments?post=25381"}],"version-history":[{"count":0,"href":"https:\/\/www.europesays.com\/no\/wp-json\/wp\/v2\/posts\/25381\/revisions"}],"wp:featuredmedia":[{"embeddable":true,"href":"https:\/\/www.europesays.com\/no\/wp-json\/wp\/v2\/media\/25382"}],"wp:attachment":[{"href":"https:\/\/www.europesays.com\/no\/wp-json\/wp\/v2\/media?parent=25381"}],"wp:term":[{"taxonomy":"category","embeddable":true,"href":"https:\/\/www.europesays.com\/no\/wp-json\/wp\/v2\/categories?post=25381"},{"taxonomy":"post_tag","embeddable":true,"href":"https:\/\/www.europesays.com\/no\/wp-json\/wp\/v2\/tags?post=25381"}],"curies":[{"name":"wp","href":"https:\/\/api.w.org\/{rel}","templated":true}]}}