{"id":25391,"date":"2025-09-02T23:38:08","date_gmt":"2025-09-02T23:38:08","guid":{"rendered":"https:\/\/www.europesays.com\/no\/25391\/"},"modified":"2025-09-02T23:38:08","modified_gmt":"2025-09-02T23:38:08","slug":"republikansk-komite-slipper-33-000-sider-med-epstein-dokumenter","status":"publish","type":"post","link":"https:\/\/www.europesays.com\/no\/25391\/","title":{"rendered":"Republikansk komit\u00e9 slipper 33.000 sider med Epstein-dokumenter"},"content":{"rendered":"\n<p class=\"_lead_1bvmi_2 _lead_xtcu6_50 layout-component text-serif-m layout-normal text-serif-l layout-component layout-wide layout-padded _wide_17hqh_1 layout-padded\">Samtidig kjemper Det hvite hus mot forslag om \u00e5 frigi alle filene.<\/p>\n<p><img alt=\"US-representant Anna Paulina Luna, republikaner fra Florida, gikk forbi pressen etter \u00e5 ha deltatt p\u00e5 et lukket m\u00f8te med ofre for Jeffrey Epstein i Kongressen i Washington, DC, 2. september. Foto: ANDREW CABALLERO-REYNOLDS \/ AFP \/ NTB\" class=\"_image_qp4xg_65 layout-component layout-wide\" data-fullscreen- data-track-element-type=\"Article image fullscreen\" data-track-name=\"ImageFullscreen\" fetchpriority=\"high\" decoding=\"sync\" loading=\"eager\" height=\"4512\" itemprop=\"image\"  src=\"https:\/\/www.europesays.com\/no\/wp-content\/uploads\/2025\/09\/1733241b-6749-4c23-8d77-bf58d526570c\"  style=\"object-position:0% 0%\" width=\"6464\"\/>US-representant Anna Paulina Luna, republikaner fra Florida, gikk forbi pressen etter \u00e5 ha deltatt p\u00e5 et lukket m\u00f8te med ofre for Jeffrey Epstein i Kongressen i Washington, DC, 2. september. Foto: ANDREW CABALLERO-REYNOLDS \/ AFP \/ NTB<\/p>\n<ul aria-hidden=\"true\" class=\"_images_1y6fe_106\">\n<li><a class=\"_link_1y6fe_111\" href=\"https:\/\/www.vg.no\/forfatter\/kari-aarstad-aase\" style=\"z-index:1\" title=\"Kari Aarstad Aase\" rel=\"nofollow noopener\" target=\"_blank\"><img alt=\"Bilde av Kari Aarstad Aase\" class=\"_image_1y6fe_88\" fetchpriority=\"low\" loading=\"lazy\" decoding=\"async\" itemprop=\"image\"  src=\"https:\/\/www.europesays.com\/no\/wp-content\/uploads\/2025\/09\/1756856287_254_0dbde33e-6d8e-4680-8e4f-e2a64281e2b8\"  width=\"480\"\/><\/a><\/li>\n<\/ul>\n<p> Oppdatert onsdag 3. september kl. 01:00     <\/p>\n<p class=\"_paragraph_1bvmi_4 _paragraph_xtcu6_10 layout-component text-serif-m layout-normal text-serif-m layout-padded\">En republikansk-ledet komit\u00e9 i det amerikanske Representantenes hus har frigitt over 33.000 sider med dokumenter knyttet til den avd\u00f8de finansmannen og d\u00f8mte sexforbryter <a href=\"https:\/\/www.vg.no\/tag\/jeffrey-epstein?utm_source=vg-article&amp;utm_medium=auto-tagger&amp;utm_campaign=mPkqzg\" class=\"_link_1bvmi_39\" rel=\"nofollow noopener\" target=\"_blank\">Jeffrey Epstein<\/a>, melder Reuters.<\/p>\n<p class=\"_paragraph_1bvmi_4 _paragraph_xtcu6_10 layout-component text-serif-m layout-normal text-serif-m layout-padded\">Frigivelsen skjer samtidig som Det hvite hus oppfordrer republikanske lovgivere til ikke \u00e5 st\u00f8tte et forslag som vil tvinge frem en avstemning om \u00e5 frigi alle Epstein-filene.<\/p>\n<p><img alt=\"Jeffrey Epstein  Foto: HO \/ AFP \/ NTB\" class=\"_image_qp4xg_65 layout-component layout-normal\" data-fullscreen- data-track-element-type=\"Article image fullscreen\" data-track-name=\"ImageFullscreen\" decoding=\"async\" loading=\"lazy\" height=\"1243\" itemprop=\"image\"  src=\"https:\/\/www.europesays.com\/no\/wp-content\/uploads\/2025\/09\/d5a5ea42-3096-4ef2-8126-4388c01c1377\"  style=\"object-position:0% 0%\" width=\"1654\"\/>Jeffrey Epstein  Foto: HO \/ AFP \/ NTB<\/p>\n<p class=\"_paragraph_1bvmi_4 _paragraph_xtcu6_10 layout-component text-serif-m layout-normal text-serif-m layout-padded\">Forslaget kommer fra republikaneren Thomas Massie og demokraten Ro Khanna. De krever at justisministeren offentliggj\u00f8r alle ikke-klassifiserte Epstein-dokumenter som justisdepartementet, FBI og statsadvokatene har.<\/p>\n<p class=\"_paragraph_1bvmi_4 _paragraph_xtcu6_10 layout-component text-serif-m layout-normal text-serif-m layout-padded\">Talsmann Mike Johnson kalte Massies forslag \u00abd\u00e5rlig utformet\u00bb fordi det mangler spr\u00e5k som beskytter identiteten til ofrene som ble seksuelt misbrukt av Epstein.<\/p>\n<p class=\"_paragraph_1bvmi_4 _paragraph_xtcu6_10 layout-component text-serif-m layout-normal text-serif-m layout-padded\">\u2013 Det er overfl\u00f8dig p\u00e5 dette tidspunktet, og jeg tror vi oppn\u00e5r det \u00f8nskede m\u00e5let her, sa Johnson if\u00f8lge Reuters.<\/p>\n<p><img alt=\"Thomas Massie  Foto: KEVIN DIETSCH \/ AFP \/ NTB\" class=\"_image_qp4xg_65 layout-component layout-normal\" data-fullscreen- data-track-element-type=\"Article image fullscreen\" data-track-name=\"ImageFullscreen\" decoding=\"async\" loading=\"lazy\" height=\"2620\" itemprop=\"image\"  src=\"https:\/\/www.europesays.com\/no\/wp-content\/uploads\/2025\/09\/5008bf78-61d2-4305-b8bd-1a1a645209e2\"  style=\"object-position:0% 0%\" width=\"3679\"\/>Thomas Massie  Foto: KEVIN DIETSCH \/ AFP \/ NTB<\/p>\n<p class=\"_paragraph_1bvmi_4 _paragraph_xtcu6_10 layout-component text-serif-m layout-normal text-serif-m layout-padded\">Massie sa til Axios at dokumentene som ble frigitt ikke vil stoppe ham fra \u00e5 f\u00e5 flertall i Representantenes hus til \u00e5 signere forslaget sitt.<\/p>\n<p class=\"_paragraph_1bvmi_4 _paragraph_xtcu6_10 layout-component text-serif-m layout-normal text-serif-m layout-padded\">\u2013 Min stab har gjort en rask gjennomgang, og det ser ut som en haug med redigerte dokumenter og ingenting nytt, s\u00e5 det kommer ikke til \u00e5 v\u00e6re nok, sa kongressmedlemmet.<\/p>\n<p class=\"_paragraph_1bvmi_4 _paragraph_xtcu6_10 layout-component text-serif-m layout-normal text-serif-m layout-padded\">Reportere som har gjennomg\u00e5tt filene er enige i at de stort sett inneholder informasjon som allerede var offentlig kjent, skriver <a href=\"https:\/\/www.theguardian.com\/us-news\/live\/2025\/sep\/02\/congress-returns-government-shutdown-funding-trump-announcement-us-politics-live-latest-updates\" class=\"_link_1bvmi_39\" rel=\"nofollow noopener\" target=\"_blank\">The Guardian<\/a>.<\/p>\n<p class=\"_paragraph_1bvmi_4 _paragraph_xtcu6_10 layout-component text-serif-m layout-normal text-serif-m layout-padded\">Epstein d\u00f8de ved selvmord i fengsel i 2019.<\/p>\n","protected":false},"excerpt":{"rendered":"Samtidig kjemper Det hvite hus mot forslag om \u00e5 frigi alle filene. US-representant Anna Paulina Luna, republikaner fra&hellip;\n","protected":false},"author":2,"featured_media":25392,"comment_status":"","ping_status":"","sticky":false,"template":"","format":"standard","meta":{"footnotes":""},"categories":[12],"tags":[20,21,24,25,15,1649,22,23,13,30,28,29,14,16,26,27,42,46,43,44,45],"class_list":{"0":"post-25391","1":"post","2":"type-post","3":"status-publish","4":"format-standard","5":"has-post-thumbnail","7":"category-verden","8":"tag-breaking-news","9":"tag-breakingnews","10":"tag-featured-news","11":"tag-featurednews","12":"tag-headlines","13":"tag-jeffrey-epstein","14":"tag-latest-news","15":"tag-latestnews","16":"tag-news","17":"tag-no","18":"tag-norge","19":"tag-norway","20":"tag-nyheter","21":"tag-overskrifter","22":"tag-top-stories","23":"tag-topstories","24":"tag-verden","25":"tag-vgai","26":"tag-world","27":"tag-world-news","28":"tag-worldnews"},"share_on_mastodon":{"url":"","error":""},"_links":{"self":[{"href":"https:\/\/www.europesays.com\/no\/wp-json\/wp\/v2\/posts\/25391","targetHints":{"allow":["GET"]}}],"collection":[{"href":"https:\/\/www.europesays.com\/no\/wp-json\/wp\/v2\/posts"}],"about":[{"href":"https:\/\/www.europesays.com\/no\/wp-json\/wp\/v2\/types\/post"}],"author":[{"embeddable":true,"href":"https:\/\/www.europesays.com\/no\/wp-json\/wp\/v2\/users\/2"}],"replies":[{"embeddable":true,"href":"https:\/\/www.europesays.com\/no\/wp-json\/wp\/v2\/comments?post=25391"}],"version-history":[{"count":0,"href":"https:\/\/www.europesays.com\/no\/wp-json\/wp\/v2\/posts\/25391\/revisions"}],"wp:featuredmedia":[{"embeddable":true,"href":"https:\/\/www.europesays.com\/no\/wp-json\/wp\/v2\/media\/25392"}],"wp:attachment":[{"href":"https:\/\/www.europesays.com\/no\/wp-json\/wp\/v2\/media?parent=25391"}],"wp:term":[{"taxonomy":"category","embeddable":true,"href":"https:\/\/www.europesays.com\/no\/wp-json\/wp\/v2\/categories?post=25391"},{"taxonomy":"post_tag","embeddable":true,"href":"https:\/\/www.europesays.com\/no\/wp-json\/wp\/v2\/tags?post=25391"}],"curies":[{"name":"wp","href":"https:\/\/api.w.org\/{rel}","templated":true}]}}