{"id":25395,"date":"2025-09-02T23:52:08","date_gmt":"2025-09-02T23:52:08","guid":{"rendered":"https:\/\/www.europesays.com\/no\/25395\/"},"modified":"2025-09-02T23:52:08","modified_gmt":"2025-09-02T23:52:08","slug":"cardi-b-frikjent-for-24-millioner-dollar-soksmal","status":"publish","type":"post","link":"https:\/\/www.europesays.com\/no\/25395\/","title":{"rendered":"Cardi B frikjent for 24 millioner dollar s\u00f8ksm\u00e5l"},"content":{"rendered":"\n<p class=\"_lead_1bvmi_2 _lead_xtcu6_50 layout-component text-serif-m layout-normal text-serif-l layout-component layout-wide layout-padded _wide_17hqh_1 layout-padded\">Juryen frikjente rapperen for voldsp\u00e5stander i sivilt s\u00f8ksm\u00e5l.<\/p>\n<p><img alt=\" Foto: TERESA SUAREZ \/ EPA \/ NTB\" class=\"_image_qp4xg_65 layout-component layout-wide\" data-fullscreen- data-track-element-type=\"Article image fullscreen\" data-track-name=\"ImageFullscreen\" fetchpriority=\"high\" decoding=\"sync\" loading=\"eager\" height=\"4000\" itemprop=\"image\"  src=\"https:\/\/www.europesays.com\/no\/wp-content\/uploads\/2025\/09\/da467680-153b-45a3-968a-67c835e9a1d1\"  style=\"object-position:0% 0%\" width=\"6000\"\/> Foto: TERESA SUAREZ \/ EPA \/ NTB<\/p>\n<ul aria-hidden=\"true\" class=\"_images_1y6fe_106\">\n<li><a class=\"_link_1y6fe_111\" href=\"https:\/\/www.vg.no\/forfatter\/kari-aarstad-aase\" style=\"z-index:1\" title=\"Kari Aarstad Aase\" rel=\"nofollow noopener\" target=\"_blank\"><img alt=\"Bilde av Kari Aarstad Aase\" class=\"_image_1y6fe_88\" fetchpriority=\"low\" loading=\"lazy\" decoding=\"async\" itemprop=\"image\"  src=\"https:\/\/www.europesays.com\/no\/wp-content\/uploads\/2025\/09\/1756857128_741_0dbde33e-6d8e-4680-8e4f-e2a64281e2b8\"  width=\"480\"\/><\/a><\/li>\n<\/ul>\n<p> Oppdatert onsdag 3. september kl. 01:06     <\/p>\n<p class=\"_paragraph_1bvmi_4 _paragraph_xtcu6_10 layout-component text-serif-m layout-normal text-serif-m layout-padded\">En jury i California har enstemmig frikjent rapperen <a href=\"https:\/\/www.vg.no\/tag\/cardi-b?utm_source=vg-article&amp;utm_medium=auto-tagger&amp;utm_campaign=93R9rE\" class=\"_link_1bvmi_39\" rel=\"nofollow noopener\" target=\"_blank\">Cardi B<\/a> for voldstiltale i et sivilt s\u00f8ksm\u00e5l p\u00e5 24 millioner dollar, melder <a href=\"https:\/\/www.reutersconnect.com\/detail?id=tag%3Areuters.com%2C2025%3Anewsml_L1N3UP10L%3A445238082\" class=\"_link_1bvmi_39\" rel=\"nofollow noopener\" target=\"_blank\">Reuters<\/a>.<\/p>\n<p class=\"_paragraph_1bvmi_4 _paragraph_xtcu6_10 layout-component text-serif-m layout-normal text-serif-m layout-padded\">S\u00f8ksm\u00e5let ble anlagt av en sikkerhetsvakt som hevdet at han ble utsatt for vold av popstjernen utenfor en gynekologklinikk i Beverly Hills i 2018.<\/p>\n<p class=\"_paragraph_1bvmi_4 _paragraph_xtcu6_10 layout-component text-serif-m layout-normal text-serif-m layout-padded\">Juryen kom tirsdag til at Cardi B ikke var skyldig i anklagene som ble rettet mot henne i den sivile saken.<\/p>\n<p class=\"_paragraph_1bvmi_4 _paragraph_xtcu6_10 layout-component text-serif-m layout-normal text-serif-m layout-padded\">Saken har p\u00e5g\u00e5tt i flere \u00e5r og dreide seg om en hendelse som skal ha funnet sted utenfor legekontoret i den eksklusive bydelen Beverly Hills.<\/p>\n<p class=\"_paragraph_1bvmi_4 _paragraph_xtcu6_10 layout-component text-serif-m layout-normal text-serif-m layout-padded\">Sikkerhetsvakten krevde 24 millioner dollar i erstatning for det han hevdet var et voldelig angrep fra rapperens side.<\/p>\n<p class=\"_paragraph_1bvmi_4 _paragraph_xtcu6_10 layout-component text-serif-m layout-normal text-serif-m layout-padded\">Dommen falt i Alhambra i California tirsdag.<\/p>\n<p>Les ogs\u00e5<\/p>\n","protected":false},"excerpt":{"rendered":"Juryen frikjente rapperen for voldsp\u00e5stander i sivilt s\u00f8ksm\u00e5l. Foto: TERESA SUAREZ \/ EPA \/ NTB Oppdatert onsdag 3.&hellip;\n","protected":false},"author":2,"featured_media":25396,"comment_status":"","ping_status":"","sticky":false,"template":"","format":"standard","meta":{"footnotes":""},"categories":[12],"tags":[20,21,2776,4039,24,25,15,22,23,13,30,28,29,14,16,26,27,42,46,43,44,45],"class_list":{"0":"post-25395","1":"post","2":"type-post","3":"status-publish","4":"format-standard","5":"has-post-thumbnail","7":"category-verden","8":"tag-breaking-news","9":"tag-breakingnews","10":"tag-california","11":"tag-cardi-b","12":"tag-featured-news","13":"tag-featurednews","14":"tag-headlines","15":"tag-latest-news","16":"tag-latestnews","17":"tag-news","18":"tag-no","19":"tag-norge","20":"tag-norway","21":"tag-nyheter","22":"tag-overskrifter","23":"tag-top-stories","24":"tag-topstories","25":"tag-verden","26":"tag-vgai","27":"tag-world","28":"tag-world-news","29":"tag-worldnews"},"share_on_mastodon":{"url":"","error":""},"_links":{"self":[{"href":"https:\/\/www.europesays.com\/no\/wp-json\/wp\/v2\/posts\/25395","targetHints":{"allow":["GET"]}}],"collection":[{"href":"https:\/\/www.europesays.com\/no\/wp-json\/wp\/v2\/posts"}],"about":[{"href":"https:\/\/www.europesays.com\/no\/wp-json\/wp\/v2\/types\/post"}],"author":[{"embeddable":true,"href":"https:\/\/www.europesays.com\/no\/wp-json\/wp\/v2\/users\/2"}],"replies":[{"embeddable":true,"href":"https:\/\/www.europesays.com\/no\/wp-json\/wp\/v2\/comments?post=25395"}],"version-history":[{"count":0,"href":"https:\/\/www.europesays.com\/no\/wp-json\/wp\/v2\/posts\/25395\/revisions"}],"wp:featuredmedia":[{"embeddable":true,"href":"https:\/\/www.europesays.com\/no\/wp-json\/wp\/v2\/media\/25396"}],"wp:attachment":[{"href":"https:\/\/www.europesays.com\/no\/wp-json\/wp\/v2\/media?parent=25395"}],"wp:term":[{"taxonomy":"category","embeddable":true,"href":"https:\/\/www.europesays.com\/no\/wp-json\/wp\/v2\/categories?post=25395"},{"taxonomy":"post_tag","embeddable":true,"href":"https:\/\/www.europesays.com\/no\/wp-json\/wp\/v2\/tags?post=25395"}],"curies":[{"name":"wp","href":"https:\/\/api.w.org\/{rel}","templated":true}]}}