{"id":253965,"date":"2026-06-01T20:54:15","date_gmt":"2026-06-01T20:54:15","guid":{"rendered":"https:\/\/www.europesays.com\/no\/253965\/"},"modified":"2026-06-01T20:54:15","modified_gmt":"2026-06-01T20:54:15","slug":"kultur-solor-arets-helt-ville-dager-pa-skansen-i-asnes-i-innlandet-trakk-faerre","status":"publish","type":"post","link":"https:\/\/www.europesays.com\/no\/253965\/","title":{"rendered":"Kultur, Sol\u00f8r | \u00c5rets Helt ville dager p\u00e5 Skansen i \u00c5snes i Innlandet trakk f\u00e6rre"},"content":{"rendered":"\n<p>Thor Arnstein Berg forteller at det etter to \u00e5rs eventyrlig publikumsoppslutning ble et lite skritt tilbake n\u00e5.<\/p>\n<p>Han ansl\u00e5r at det var litt over 2.000 innom Helt ville dager p\u00e5 Skansen i l\u00f8pet av de to dagene.<\/p>\n<p>\u2013 N\u00e5 har det v\u00e6rt strie og arbeidsomme dager med forberedelser og gjennomf\u00f8ring. Vi m\u00e5 komme oss litt etter det f\u00f8r vi setter oss ned og g\u00e5r gjennom det hele. Jeg h\u00e5per og tror at konklusjonen blir at vi g\u00e5r p\u00e5 igjen ogs\u00e5 neste sommer, sier Berg til \u00d8stlendingen.<\/p>\n<p>  <a href=\"https:\/\/www.ostlendingen.no\/80-69-267095\" class=\"related-teaser has-image article--c-MkAkR\" rel=\"nofollow noopener\" target=\"_blank\"><\/p>\n<p>    <img decoding=\"async\" width=\"155\"  loading=\"lazy\"  src=\"https:\/\/www.europesays.com\/no\/wp-content\/uploads\/2026\/06\/DSC05458.JPG\" alt=\"\" class=\"brick-c-cFOWSL\" style=\"\"\/><\/p>\n<p>\n            Les ogs\u00e5<\/p>\n<p>            Linnea (16) best i folkeparken: N\u00e5 venter den store scenen p\u00e5 mart&#8217;n\n        <\/p>\n<p>  <\/a><br \/>\n  \u2013 Lander p\u00e5 beina<\/p>\n<p>Tallene er ikke klare enn\u00e5.<\/p>\n<p>Men Berg sier at omsetningen var bra inne p\u00e5 festivalomr\u00e5det.\u00a0<\/p>\n<p>I tillegg kommer billettinntektene fra noe over 2.000 personer som var innom \u00e9n \u2013 eller flere kvelder.<\/p>\n<p>   <img decoding=\"async\" width=\"3015\" height=\"2252\" fetchpriority=\"low\"  loading=\"lazy\"  src=\"https:\/\/www.europesays.com\/no\/wp-content\/uploads\/2026\/06\/DSC05340.JPG\" alt=\"\" class=\"brick-c-cFOWSL\" style=\"--brick-image-ratio: 3015 \/ 2252;\"\/><\/p>\n<p>      SKAL EVALUERE: \u2013 Vi vet mer om et par uker. Men jeg h\u00e5per og tror p\u00e5 en fortsettelse, sier Thor Arnstein Berg i Helt ville dager.<br \/>\n      Foto: Sverre Viggen\n    <\/p>\n<p>\u2013 Det er for tidlig \u00e5 konkludere med hvordan det gikk \u00f8konomisk. Det tar ogs\u00e5 en ukes tid f\u00f8r vi har full oversikt over inntekter og kostnader. Men jeg er ganske sikker p\u00e5 at vi lander p\u00e5 beina ogs\u00e5 i \u00e5r, selv om det alts\u00e5 var f\u00e6rre innom n\u00e5 enn i fjor og \u00e5ret f\u00f8r, sier Thor Arnstein Berg.<\/p>\n<p>Det var ti\u00e5rsjubileum for arrangementet i \u00e5r. Man h\u00e5pet selvsagt at det skulle blitt nye rekorder. Det ble det ikke.<\/p>\n<p>   <img decoding=\"async\" width=\"4000\" height=\"3000\" fetchpriority=\"low\"  loading=\"lazy\"  src=\"https:\/\/www.europesays.com\/no\/wp-content\/uploads\/2026\/06\/20260530_232444.jpg\" alt=\"\" class=\"brick-c-cFOWSL\" style=\"--brick-image-ratio: 4000 \/ 3000;\"\/><\/p>\n<p>      TETTPAKKET: Det var tettpakket foran den store scenen da Plumbo spilte.<br \/>\n      Foto: Sverre Viggen\n    <\/p>\n<p>\u2013 Men det var bra trykk da Plumbo og Vassendgutane var p\u00e5 utescenen, og mange ble positivt overrasket og forn\u00f8yd med tr\u00f8nderbandet Melody Maker fra Namsos. De spilte tr\u00f8nderrock, DDE og moderne pop. Omsetningen inne p\u00e5 omr\u00e5det var bra. S\u00e5 jeg tror ikke det skal bli s\u00e5 galt n\u00e5r vi konkluderer, sier Berg.<\/p>\n<p><b>\u2013 Hva mener du er \u00e5rsaken til at det ble rundt 1.000 f\u00e6rre innom i helga sammenlignet med de to foreg\u00e5ende \u00e5rene?<\/b><\/p>\n<p>\u2013 Det var flere arrangement denne helga, blant annet Gatebil p\u00e5 V\u00e5lerbanen. I tillegg var det konfirmasjoner. Det gjorde nok sitt til at det ble f\u00e6rre som kom p\u00e5 Skansen.<\/p>\n<p>  <a href=\"https:\/\/www.ostlendingen.no\/80-69-267233\" class=\"related-teaser has-image article--c-MkAkR\" rel=\"nofollow noopener\" target=\"_blank\"><\/p>\n<p>    <img decoding=\"async\" width=\"155\"  loading=\"lazy\"  src=\"https:\/\/www.europesays.com\/no\/wp-content\/uploads\/2026\/06\/DSC05471.JPG\" alt=\"\" class=\"brick-c-cFOWSL\" style=\"\"\/><\/p>\n<p>\n            Les ogs\u00e5<\/p>\n<p>            Det gikk vilt for seg i helga\n        <\/p>\n<p>  <\/a><br \/>\n  Kvalifisering til mart`n<\/p>\n<p>Ville dager-sjefen, Berg, er ikke fremmed for at talentkonkurransen kan bli en \u00e5rlig kvalifisering til \u00e5 f\u00e5 opptre p\u00e5 Sol\u00f8rmart`n.<\/p>\n<p>L\u00f8rdag vant Linnea Gunnarsrud Lauten konkurransen, og en del av f\u00f8rstepremien er \u00e5 f\u00e5 varme opp til \u00e5pningskonserten p\u00e5 mart`n.<\/p>\n<p>   <img decoding=\"async\" width=\"3446\" height=\"1609\" fetchpriority=\"low\"  loading=\"lazy\"  src=\"https:\/\/www.europesays.com\/no\/wp-content\/uploads\/2026\/06\/19cd16ef-262a-4631-8042-66a1b97903b2.jpg\" alt=\"\" class=\"brick-c-cFOWSL\" style=\"--brick-image-ratio: 3446 \/ 1609;\"\/><\/p>\n<p>Linnea skal alts\u00e5 gj\u00f8re det om en snau m\u00e5ned. Da skal hun trekke folk og varme dem opp til Espen Lind g\u00e5r p\u00e5 scenen.<\/p>\n<p>\u2013 Det kan v\u00e6re noe \u00e5 pr\u00f8ve \u00e5 f\u00e5 til i samarbeid med Sol\u00f8rmart`n, sier Thor Arnstein Berg.<\/p>\n<p>R\u00e6vkrokshowet er ogs\u00e5 noe som trekker folk. Ogs\u00e5 det vil v\u00e6re aktuelt p\u00e5 Ville dager i framtida.<\/p>\n<p>Ellers vil Berg gi enda mer ros til mannskapet som stiller til dugnad \u00e5r etter \u00e5r for dette arrangementet.<\/p>\n<p>\u2013 Dugnad er sosialt. Og det er noe spesielt n\u00e5r folk mellom 17 \u2013 og 87 \u00e5r stiller opp for \u00e5 ta et tak. Det er ogs\u00e5 en viktig brikke vi m\u00e5 huske og rose n\u00e5r det skal tas en avgj\u00f8relse om Helt ville dagers framtid, sier Thor Arnstein Berg.<\/p>\n<p><a class=\"brick-c-hOTghF\" href=\"#skip-\">Hopp over karusellen.<\/a><\/p>\n<p data-static=\"\" class=\"brick-c-fgNmNC\" id=\"carousel-title-\">Innholdskarusell med 20 artikler.<\/p>\n<ul data-static=\"\" aria-label=\"Navigasjon for innholdskarusell\" class=\"carousel-nav\">\n<li>\n<\/li>\n<li>\n<\/li>\n<\/ul>\n","protected":false},"excerpt":{"rendered":"Thor Arnstein Berg forteller at det etter to \u00e5rs eventyrlig publikumsoppslutning ble et lite skritt tilbake n\u00e5. Han&hellip;\n","protected":false},"author":2,"featured_media":253966,"comment_status":"","ping_status":"","sticky":false,"template":"","format":"standard","meta":{"footnotes":"","_share_on_mastodon":"0"},"categories":[58],"tags":[36,575,71,410,30,28,29,14,478,1510,72],"class_list":["post-253965","post","type-post","status-publish","format-standard","has-post-thumbnail","category-underholdning","tag-art","tag-asnes","tag-entertainment","tag-kultur","tag-no","tag-norge","tag-norway","tag-nyheter","tag-solor","tag-story","tag-underholdning"],"share_on_mastodon":{"url":"https:\/\/pubeurope.com\/@no\/116676845395499470","error":""},"_links":{"self":[{"href":"https:\/\/www.europesays.com\/no\/wp-json\/wp\/v2\/posts\/253965","targetHints":{"allow":["GET"]}}],"collection":[{"href":"https:\/\/www.europesays.com\/no\/wp-json\/wp\/v2\/posts"}],"about":[{"href":"https:\/\/www.europesays.com\/no\/wp-json\/wp\/v2\/types\/post"}],"author":[{"embeddable":true,"href":"https:\/\/www.europesays.com\/no\/wp-json\/wp\/v2\/users\/2"}],"replies":[{"embeddable":true,"href":"https:\/\/www.europesays.com\/no\/wp-json\/wp\/v2\/comments?post=253965"}],"version-history":[{"count":0,"href":"https:\/\/www.europesays.com\/no\/wp-json\/wp\/v2\/posts\/253965\/revisions"}],"wp:featuredmedia":[{"embeddable":true,"href":"https:\/\/www.europesays.com\/no\/wp-json\/wp\/v2\/media\/253966"}],"wp:attachment":[{"href":"https:\/\/www.europesays.com\/no\/wp-json\/wp\/v2\/media?parent=253965"}],"wp:term":[{"taxonomy":"category","embeddable":true,"href":"https:\/\/www.europesays.com\/no\/wp-json\/wp\/v2\/categories?post=253965"},{"taxonomy":"post_tag","embeddable":true,"href":"https:\/\/www.europesays.com\/no\/wp-json\/wp\/v2\/tags?post=253965"}],"curies":[{"name":"wp","href":"https:\/\/api.w.org\/{rel}","templated":true}]}}