{"id":25444,"date":"2025-09-03T04:41:45","date_gmt":"2025-09-03T04:41:45","guid":{"rendered":"https:\/\/www.europesays.com\/no\/25444\/"},"modified":"2025-09-03T04:41:45","modified_gmt":"2025-09-03T04:41:45","slug":"trumps-store-lofter-moter-veggen","status":"publish","type":"post","link":"https:\/\/www.europesays.com\/no\/25444\/","title":{"rendered":"Trumps store l\u00f8fter m\u00f8ter veggen"},"content":{"rendered":"<p>Donald Trump g\u00e5r inn i h\u00f8sten med flere av sine mest profilerte valgkampl\u00f8fter i krise. B\u00e5de tollpolitikken og l\u00f8ftet om \u00e5 avslutte krigen i Ukraina har m\u00f8tt virkeligheten, skriver <a href=\"https:\/\/www.bloomberg.com\/news\/articles\/2025-09-01\/trump-campaign-pledges-stall-ahead-of-midterm-campaign-season\" rel=\"nofollow noopener\" target=\"_blank\">Bloomberg<\/a>.<\/p>\n<p>En amerikansk ankedomstol har erkl\u00e6rt store deler av Trumps globale tollregime ulovlig. Presidenten baserte det p\u00e5 en lite brukt n\u00f8drettslov. Selv om satsene forel\u00f8pig blir st\u00e5ende, har dommen kastet internasjonal handel med USA ut i ny usikkerhet.<\/p>\n<p><b>Dersom kjennelsen blir st\u00e5ende, ryker ikke bare Trumps visjon om en ny amerikansk \u00f8konomi, men ogs\u00e5 finansieringsgrunnlaget for \u00abOne Big Beautiful Bill Act\u00bb \u2013 hans lovpakke p\u00e5 3,4 billioner dollar som kutter skatter og f\u00f8derale utgifter.<\/b><\/p>\n<p class=\"subhead\" data-element-type=\"subhead\" data-element-label=\"Mellomtittel\">Krigen i Ukraina<\/p>\n<p>Trump lovet \u00e5 f\u00e5 slutt p\u00e5 Ukraina-krigen \u00abp\u00e5 dag 1\u00bb. Han har gitt Putin r\u00f8d l\u00f8per og toppm\u00f8te i Alaska, men Zelenskyj nekter \u00e5 gi fra seg mer territorium. Den to ukers fristen Trump satte for nye forhandlinger utl\u00f8per mandag \u2013 samtidig som Russland har gjennomf\u00f8rt noen av \u00e5rets kraftigste angrep, if\u00f8lge Bloomberg.<\/p>\n<p><b>\u2013 Nok en gang betyr dette at president Putin har spilt president Trump, sa Frankrikes president Emmanuel Macron fredag.<\/b><\/p>\n<p class=\"subhead\" data-element-type=\"subhead\" data-element-label=\"Mellomtittel\">Rettslige tilbakeslag<\/p>\n<p>Ogs\u00e5 p\u00e5 andre fronter m\u00f8ter Trump motstand. Domstoler har blokkert fors\u00f8k p\u00e5 \u00e5 utvise papirl\u00f8se innvandrere og deportere guatemalanske barn uten rettssak. Bruken av nasjonalgarden i Washington D.C. har utl\u00f8st motstand fra demokratiske guvern\u00f8rer, som truer med \u00e5 g\u00e5 til sak, if\u00f8lge Bloomberg.<\/p>\n<p><b>I tillegg rammer tiltakene\u00a0storbyomr\u00e5der med store minoritetsbefolkninger, grupper han mente ville f\u00e5 det bedre i hans andre periode.\u00a0Arbeidsledigheten blant afroamerikanere steg i juli til over 7 prosent \u2013 h\u00f8yeste niv\u00e5 siden pandemien.<\/b><\/p>\n<p>Samtidig risikerer han et nytt nederlag i fors\u00f8ket p\u00e5 \u00e5 sparke Fed-guvern\u00f8r Lisa Cook, anklaget for boligl\u00e5nsjuks. Hun har g\u00e5tt til sak, og H\u00f8yesterett har antydet at det er langt vanskeligere \u00e5 fjerne Fed-ledere enn andre byr\u00e5sjefer.<\/p>\n","protected":false},"excerpt":{"rendered":"Donald Trump g\u00e5r inn i h\u00f8sten med flere av sine mest profilerte valgkampl\u00f8fter i krise. B\u00e5de tollpolitikken og&hellip;\n","protected":false},"author":2,"featured_media":25445,"comment_status":"","ping_status":"","sticky":false,"template":"","format":"standard","meta":{"footnotes":""},"categories":[12],"tags":[20,21,55,24,25,15,22,23,13,30,28,29,14,16,26,27,50,42,43,44,45],"class_list":{"0":"post-25444","1":"post","2":"type-post","3":"status-publish","4":"format-standard","5":"has-post-thumbnail","7":"category-verden","8":"tag-breaking-news","9":"tag-breakingnews","10":"tag-donald-trump","11":"tag-featured-news","12":"tag-featurednews","13":"tag-headlines","14":"tag-latest-news","15":"tag-latestnews","16":"tag-news","17":"tag-no","18":"tag-norge","19":"tag-norway","20":"tag-nyheter","21":"tag-overskrifter","22":"tag-top-stories","23":"tag-topstories","24":"tag-usa","25":"tag-verden","26":"tag-world","27":"tag-world-news","28":"tag-worldnews"},"share_on_mastodon":{"url":"","error":""},"_links":{"self":[{"href":"https:\/\/www.europesays.com\/no\/wp-json\/wp\/v2\/posts\/25444","targetHints":{"allow":["GET"]}}],"collection":[{"href":"https:\/\/www.europesays.com\/no\/wp-json\/wp\/v2\/posts"}],"about":[{"href":"https:\/\/www.europesays.com\/no\/wp-json\/wp\/v2\/types\/post"}],"author":[{"embeddable":true,"href":"https:\/\/www.europesays.com\/no\/wp-json\/wp\/v2\/users\/2"}],"replies":[{"embeddable":true,"href":"https:\/\/www.europesays.com\/no\/wp-json\/wp\/v2\/comments?post=25444"}],"version-history":[{"count":0,"href":"https:\/\/www.europesays.com\/no\/wp-json\/wp\/v2\/posts\/25444\/revisions"}],"wp:featuredmedia":[{"embeddable":true,"href":"https:\/\/www.europesays.com\/no\/wp-json\/wp\/v2\/media\/25445"}],"wp:attachment":[{"href":"https:\/\/www.europesays.com\/no\/wp-json\/wp\/v2\/media?parent=25444"}],"wp:term":[{"taxonomy":"category","embeddable":true,"href":"https:\/\/www.europesays.com\/no\/wp-json\/wp\/v2\/categories?post=25444"},{"taxonomy":"post_tag","embeddable":true,"href":"https:\/\/www.europesays.com\/no\/wp-json\/wp\/v2\/tags?post=25444"}],"curies":[{"name":"wp","href":"https:\/\/api.w.org\/{rel}","templated":true}]}}