{"id":25509,"date":"2025-09-03T06:20:13","date_gmt":"2025-09-03T06:20:13","guid":{"rendered":"https:\/\/www.europesays.com\/no\/25509\/"},"modified":"2025-09-03T06:20:13","modified_gmt":"2025-09-03T06:20:13","slug":"hostferie-2025-nordmenns-favorittreisemal","status":"publish","type":"post","link":"https:\/\/www.europesays.com\/no\/25509\/","title":{"rendered":"H\u00f8stferie 2025: Nordmenns favorittreisem\u00e5l"},"content":{"rendered":"<p class=\"kicker bg-cyan color_mobile_bg-cyan hasTextPadding mobile-hasTextPadding\" style=\"\">H\u00f8stferie<\/p>\n<p>  Nordmenn er klare for h\u00f8stferien. To store reisem\u00e5l er favoritten, mens fjor\u00e5rsvinneren taper terreng.<\/p>\n<p>\n    VARME \u00d8NSKER: Mange nordmenn h\u00e5per p\u00e5 et gjensyn med sol og sommer i ukene 40 og 41. N\u00e5 begynner det \u00e5 t\u00f8mmes for ledige flyseter. Foto: Odd Roar Lange\n  <\/p>\n<p>    Kort fortalt<\/p>\n<p lang=\"nb-NO\">Nordmenn s\u00f8ker sol og varme i h\u00f8stferien, med Hellas og Spania som toppdestinasjoner.<\/p>\n<p lang=\"nb-NO\">Kreta, Rhodos og Mallorca er mer popul\u00e6re enn Gran Canaria i \u00e5r, if\u00f8lge TUI Norge.<\/p>\n<p lang=\"nb-NO\">Pakkereiser med rutefly gir st\u00f8rre frihet og har \u00f8kt med 46 prosent fra i fjor.<\/p>\n<p lang=\"nb-NO\">Tirana i Albania er en ny favoritt for storbyferie for de reisevante, med god valuta for pengene.<\/p>\n<p lang=\"nb-NO\"> Sammendraget er laget av ChatGPT og godkjent av DinSide. <\/p>\n<p>      Vis mer<br \/>\n      Vis mindre<\/p>\n<p>Det n\u00e6rmer seg h\u00f8stferie, og nordmenn jakter mer sol og varme etter sommeren. Men hvor er favorittene &#8211; og finnes det steder vi er lei av?<\/p>\n<p>Det er nok en gang Hellas og Spania som topper listene hos de store reisearrang\u00f8rene.<\/p>\n<p>&#8211; I \u00e5r ser vi at flere enn i fjor velger Kreta, Rhodos og Mallorca &#8211; i den rekkef\u00f8lgen &#8211; i h\u00f8stferien. Gran Canaria har dermed falt fra f\u00f8rsteplass i fjor til fjerdeplass i \u00e5r.<\/p>\n<p>Det forteller Anne M\u00f8rk-L\u00f8wengreen, som er kommunikasjonssjef i TUI Norge, til DinSide.<\/p>\n<p>        Solseng-krig er et stort problem blant popul\u00e6re reisem\u00e5l. Noen som ble spesielt rammet var et tysk par, n\u00e5 kommer ekspert med tips til hvordan man kan unng\u00e5 verstingene. Video: Tiktok<\/p>\n<p>Er vi lei?\t<\/p>\n<p>Sp\u00f8rsm\u00e5let er om mange begynner \u00e5 bli lei av Kanari\u00f8yene. De fleste som drar i den retningen velger \u00e5 reise til Gran Canaria.\u00a0<\/p>\n<p>I l\u00f8pet av \u00e5rets sju f\u00f8rste m\u00e5neder reiste 166 000 nordmenn til dette reisem\u00e5let. Det er tre prosent mer enn p\u00e5 samme tid i fjor, viser ferske tall fra Avinor som DinSide har innhentet.\u00a0<\/p>\n<p>Tar en med totaltallene for alle Kanari\u00f8yene havner det p\u00e5 216 000, en \u00f8kning p\u00e5 to prosent.<\/p>\n<p>Svenskene kom i et antall p\u00e5 195 227, hvilket er en nedgang p\u00e5 ti prosent fra i fjor.<\/p>\n<p>    <a itemprop=\"url\" href=\"https:\/\/dinside.dagbladet.no\/reise\/advarer-vi-vil-ta-dem\/83514674\" rel=\"nofollow noopener\" target=\"_blank\"><\/p>\n<p>      <img loading=\"lazy\" decoding=\"async\" src=\"https:\/\/www.europesays.com\/no\/wp-content\/uploads\/2025\/09\/83514731.webp\" width=\"980\" height=\"441\" title=\"Advarer: - Vi vil ta dem\" alt=\"\" class=\"lazyload\" style=\"--aspect-ratio-image: 2.22; \"\/><\/p>\n<p>        Advarer: &#8211; Vi vil ta dem<\/p>\n<p>    <\/a><\/p>\n<p>Kort flytid avgj\u00f8r\t<\/p>\n<p>Mange nordmenn vil ha minst mulig reisetid til sola. Da peker destinasjoner i Middelhavet seg raskt ut.\u00a0<\/p>\n<p>&#8211; Det har mye \u00e5 si at man kommer raskt fram, sier M\u00f8rk-L\u00f8wengreen.<\/p>\n<p>Og h\u00f8stferiecharterfeberen st\u00e5r like sterkt som f\u00f8r.<\/p>\n<p>Sju av ti seter i\u00a0h\u00f8stferien er allerede solgt, og alt tyder p\u00e5 at flyene i uke 40 og 41 blir helt fulle, tror M\u00f8rk-L\u00f8wengreen.<\/p>\n<p>        SKJULT FARE: P\u00e5 Gardermoen har Storebrand satt opp en stand for \u00e5 sjekke bagasje for veggedyr, flere har f\u00e5tt seg en litt uhyggelig overraskelse her. Video: Mikkel Aamodt Olsen. <\/p>\n<p>St\u00f8rre frihet\t<\/p>\n<p class=\"font-weight-bold m-font-weight-bold\" data-lab-font_weight=\"font-weight-bold\">Spesielt gjelder det reiser fra de norske byene med f\u00e5 avganger. Samtidig \u00f8ker salget av pakkereiser med rutefly kraftig \u2013 hele 46 prosent flere enn i fjor.\u00a0<\/p>\n<p>&#8211; Pakkereiser med rutefly gir st\u00f8rre frihet til \u00e5 velge b\u00e5de avreisedag og flyselskap, samtidig som tryggheten i pakkereiseloven gjelder, sier M\u00f8rk-L\u00f8wengreen.<\/p>\n<p>          <img loading=\"lazy\" decoding=\"async\" src=\"https:\/\/www.europesays.com\/no\/wp-content\/uploads\/2025\/09\/83523607.webp\" width=\"980\" height=\"559\" title=\"STIGENDE: Albania er et av reisem\u00e5lene som blir stadig mer popul\u00e6rt. Men det er fortsatt et beskjedent antall nordmenn som benytter sjansen. Foto: Odd Roar Lange\" alt=\"\" class=\"\" style=\"--aspect-ratio-image: 1.75; \"\/><\/p>\n<p>\n          STIGENDE: Albania er et av reisem\u00e5lene som blir stadig mer popul\u00e6rt. Men det er fortsatt et beskjedent antall nordmenn som benytter sjansen. Foto: Odd Roar Lange\n      <\/p>\n<p>Flere vil reise\t<\/p>\n<p>If\u00f8lge norgessjef for Ving, Marie-Anne Zachrisson, er h\u00f8stferien\u00a0en av de ukene i \u00e5ret som selges meget tidlig. <\/p>\n<p>&#8211; Allerede i juni i fjor var det mulig \u00e5 bestille \u00e5rets h\u00f8stferieuke. Vi har noen hundre flere reiser \u00e5 tilby i \u00e5r enn i fjor, forteller Zachrisson til DinSide.<\/p>\n<p>I \u00e5r kommer Ving til \u00e5 ha totalt\u00a013 450 gjester ute p\u00e5 deres reisem\u00e5l i skolens h\u00f8stferie.<\/p>\n<p>&#8211; De aller fleste vil reise til Mallorca, sier Zachrisson, som bekrefter at\u00a0 sommersesongen p\u00e5 noen av reisem\u00e5lene rundt Middelhavet er over.<\/p>\n<p>Hos Ving er det Gran Canaria som kommer p\u00e5 andreplass med de greske \u00f8yene Rhodos, Kypros og Kreta hakk i h\u00e6l.<\/p>\n<p>    <a itemprop=\"url\" href=\"https:\/\/dinside.dagbladet.no\/reise\/prissjokk-i-ferieparadis\/83511195\" rel=\"nofollow noopener\" target=\"_blank\"><\/p>\n<p>      <img loading=\"lazy\" decoding=\"async\" src=\"https:\/\/www.europesays.com\/no\/wp-content\/uploads\/2025\/09\/83511392.webp\" width=\"980\" height=\"441\" title=\"Prissjokk i ferieparadis\" alt=\"\" class=\"lazyload\" style=\"--aspect-ratio-image: 2.22; \"\/><\/p>\n<p>        Prissjokk i ferieparadis<\/p>\n<p>    <\/a><\/p>\n<p>Storby p\u00e5 budsjett\t<\/p>\n<p>For dem som heller vil p\u00e5 storbyferie er Tirana, hovedstaden i Albania, en klar vinner hos TUI i h\u00f8stferien.\u00a0<\/p>\n<p>&#8211; I Albania f\u00e5r du mye mer for den norske krona, og det lokker mange, p\u00e5peker M\u00f8rk-L\u00f8wengreen.<\/p>\n<p class=\"font-weight-bold m-font-weight-bold\" data-lab-font_weight=\"font-weight-bold\">Ogs\u00e5 Norwegian peker p\u00e5 dette \u00abnye\u00bb reiselandet som hittil i \u00e5r har hatt rundt 5000 nordmenn p\u00e5 bes\u00f8k.<\/p>\n<p>&#8211;\u00a0Tirana har fortsatt \u00e5 v\u00e6re et popul\u00e6rt reisem\u00e5l i sommer. Det er ogs\u00e5 mange som vil ta turen dit i h\u00f8stferien.\u00a0Denne ruten flyr vi ut sommerprogrammet, som er til slutten av oktober, sier Eline Hyggen Skari, pressesjef i Norwegian, til DinSide.<\/p>\n<p>        IKKE S\u00c5 LURT: Dagbladets reiselivsekspert har et klart r\u00e5d n\u00e5r det kommer til pakking f\u00f8r reisen. Video: Anabelle Bruun\/Dagbladet TV<\/p>\n<p>Storbyer venter\t<\/p>\n<p>&#8211; Ogs\u00e5 Dubrovnik i Kroatia er blant h\u00f8stens mest popul\u00e6re storbyvalg, forteller M\u00f8rk-L\u00f8wengreen.<\/p>\n<p>Andre storbyer som trender er Nice, Roma, Praha og Barcelona.<\/p>\n<p class=\"font-weight-bold m-font-weight-bold\" data-lab-font_weight=\"font-weight-bold\">Norwegian er ogs\u00e5 klare for h\u00f8stferien, som starter om bare noen uker.<\/p>\n<p>&#8211; I h\u00f8stferien er det spesielt stor p\u00e5gang til Malaga, Alicante, Barcelona, Berlin, Paris, Roma, Krakow, London, Nice og Palma, sier Eline Hyggen Skari og utdyper:<\/p>\n<p>&#8211; For de som \u00f8nsker sol og bad f\u00f8r vinteren setter inn, har vi fortsatt god kapasitet til Antalya. Der f\u00e5r du b\u00e5de strender, gode temperaturer og mye for pengene.<\/p>\n<p>            <img loading=\"lazy\" decoding=\"async\" src=\"https:\/\/www.europesays.com\/no\/wp-content\/uploads\/2025\/09\/83523505.webp\" width=\"980\" height=\"441\" title=\"Hvor b\u00f8r vi dra i h\u00f8stferien? Ditt tips \u00f8nskes\" alt=\"\" class=\"\" style=\"--aspect-ratio-image: 2.22; \"\/><\/p>\n<p>        Hvor b\u00f8r vi dra i h\u00f8stferien? Ditt tips \u00f8nskes<\/p>\n<p class=\"subtitle\">Hei, jeg heter Odd Roar Lange og er reiseekspert og -journalist for DinSide og Dagbladet. Har du et tips om h\u00f8stferiereisem\u00e5l, eller har du en historie du \u00f8nsker \u00e5 fortelle p\u00e5 Norges st\u00f8rste forbrukernettsted DinSide.no?<\/p>\n","protected":false},"excerpt":{"rendered":"H\u00f8stferie Nordmenn er klare for h\u00f8stferien. To store reisem\u00e5l er favoritten, mens fjor\u00e5rsvinneren taper terreng. VARME \u00d8NSKER: Mange&hellip;\n","protected":false},"author":2,"featured_media":25510,"comment_status":"","ping_status":"","sticky":false,"template":"","format":"standard","meta":{"footnotes":""},"categories":[12],"tags":[3154,20,21,24,25,1991,15,4061,4060,22,23,3998,13,30,28,29,2379,14,16,1992,1515,4062,26,27,4058,42,4059,43,44,45],"class_list":{"0":"post-25509","1":"post","2":"type-post","3":"status-publish","4":"format-standard","5":"has-post-thumbnail","7":"category-verden","8":"tag-albania","9":"tag-breaking-news","10":"tag-breakingnews","11":"tag-featured-news","12":"tag-featurednews","13":"tag-ferie","14":"tag-headlines","15":"tag-hellas","16":"tag-hostferie","17":"tag-latest-news","18":"tag-latestnews","19":"tag-metadz","20":"tag-news","21":"tag-no","22":"tag-norge","23":"tag-norway","24":"tag-norwegian","25":"tag-nyheter","26":"tag-overskrifter","27":"tag-reise","28":"tag-spania","29":"tag-syden","30":"tag-top-stories","31":"tag-topstories","32":"tag-tui","33":"tag-verden","34":"tag-ving","35":"tag-world","36":"tag-world-news","37":"tag-worldnews"},"share_on_mastodon":{"url":"","error":""},"_links":{"self":[{"href":"https:\/\/www.europesays.com\/no\/wp-json\/wp\/v2\/posts\/25509","targetHints":{"allow":["GET"]}}],"collection":[{"href":"https:\/\/www.europesays.com\/no\/wp-json\/wp\/v2\/posts"}],"about":[{"href":"https:\/\/www.europesays.com\/no\/wp-json\/wp\/v2\/types\/post"}],"author":[{"embeddable":true,"href":"https:\/\/www.europesays.com\/no\/wp-json\/wp\/v2\/users\/2"}],"replies":[{"embeddable":true,"href":"https:\/\/www.europesays.com\/no\/wp-json\/wp\/v2\/comments?post=25509"}],"version-history":[{"count":0,"href":"https:\/\/www.europesays.com\/no\/wp-json\/wp\/v2\/posts\/25509\/revisions"}],"wp:featuredmedia":[{"embeddable":true,"href":"https:\/\/www.europesays.com\/no\/wp-json\/wp\/v2\/media\/25510"}],"wp:attachment":[{"href":"https:\/\/www.europesays.com\/no\/wp-json\/wp\/v2\/media?parent=25509"}],"wp:term":[{"taxonomy":"category","embeddable":true,"href":"https:\/\/www.europesays.com\/no\/wp-json\/wp\/v2\/categories?post=25509"},{"taxonomy":"post_tag","embeddable":true,"href":"https:\/\/www.europesays.com\/no\/wp-json\/wp\/v2\/tags?post=25509"}],"curies":[{"name":"wp","href":"https:\/\/api.w.org\/{rel}","templated":true}]}}