{"id":255335,"date":"2026-06-03T08:05:18","date_gmt":"2026-06-03T08:05:18","guid":{"rendered":"https:\/\/www.europesays.com\/no\/255335\/"},"modified":"2026-06-03T08:05:18","modified_gmt":"2026-06-03T08:05:18","slug":"stian-rustad-gir-250-000-kroner-til-bellona-naeringslivet-ma-vakne","status":"publish","type":"post","link":"https:\/\/www.europesays.com\/no\/255335\/","title":{"rendered":"Stian Rustad gir 250.000 kroner til Bellona: \u2013 N\u00e6ringslivet m\u00e5 v\u00e5kne"},"content":{"rendered":"\n<ul class=\"_list_145nj_3 _list_64s2r_85 _unordered_145nj_106 text-sans-m\">\n<li class=\"_item_145nj_30\">Bellona risikerer konkurs uten \u00e5tte millioner kroner innen mandag.<\/li>\n<li class=\"_item_145nj_30\">N\u00e6ringslivsledere er delt i om de vil st\u00f8tte organisasjonen fra konkurs.<\/li>\n<\/ul>\n<p>Vis mer <\/p>\n<p class=\"_paragraph_145nj_4 _paragraph_6fko5_10 layout-component text-serif-m layout-normal text-serif-m layout-padded\">\u2013 Vi g\u00e5r konkurs hvis vi ikke greier \u00e5 reise \u00e5tte millioner kroner innen neste mandag, sa Bellona-sjef <a href=\"https:\/\/www.vg.no\/tag\/frederic-hauge?utm_source=vg-article&amp;utm_medium=auto-tagger&amp;utm_campaign=QJPV3x\" class=\"_link_145nj_39\" rel=\"nofollow noopener\" target=\"_blank\">Frederic Hauge<\/a> til <a href=\"https:\/\/www.vg.no\/nyheter\/i\/vr3Jpj\/bellona-gaar-konkurs-hvis-de-ikke-faar-aatte-millioner-kroner-paa-en-uke\" data-track-element-type=\"Link\" data-track-id=\"link:vr3Jpj\" class=\"_link_145nj_39\" rel=\"nofollow noopener\" target=\"_blank\">VG mandag<\/a>.<\/p>\n<p class=\"_paragraph_145nj_4 _paragraph_6fko5_10 layout-component text-serif-m layout-normal text-serif-m layout-padded\">Milj\u00f8stiftelsen Bellona har n\u00e5 fem dager p\u00e5 \u00e5 overleve. Forel\u00f8pig har det kommet inn godt over en million kroner. De trenger syv til. <\/p>\n<p class=\"_paragraph_145nj_4 _paragraph_6fko5_10 layout-component text-serif-m layout-normal text-serif-m layout-padded\">VG har tatt kontakt med sentrale n\u00e6ringslivsledere i Norge. Og spurt om de vurderer \u00e5 gi penger til spleisen som Bellona har satt i gang for \u00e5 overleve. Mange har ikke svart, men andre har:<\/p>\n<p class=\"_paragraph_145nj_4 _paragraph_6fko5_10 layout-component text-serif-m layout-normal text-serif-m layout-padded\">En av Vestlandets fremste n\u00e6ringslivsledere i flere ti\u00e5r, og en som har gitt store bel\u00f8p til ulike form\u00e5l, Trond Mohn, er veldig klar i sin vurdering av Hauge.<\/p>\n<p class=\"_paragraph_145nj_4 _paragraph_6fko5_10 layout-component text-serif-m layout-normal text-serif-m layout-padded\">\u2013 Nei, takk, han har ingen integritetintegritet\u00c5 v\u00e6re \u00e6rlig og ha sterke moralske prinsipper., er hans kommentar.<\/p>\n<p><img alt=\"Foto: Marit Hommedal \/ NTB\" class=\"_image_jw3bv_65 layout-component layout-normal\" data-fullscreen- data-track-element-type=\"Article image fullscreen\" data-track-name=\"ImageFullscreen\" decoding=\"async\" loading=\"lazy\" height=\"2992\" itemprop=\"image\"  src=\"https:\/\/www.europesays.com\/no\/wp-content\/uploads\/2026\/06\/0c290c20-1f0a-34c3-9304-ce04e99be922.jpeg\"  style=\"object-position:0% 0%\" width=\"4423\"\/>Foto: Marit Hommedal \/ NTB<\/p>\n<p class=\"_paragraph_145nj_4 _paragraph_6fko5_10 layout-component text-serif-m layout-normal text-serif-m layout-padded\">Hotellkongen Petter Stordalen sier det slik:<\/p>\n<p class=\"_paragraph_145nj_4 _paragraph_6fko5_10 layout-component text-serif-m layout-normal text-serif-m layout-padded\">\u2013 Nei, jeg kommer ikke til \u00e5 gi og \u00f8nsker ikke \u00e5 kommentere noe utover det.<\/p>\n<p><img alt=\"Han feiret ishockey-gutta, men er stum om Bellona.\" class=\"_image_jw3bv_65 layout-component layout-normal\" data-fullscreen- data-track-element-type=\"Article image fullscreen\" data-track-name=\"ImageFullscreen\" decoding=\"async\" loading=\"lazy\" height=\"4032\" itemprop=\"image\"  src=\"https:\/\/www.europesays.com\/no\/wp-content\/uploads\/2026\/06\/32bcceec-9255-3bfc-ab8d-b797b4870d13.jpeg\"  style=\"object-position:0% 0%\" width=\"3024\"\/>Han feiret ishockey-gutta, men er stum om Bellona.<\/p>\n<p class=\"_paragraph_145nj_4 _paragraph_6fko5_10 layout-component text-serif-m layout-normal text-serif-m layout-padded\">Men det er mer positive toner fra teknologigr\u00fcnder Stian Rustad, som blant annet har bygget opp og solgt \u00f8konomisystemet 24SevenOffice for over to milliarder kroner.<\/p>\n<p class=\"_paragraph_145nj_4 _paragraph_6fko5_10 layout-component text-serif-m layout-normal text-serif-m layout-padded\">N\u00e5 skal han if\u00f8lge Finansavisen skatteflykte fra Norge, men det er noe i Norge han vil hegne om:<\/p>\n<p class=\"_paragraph_145nj_4 _paragraph_6fko5_10 layout-component text-serif-m layout-normal text-serif-m layout-padded\">\u2013 Jeg gir 250.000 kroner med en gang i Bellona-spleisen, til verden og milj\u00f8et, til Bellona og Frederic Hauge. Bellona er s\u00e5 viktig i kampen for klimaet. <\/p>\n<p><img alt=\"Foto: H\u00e5kon Mosvold Larsen \/ NTB\" class=\"_image_jw3bv_65 layout-component layout-normal\" data-fullscreen- data-track-element-type=\"Article image fullscreen\" data-track-name=\"ImageFullscreen\" decoding=\"async\" loading=\"lazy\" height=\"6000\" itemprop=\"image\"  src=\"https:\/\/www.europesays.com\/no\/wp-content\/uploads\/2026\/06\/95922067-d5d9-3473-b1c2-7760b05ac52a.jpeg\"  style=\"object-position:0% 0%\" width=\"4000\"\/>Foto: H\u00e5kon Mosvold Larsen \/ NTB<\/p>\n<p class=\"_paragraph_145nj_4 _paragraph_6fko5_10 layout-component text-serif-m layout-normal text-serif-m layout-padded\">\u2013 Jeg har v\u00e6rt veldig milj\u00f8engasjert siden jeg var veldig ung og har alltid fulgt Bellona. Spesielt liker jeg utviklingen de senere \u00e5rene hvor de leter etter l\u00f8sninger, ikke bare problemer. Det har gjort meg til en enda st\u00f8rre fan.<\/p>\n<p class=\"_paragraph_145nj_4 _paragraph_6fko5_10 layout-component text-serif-m layout-normal text-serif-m layout-padded\">\u2013 Innovasjon og n\u00e6ringslivet er l\u00f8sningen p\u00e5 milj\u00f8krisen, fortsetter han.<\/p>\n<p class=\"_paragraph_145nj_4 _paragraph_6fko5_10 layout-component text-serif-m layout-normal text-serif-m layout-padded\">Rustad sier at et av hans selskaper er inne i et b\u00f8lgepumpe-prosjekt, som kan pumpe kaldt vann opp og varmt vann ned i havet.<\/p>\n<p><img alt=\"Foto: H\u00e5kon Mosvold Larsen \/ NTB\" class=\"_image_jw3bv_65 layout-component layout-normal\" data-fullscreen- data-track-element-type=\"Article image fullscreen\" data-track-name=\"ImageFullscreen\" decoding=\"async\" loading=\"lazy\" height=\"5781\" itemprop=\"image\"  src=\"https:\/\/www.europesays.com\/no\/wp-content\/uploads\/2026\/06\/0ee81dd1-de4f-3a8e-9db1-5cf72e902fab.jpeg\"  style=\"object-position:0% 0%\" width=\"3854\"\/>Foto: H\u00e5kon Mosvold Larsen \/ NTB<\/p>\n<p class=\"_paragraph_145nj_4 _paragraph_6fko5_10 layout-component text-serif-m layout-normal text-serif-m layout-padded\">\u2013 Som Hauge med en gang s\u00e5 potensialet til fordi han har jobbet med det samme, som vi kan knytte til et prosjekt for <a href=\"https:\/\/www.asker.kommune.no\/klima-og-natur\/siste-nytt-om-klima-og-natur\/tarepark-ved-slemmestad\/\" class=\"_link_145nj_39\" rel=\"nofollow noopener\" target=\"_blank\">gjenoppbygging av tareskog<\/a> som Bellona utvikler sammen med Ler\u00f8y.<\/p>\n<p class=\"_paragraph_145nj_4 _paragraph_6fko5_10 layout-component text-serif-m layout-normal text-serif-m layout-padded\">\u2013 N\u00e6ringslivet i Norge m\u00e5 v\u00e5kne, fordi Bellona er den klimaorganisasjonen som mener at n\u00e6ringslivet er en del av l\u00f8sningene, ikke bare en del av problemene, avslutter han.<\/p>\n<p class=\"_paragraph_145nj_4 _paragraph_6fko5_10 layout-component text-serif-m layout-normal text-serif-m layout-padded\">Arthur Buchardt, forretningsmann og eiendomsutvikler, heier ogs\u00e5 p\u00e5 Hauge.<\/p>\n<p class=\"_paragraph_145nj_4 _paragraph_6fko5_10 layout-component text-serif-m layout-normal text-serif-m layout-padded\">\u2013 Vi skal bidra, men det skjer anonymt. Det er viktig at Bellona overlever.<\/p>\n<p><img alt=\"Buchardt-st\u00f8tte  Foto: Frode Hansen \/ VG\" class=\"_image_jw3bv_65 layout-component layout-normal\" data-fullscreen- data-track-element-type=\"Article image fullscreen\" data-track-name=\"ImageFullscreen\" decoding=\"async\" loading=\"lazy\" height=\"3648\" itemprop=\"image\"  src=\"https:\/\/www.europesays.com\/no\/wp-content\/uploads\/2026\/06\/f62a6f80-d22f-3a40-ab93-02ab870d7fe9.jpeg\"  style=\"object-position:0% 0%\" width=\"5472\"\/>Buchardt-st\u00f8tte  Foto: Frode Hansen \/ VG<\/p>\n<p class=\"_paragraph_145nj_4 _paragraph_6fko5_10 layout-component text-serif-m layout-normal text-serif-m layout-padded\">Gr\u00fcnder og forretningsmann Einar \u00d8grey Brandsdal, som har hatt Kristiansand som base, vil ikke gi penger for \u00e5 redde Bellona.<\/p>\n<p class=\"_paragraph_145nj_4 _paragraph_6fko5_10 layout-component text-serif-m layout-normal text-serif-m layout-padded\">\u2013 Nei, det er ikke aktuelt for meg \u00e5 bidra \u00f8konomisk til Bellona.<\/p>\n<p class=\"_paragraph_145nj_4 _paragraph_6fko5_10 layout-component text-serif-m layout-normal text-serif-m layout-padded\">Han sier at han er skeptisk til dem som er skr\u00e5sikre p\u00e5 at klimaendringene er menneskeskapt.<\/p>\n<p><img alt=\"Foto: Mattis Sandblad \/ VG\" class=\"_image_jw3bv_65 layout-component layout-normal\" data-fullscreen- data-track-element-type=\"Article image fullscreen\" data-track-name=\"ImageFullscreen\" decoding=\"async\" loading=\"lazy\" height=\"4000\" itemprop=\"image\"  src=\"https:\/\/www.europesays.com\/no\/wp-content\/uploads\/2026\/06\/dd52e1c5-dbdf-358c-aabf-09c6c89b9aff.jpeg\"  style=\"object-position:0% 0%\" width=\"6000\"\/>Foto: Mattis Sandblad \/ VG<\/p>\n<p class=\"_paragraph_145nj_4 _paragraph_6fko5_10 layout-component text-serif-m layout-normal text-serif-m layout-padded\">\u2013 Naturen har alltid v\u00e6rt preget av store svingninger. Jeg har ogs\u00e5 v\u00e6rt uenig i mye av protestkulturenprotestkulturenEn m\u00e5te \u00e5 uttrykke motstand eller uenighet gjennom demonstrasjoner eller protester. og konfrontasjonslinjenkonfrontasjonslinjenEn strategi som inneb\u00e6rer \u00e5 m\u00f8te motstandere direkte og ofte p\u00e5 en utfordrende m\u00e5te. som Hauge og Bellona tidvis har st\u00e5tt for. Jeg er glad i mennesker som st\u00e5r for noe og t\u00f8r si sin mening, s\u00e5 der har Hauge min dypeste respekt.<\/p>\n<p class=\"_paragraph_145nj_4 _paragraph_6fko5_10 layout-component text-serif-m layout-normal text-serif-m layout-padded\">Frederic Hauge gj\u00f8r opp status:<\/p>\n<p class=\"_paragraph_145nj_4 _paragraph_6fko5_10 layout-component text-serif-m layout-normal text-serif-m layout-padded\">\u2013 Tirsdag kveld har vi passert en million kroner fra over 2300 personer p\u00e5 et d\u00f8gn med spleis.<\/p>\n<p class=\"_paragraph_145nj_4 _paragraph_6fko5_10 layout-component text-serif-m layout-normal text-serif-m layout-padded\">\u2013 Hvor mye har selskaper som Rustad gitt?<\/p>\n<p class=\"_paragraph_145nj_4 _paragraph_6fko5_10 layout-component text-serif-m layout-normal text-serif-m layout-padded\">\u2013 Det har vi ikke oversikt over enn\u00e5.<\/p>\n<p class=\"_paragraph_145nj_4 _paragraph_6fko5_10 layout-component text-serif-m layout-normal text-serif-m layout-padded\">\u2013 Det er langt igjen til \u00e5tte millioner?<\/p>\n<p class=\"_paragraph_145nj_4 _paragraph_6fko5_10 layout-component text-serif-m layout-normal text-serif-m layout-padded\">\u2013 Det er en fantastisk start og motiverer oss de neste dagene. Jeg er utrolig takknemlig. <\/p>\n<p><img alt=\"Forel\u00f8pig forn\u00f8yde: Bellona-toppene Frederic Hauge og Sveinung Rotevatn.  Foto: Hallgeir V\u00e5genes \/ VG\" class=\"_image_jw3bv_65 layout-component layout-normal\" data-fullscreen- data-track-element-type=\"Article image fullscreen\" data-track-name=\"ImageFullscreen\" decoding=\"async\" loading=\"lazy\" height=\"4000\" itemprop=\"image\"  src=\"https:\/\/www.europesays.com\/no\/wp-content\/uploads\/2026\/06\/2d9f3476-c6e2-39a6-bfab-6f094c195f3d.jpeg\"  style=\"object-position:0% 0%\" width=\"6000\"\/>Forel\u00f8pig forn\u00f8yde: Bellona-toppene Frederic Hauge og Sveinung Rotevatn.  Foto: Hallgeir V\u00e5genes \/ VG<\/p>\n<p class=\"_paragraph_145nj_4 _paragraph_6fko5_10 layout-component text-serif-m layout-normal text-serif-m layout-padded\">Hauge svarer p\u00e5 kommentaren fra Mohns slik.<\/p>\n<p class=\"_paragraph_145nj_4 _paragraph_6fko5_10 layout-component text-serif-m layout-normal text-serif-m layout-padded\">\u2013 Jeg har stor respekt for det Mohn har utrettet i Norge, men det er ikke overraskende at han ikke vil gi. Han har i mange \u00e5r st\u00f8ttet Kurt Oddekalv og Milj\u00f8vernforbundet, og st\u00e5r bak Norsk kjernekraft i Norge. <\/p>\n<p class=\"_paragraph_145nj_4 _paragraph_6fko5_10 layout-component text-serif-m layout-normal text-serif-m layout-padded\">\u2013 N\u00e5r det gjelder Brandsdal, s\u00e5 vil jeg si til ham at de som er uenige, m\u00e5 prate sammen.<\/p>\n","protected":false},"excerpt":{"rendered":"Bellona risikerer konkurs uten \u00e5tte millioner kroner innen mandag. N\u00e6ringslivsledere er delt i om de vil st\u00f8tte organisasjonen&hellip;\n","protected":false},"author":2,"featured_media":255336,"comment_status":"","ping_status":"","sticky":false,"template":"","format":"standard","meta":{"footnotes":"","_share_on_mastodon":"0"},"categories":[5],"tags":[10622,20,21,24,25,1792,15,19,22,23,17,18,13,30,28,29,14,16,1934,26,27],"class_list":["post-255335","post","type-post","status-publish","format-standard","has-post-thumbnail","category-overskrifter","tag-bellona","tag-breaking-news","tag-breakingnews","tag-featured-news","tag-featurednews","tag-frederic-hauge","tag-headlines","tag-hovedoppslag","tag-latest-news","tag-latestnews","tag-main-news","tag-mainnews","tag-news","tag-no","tag-norge","tag-norway","tag-nyheter","tag-overskrifter","tag-petter-stordalen","tag-top-stories","tag-topstories"],"share_on_mastodon":{"url":"https:\/\/pubeurope.com\/@no\/116685146187107129","error":""},"_links":{"self":[{"href":"https:\/\/www.europesays.com\/no\/wp-json\/wp\/v2\/posts\/255335","targetHints":{"allow":["GET"]}}],"collection":[{"href":"https:\/\/www.europesays.com\/no\/wp-json\/wp\/v2\/posts"}],"about":[{"href":"https:\/\/www.europesays.com\/no\/wp-json\/wp\/v2\/types\/post"}],"author":[{"embeddable":true,"href":"https:\/\/www.europesays.com\/no\/wp-json\/wp\/v2\/users\/2"}],"replies":[{"embeddable":true,"href":"https:\/\/www.europesays.com\/no\/wp-json\/wp\/v2\/comments?post=255335"}],"version-history":[{"count":0,"href":"https:\/\/www.europesays.com\/no\/wp-json\/wp\/v2\/posts\/255335\/revisions"}],"wp:featuredmedia":[{"embeddable":true,"href":"https:\/\/www.europesays.com\/no\/wp-json\/wp\/v2\/media\/255336"}],"wp:attachment":[{"href":"https:\/\/www.europesays.com\/no\/wp-json\/wp\/v2\/media?parent=255335"}],"wp:term":[{"taxonomy":"category","embeddable":true,"href":"https:\/\/www.europesays.com\/no\/wp-json\/wp\/v2\/categories?post=255335"},{"taxonomy":"post_tag","embeddable":true,"href":"https:\/\/www.europesays.com\/no\/wp-json\/wp\/v2\/tags?post=255335"}],"curies":[{"name":"wp","href":"https:\/\/api.w.org\/{rel}","templated":true}]}}