{"id":25556,"date":"2025-09-03T07:28:08","date_gmt":"2025-09-03T07:28:08","guid":{"rendered":"https:\/\/www.europesays.com\/no\/25556\/"},"modified":"2025-09-03T07:28:08","modified_gmt":"2025-09-03T07:28:08","slug":"sabrina-carpenter-forsvarer-sitt-seksuelle-innhold","status":"publish","type":"post","link":"https:\/\/www.europesays.com\/no\/25556\/","title":{"rendered":"Sabrina Carpenter forsvarer sitt seksuelle innhold"},"content":{"rendered":"\n<p class=\"_lead_1bvmi_2 _lead_xtcu6_50 layout-component text-serif-m layout-normal text-serif-l layout-component layout-wide layout-padded _wide_17hqh_1 layout-padded\">Popstjernen svarer p\u00e5 kritikken av det kontroversielle albumcoveret og trekker en parallell til Madonna.<\/p>\n<p><img alt=\"Sabrina Carpenter, det siste \u00e5rets heteste pop-stjerne. Foto: Mario Anzuoni \/ Reuters \/ NTB\" class=\"_image_qp4xg_65 layout-component layout-wide\" data-fullscreen- data-track-element-type=\"Article image fullscreen\" data-track-name=\"ImageFullscreen\" fetchpriority=\"high\" decoding=\"sync\" loading=\"eager\" height=\"2626\" itemprop=\"image\"  src=\"https:\/\/www.europesays.com\/no\/wp-content\/uploads\/2025\/09\/930ff88d-836a-4a3f-a346-50d6c930729f\"  style=\"object-position:48.420922773254375% 39.565879664889565%\" width=\"4053\"\/>Sabrina Carpenter, det siste \u00e5rets heteste pop-stjerne. Foto: Mario Anzuoni \/ Reuters \/ NTB<\/p>\n<ul aria-hidden=\"true\" class=\"_images_1y6fe_106\">\n<li><a class=\"_link_1y6fe_111\" href=\"https:\/\/www.vg.no\/forfatter\/stein-oestboe\" style=\"z-index:1\" title=\"Stein \u00d8stb\u00f8\" rel=\"nofollow noopener\" target=\"_blank\"><img alt=\"Bilde av Stein \u00d8stb\u00f8\" class=\"_image_1y6fe_88\" fetchpriority=\"low\" loading=\"lazy\" decoding=\"async\" itemprop=\"image\"  src=\"https:\/\/www.europesays.com\/no\/wp-content\/uploads\/2025\/09\/1756884487_693_22e70fc8-5f6d-446c-8991-a91d598e4754\"  width=\"480\"\/><\/a><\/li>\n<\/ul>\n<p> Oppdatert onsdag 3. september kl. 08:59     <\/p>\n<p class=\"_paragraph_1bvmi_4 _paragraph_xtcu6_10 layout-component text-serif-m layout-normal text-serif-m layout-padded\"><a href=\"https:\/\/www.vg.no\/tag\/sabrina-carpenter?utm_source=vg-article&amp;utm_medium=auto-tagger&amp;utm_campaign=jQ4qow\" class=\"_link_1bvmi_39\" rel=\"nofollow noopener\" target=\"_blank\">Sabrina Carpenter<\/a> har ingen planer om \u00e5 tone ned det seksuelle innholdet i musikken sin. I et nytt intervju med Interview Magazine forsvarer 25-\u00e5ringen sitt kontroversielle albumcover til \u00abMan&#8217;s Best Friend\u00bb.<\/p>\n<p class=\"_paragraph_1bvmi_4 _paragraph_xtcu6_10 layout-component text-serif-m layout-normal text-serif-m layout-padded\">P\u00e5 coveret poserer Carpenter p\u00e5 alle fire med en anonym mann som holder tak i det blonde h\u00e5ret hennes. Bildet skapte storm p\u00e5 sosiale medier.<\/p>\n<p><img alt=\"Slik ser albumcoveret ut.  Foto: AP \/ NTB\" class=\"_image_qp4xg_65 layout-component layout-normal\" data-fullscreen- data-track-element-type=\"Article image fullscreen\" data-track-name=\"ImageFullscreen\" decoding=\"async\" loading=\"lazy\" height=\"3759\" itemprop=\"image\"  src=\"https:\/\/www.europesays.com\/no\/wp-content\/uploads\/2025\/09\/6235b493-1a06-477c-8cd8-e628c6a2f119\"  style=\"object-position:34.06316348195329% 29.768555466879487%\" width=\"3768\"\/>Slik ser albumcoveret ut.  Foto: AP \/ NTB<\/p>\n<p class=\"_paragraph_1bvmi_4 _paragraph_xtcu6_10 layout-component text-serif-m layout-normal text-serif-m layout-padded\">&#8211; Jeg gj\u00f8r aldri noe fordi jeg forventer en bestemt reaksjon. Jeg gj\u00f8r bare ting som f\u00f8les riktige for meg og som gir mening n\u00e5r du h\u00f8rer musikken, sier Carpenter til\u00a0<a href=\"https:\/\/www.interviewmagazine.com\/music\/sabrina-carpenter-is-glad-you-like-her-sexual-content\" class=\"_link_1bvmi_39\" rel=\"nofollow noopener\" target=\"_blank\">Interview Magazine<\/a>.<\/p>\n<p class=\"_paragraph_1bvmi_4 _paragraph_xtcu6_10 layout-component text-serif-m layout-normal text-serif-m layout-padded\">Mange har kritisert coveret for \u00e5 fremstille artisten i en underdanig posisjon. Men Carpenter mener bildet er mer komplekst enn folk tror.<\/p>\n<p class=\"_paragraph_1bvmi_4 _paragraph_xtcu6_10 layout-component text-serif-m layout-normal text-serif-m layout-padded\">\u2013 Jeg f\u00f8ler at underkastelse er b\u00e5de dominerende og underdanig. Det avhenger av hva intensjonene dine er, hva du vil ha og hva du trenger, forklarer hun.<\/p>\n<p class=\"_paragraph_1bvmi_4 _paragraph_xtcu6_10 layout-component text-serif-m layout-normal text-serif-m layout-padded\">Artisten sier hun b\u00e5de ler og gr\u00e5ter av reaksjonene p\u00e5 det kontroversielle coveret.<\/p>\n<p class=\"_paragraph_1bvmi_4 _paragraph_xtcu6_10 layout-component text-serif-m layout-normal text-serif-m layout-padded\">\u2013 Bildet, slik jeg ser det, er en metafor, sier hun til magasinet.<\/p>\n<p class=\"_paragraph_1bvmi_4 _paragraph_xtcu6_10 layout-component text-serif-m layout-normal text-serif-m layout-padded\">Carpenter er ogs\u00e5 \u00e5pen om det seksuelle innholdet i musikken sin, og sammenligner det med Madonnas \u00abErotica\u00bb-album.<\/p>\n<p class=\"_paragraph_1bvmi_4 _paragraph_xtcu6_10 layout-component text-serif-m layout-normal text-serif-m layout-padded\">\u2013 Jeg er virkelig takknemlig for at det er nok av publikummet mitt som virkelig kjenner meg som person, og som vil kunne h\u00f8re disse sangene slik de er ment, sier Carpenter til magasinet.<\/p>\n<p class=\"_paragraph_1bvmi_4 _paragraph_xtcu6_10 layout-component text-serif-m layout-normal text-serif-m layout-padded\">Hun mener det er merkelig at kvinners seksualitet fortsatt er tabu.<\/p>\n<p class=\"_paragraph_1bvmi_4 _paragraph_xtcu6_10 layout-component text-serif-m layout-normal text-serif-m layout-padded\">\u2013 Dette er noe kvinner opplever p\u00e5 en s\u00e5 ekte m\u00e5te \u2013 \u00e5 bli komfortable med seg selv og hvem de er, sier hun.<\/p>\n<p class=\"_paragraph_1bvmi_4 _paragraph_xtcu6_10 layout-component text-serif-m layout-normal text-serif-m layout-padded\">Sabrina Carpenter gjestet Norge i v\u00e5res. <a href=\"https:\/\/www.vg.no\/rampelys\/i\/LMGBqJ\/konsertanmeldelse-sabrina-carpenter-unity-arena-vaarslipp-paa-fornebu\" data-track-element-type=\"Link\" data-track-id=\"link:LMGBqJ\" class=\"_link_1bvmi_39\" rel=\"nofollow noopener\" target=\"_blank\">HER <\/a>kan du lese hva VGs anmelder mente om dette bes\u00f8ket!<\/p>\n<p class=\"_paragraph_1bvmi_4 _paragraph_xtcu6_10 layout-component text-serif-m layout-normal text-serif-m layout-padded\">Til Interview sier ogs\u00e5 Carpenter at hun er glad for \u00e5 bli forst\u00e5tt.<\/p>\n<p class=\"_paragraph_1bvmi_4 _paragraph_xtcu6_10 layout-component text-serif-m layout-normal text-serif-m layout-padded\">\u2013 Jeg er glad du liker det seksuelle innholdet mitt, sier hun med et smil til magasinets intervjuer.<\/p>\n<p class=\"_paragraph_1bvmi_4 _paragraph_xtcu6_10 layout-component text-serif-m layout-normal text-serif-m layout-padded\">Popstjernen, som tidligere var Disney-stjerne, har hatt enorm suksess det siste \u00e5ret. Hun beskriver seg selv som en \u00abworking girl\u00bb som jobber hardt med karrieren.<\/p>\n<p class=\"_paragraph_1bvmi_4 _paragraph_xtcu6_10 layout-component text-serif-m layout-normal text-serif-m layout-padded\">N\u00e5r det gjelder kj\u00e6rlighetslivet, innr\u00f8mmer hun at typen hennes er \u00abmann-barn\u00bb \u2013 men helst talentfulle slike.<\/p>\n","protected":false},"excerpt":{"rendered":"Popstjernen svarer p\u00e5 kritikken av det kontroversielle albumcoveret og trekker en parallell til Madonna. Sabrina Carpenter, det siste&hellip;\n","protected":false},"author":2,"featured_media":25557,"comment_status":"","ping_status":"","sticky":false,"template":"","format":"standard","meta":{"footnotes":""},"categories":[58],"tags":[71,1366,221,30,28,29,1824,3943,72,46],"class_list":{"0":"post-25556","1":"post","2":"type-post","3":"status-publish","4":"format-standard","5":"has-post-thumbnail","7":"category-underholdning","8":"tag-entertainment","9":"tag-madonna","10":"tag-musikk","11":"tag-no","12":"tag-norge","13":"tag-norway","14":"tag-popstjerne","15":"tag-sabrina-carpenter","16":"tag-underholdning","17":"tag-vgai"},"share_on_mastodon":{"url":"","error":""},"_links":{"self":[{"href":"https:\/\/www.europesays.com\/no\/wp-json\/wp\/v2\/posts\/25556","targetHints":{"allow":["GET"]}}],"collection":[{"href":"https:\/\/www.europesays.com\/no\/wp-json\/wp\/v2\/posts"}],"about":[{"href":"https:\/\/www.europesays.com\/no\/wp-json\/wp\/v2\/types\/post"}],"author":[{"embeddable":true,"href":"https:\/\/www.europesays.com\/no\/wp-json\/wp\/v2\/users\/2"}],"replies":[{"embeddable":true,"href":"https:\/\/www.europesays.com\/no\/wp-json\/wp\/v2\/comments?post=25556"}],"version-history":[{"count":0,"href":"https:\/\/www.europesays.com\/no\/wp-json\/wp\/v2\/posts\/25556\/revisions"}],"wp:featuredmedia":[{"embeddable":true,"href":"https:\/\/www.europesays.com\/no\/wp-json\/wp\/v2\/media\/25557"}],"wp:attachment":[{"href":"https:\/\/www.europesays.com\/no\/wp-json\/wp\/v2\/media?parent=25556"}],"wp:term":[{"taxonomy":"category","embeddable":true,"href":"https:\/\/www.europesays.com\/no\/wp-json\/wp\/v2\/categories?post=25556"},{"taxonomy":"post_tag","embeddable":true,"href":"https:\/\/www.europesays.com\/no\/wp-json\/wp\/v2\/tags?post=25556"}],"curies":[{"name":"wp","href":"https:\/\/api.w.org\/{rel}","templated":true}]}}