{"id":25566,"date":"2025-09-03T07:39:12","date_gmt":"2025-09-03T07:39:12","guid":{"rendered":"https:\/\/www.europesays.com\/no\/25566\/"},"modified":"2025-09-03T07:39:12","modified_gmt":"2025-09-03T07:39:12","slug":"eldre-krever-billigere-mat","status":"publish","type":"post","link":"https:\/\/www.europesays.com\/no\/25566\/","title":{"rendered":"Eldre krever billigere mat"},"content":{"rendered":"<p class=\"kicker \" style=\"\">Fullt oppr\u00f8r:<\/p>\n<p>  Samfunns\u00f8konom st\u00f8tter gruppas tordentale. N\u00e5 ber de politikerne l\u00f8se problemet.<\/p>\n<p>\n    \u00d8KER OG \u00d8KER: Det siste \u00e5ret har prisveksten v\u00e6rt p\u00e5 3,3 prosent, mens matvareprisene har \u00f8kt med 5,9 prosent viser tall fra SSB. Foto: Lars Eivind Bones \/ Dagbladet.\n  <\/p>\n<p>    Kort fortalt<\/p>\n<p lang=\"nb-NO\">Eldrekonvensjonen kjemper for minstepensjonistene mot h\u00f8ye matpriser og maktkonsentrasjon i dagligvarebransjen.<\/p>\n<p lang=\"nb-NO\">Samfunns\u00f8konom Espen Bogen st\u00f8tter dem, og viser til at matprisene har \u00f8kt mer enn inflasjonen ellers.<\/p>\n<p lang=\"nb-NO\">Konkurransetilsynet har b\u00f8telagt tre akt\u00f8rer for ulovlige prisstrategier, men Eldrekonvensjonen er skeptisk til effekten.<\/p>\n<p lang=\"nb-NO\">Eldrekonvensjonen \u00f8nsker ogs\u00e5 flere sykehjemsplasser og et nasjonalt eldreombud, samt evaluering av samhandlingsreformen.<\/p>\n<p class=\"italic ai-disclaimer\" data-lab-italic=\"italic\">Sammendraget er laget av ChatGPT og godkjent av B\u00f8rsen.<\/p>\n<p>      Vis mer<br \/>\n      Vis mindre<\/p>\n<p>&#8211; Det er ikke for oss selv vi kjemper, men for minstepensjonistene. N\u00e5 er maten altfor dyr og profitten til kjedene og grossistene altfor h\u00f8y. Vi lures av annonsene og m\u00e5 passe oss i butikken slik at vi ikke f\u00e5r med oss til kassen noe som er dyrere.\u00a0<\/p>\n<p>        HARDT UT: Frp-leder Sylvi Listhaug slakter Arbeiderpartiets ferske helseplan. Jonas Gahr St\u00f8re svarer dette om kritikken. Reporter: Anabelle Bruun. Video: Marte Nyl\u00f8kken Helseth<\/p>\n<p>Det sier Ivar Bun\u00e6s. Han er snart 80 \u00e5r og leder for Eldrekonvensjonen. De taler minstepensjonistenes sak, og er s\u00e5 langt ikke en medlemsorganisasjon. Den eldste i gruppa er 87 \u00e5r og tidligere sykehjemsbestyrer.<\/p>\n<p>&#8211; Vi er rebeller, forsikrer Bun\u00e6s.<\/p>\n<p>          <img loading=\"lazy\" decoding=\"async\" src=\"https:\/\/www.europesays.com\/no\/wp-content\/uploads\/2025\/09\/83534231.webp\" width=\"980\" height=\"559\" title=\"MISFORN\u00d8YDE: - Matprisene er for h\u00f8ye og det er for vanskelig \u00e5 orientere seg i reklamen, sier Eldrekonvensjonen ved (fra v.) Ivar Bun\u00e6s, Mette Kosstad, Solveig Horgen, Else Jorunn Vestby og Kristian Horgen. Foto: John T. Pedersen \/ Dagbladet\" alt=\"\" class=\"\" style=\"--aspect-ratio-image: 1.75; \"\/><\/p>\n<p>\n          MISFORN\u00d8YDE: &#8211; Matprisene er for h\u00f8ye og det er for vanskelig \u00e5 orientere seg i reklamen, sier Eldrekonvensjonen ved (fra v.) Ivar Bun\u00e6s, Mette Kosstad, Solveig Horgen, Else Jorunn Vestby og Kristian Horgen. Foto: John T. Pedersen \/ Dagbladet\n      <\/p>\n<p>Han engasjerte seg i de eldres sak for en generasjon siden ogs\u00e5, da han selv hadde gamle foreldre. Noe som endte i \u00abeldremilliarden\u00bb.<\/p>\n<p>&#8211; Det f\u00f8rte til asfaltering foran mange sykehjem. Lite annet, sier han ironisk.<\/p>\n<p>N\u00e5 vil han og resten av Eldrekonvensjonen matprisene til livs. De er h\u00f8ye, p\u00e5peker de, og har \u00f8kt voldsomt de siste \u00e5rene.<\/p>\n<p>    <a itemprop=\"url\" href=\"https:\/\/borsen.dagbladet.no\/nyheter\/jeg-er-en-av-veldig-mange\/83518123\" rel=\"nofollow noopener\" target=\"_blank\"><\/p>\n<p>      <img loading=\"lazy\" decoding=\"async\" src=\"https:\/\/www.europesays.com\/no\/wp-content\/uploads\/2025\/09\/1756885149_265_83521210.webp\" width=\"980\" height=\"441\" title=\"- Jeg er \u00e9n av veldig mange\" alt=\"\" class=\"lazyload\" style=\"--aspect-ratio-image: 2.22; \"\/><\/p>\n<p>        &#8211; Jeg er \u00e9n av veldig mange<\/p>\n<p>    <\/a><\/p>\n<p>&#8211; Ikke lett\t<\/p>\n<p>&#8211; Husk at de eldre med bevegelseshemming ikke bare kan kj\u00f8re rundt \u00e5 \u00abshoppe\u00bb priser. Vi taler deres sak, sier Else Jorunn Vestly.<\/p>\n<p>Hun legger til:<\/p>\n<p>&#8211; Det er ikke s\u00e5 lett \u00e5 v\u00e6re minstepensjonist og kanskje bevegelseshemmet. Jeg har et eksempel der vedkommende m\u00e5tte krype langs gulvet for \u00e5 finne den billigste makrellen i tomat p\u00e5 boks.<\/p>\n<p>    <a itemprop=\"url\" href=\"https:\/\/borsen.dagbladet.no\/nyheter\/katastrofe-for-norge\/83520939\" rel=\"nofollow noopener\" target=\"_blank\"><\/p>\n<p>      <img loading=\"lazy\" decoding=\"async\" src=\"https:\/\/www.europesays.com\/no\/wp-content\/uploads\/2025\/09\/1756885149_79_83524890.webp\" width=\"980\" height=\"441\" title=\"- Katastrofe for Norge\" alt=\"\" class=\"lazyload\" style=\"--aspect-ratio-image: 2.22; \"\/><\/p>\n<p>        &#8211; Katastrofe for Norge<\/p>\n<p>    <\/a><\/p>\n<p>Vestby viser fram bilder, det prisen p\u00e5 billigmakrellen og ditto boks, som var annonsert, er helt nede ved gulvet.\u00a0<\/p>\n<p>&#8211; Matprisene er ikke veiledende, de er villedende, hevder Solveig Horgen.\u00a0<\/p>\n<p>F\u00e5r rett\t<\/p>\n<p>Matvareprisene har \u00f8kt mer enn inflasjonen ellers det siste \u00e5ret, viser tall fra Statistisk sentralbyr\u00e5.<\/p>\n<p>Eldrekonvensjonen f\u00e5r rett av samfunns\u00f8konom Espen Bogen, som skrev bok om maktkonsentrasjon i dagligvarebransjen i 2008.\u00a0<\/p>\n<p>          <img loading=\"lazy\" decoding=\"async\" src=\"https:\/\/www.europesays.com\/no\/wp-content\/uploads\/2025\/09\/83530981.webp\" width=\"980\" height=\"559\" title=\"H\u00d8YE PRISER: Samfunns\u00f8konom Espen Bogen p\u00e5peker at matprisene har \u00f8kt mer enn inflasjonen ellers det siste \u00e5ret. Foto: John T. Pedersen \/ Dagbladet,\" alt=\"\" class=\"\" style=\"--aspect-ratio-image: 1.75; \"\/><\/p>\n<p>\n          H\u00d8YE PRISER: Samfunns\u00f8konom Espen Bogen p\u00e5peker at matprisene har \u00f8kt mer enn inflasjonen ellers det siste \u00e5ret. Foto: John T. Pedersen \/ Dagbladet,\n      <\/p>\n<p>&#8211; Politikerne har ikke f\u00e5tt til noe siden 2008 da jeg skrev bok. Det er f\u00e6rre akt\u00f8rer n\u00e5. De har g\u00e5tt fra fem til tre. Dermed har maktkonsentrasjonen \u00f8kt. Vi har hatt en rekke n\u00e6ringsministre som ikke skj\u00f8nner de infl\u00f8kte og hemmelige systemene p\u00e5 innsiden av dagligvarebransjen. Det viser b\u00e5de uttalelsene og tiltakene fra den sittende n\u00e6ringsministeren etter m\u00f8ter med dagligvarebransjen, og utalelser fra n\u00e6ringsministre f\u00f8r henne, hevder Bogen.<\/p>\n<p class=\"italic m-italic\" data-lab-italic=\"italic\">&#8211; S\u00e5 hva dreier det seg om?<\/p>\n<p class=\"no_italic m-no_italic\" data-lab-italic=\"\">&#8211; At profitten er for h\u00f8y. Du ser det p\u00e5 forskjellen i innkj\u00f8pspris og utsalgspris i kjedene. Dagligvarebutikkene og grossistene er de samme akt\u00f8rene. Maktkonsentrasjonen er for stor. Samtidig er det h\u00f8ye etableringshindre for nye akt\u00f8rer i et marked med sv\u00e6rt f\u00e5 akt\u00f8rer, mener Bogen.\u00a0<\/p>\n<p>    <a itemprop=\"url\" href=\"https:\/\/borsen.dagbladet.no\/nyheter\/raser-mot-store-komplett-absurd\/83529753\" rel=\"nofollow noopener\" target=\"_blank\"><\/p>\n<p>      <img loading=\"lazy\" decoding=\"async\" src=\"https:\/\/www.europesays.com\/no\/wp-content\/uploads\/2025\/09\/83529975.webp\" width=\"980\" height=\"441\" title=\"Raser mot St\u00f8re: - Komplett absurd\" alt=\"\" class=\"lazyload\" style=\"--aspect-ratio-image: 2.22; \"\/><\/p>\n<p>        Raser mot St\u00f8re: &#8211; Komplett absurd<\/p>\n<p>    <\/a><\/p>\n<p>&#8211; M\u00e5 l\u00f8ses\t<\/p>\n<p class=\"no_italic m-no_italic\" data-lab-italic=\"\">Eldrekonvensjonen har ikke noen anbefaling om \u00e5 stemme p\u00e5 noe spesielt parti ved valget, men er kritiske til at eldre skal bo hjemme lengst mulig. De vil ha flere sykehjemplasser og et nasjonalt eldreombud. Dessuten mener de at <a href=\"https:\/\/www.regjeringen.no\/contentassets\/d4f0e16ad32e4bbd8d8ab5c21445a5dc\/no\/pdfs\/stm200820090047000dddpdfs.pdf\" rel=\"nofollow noopener\" target=\"_blank\">samhandlingsreformen<\/a> m\u00e5 evalueres.<\/p>\n<p class=\"no_italic m-no_italic\" data-lab-italic=\"\">&#8211; Samhandlingsreformen er bra p\u00e5 papiret, men i praksis blir eldre i altfor stor grad sendt rundt som \u00abpakker\u00bb, sier Solveig Horgen.<\/p>\n<p>    Samhandlingsreformen<\/p>\n<p>Samhandlingsreformen var en helsereform iverksatt fra 2012. M\u00e5lene for reformen var \u00e5 utvikle helhetlige pasientforl\u00f8p,\u00a0bedre forebygging, \u00f8ke brukerinnflytelse og sikre en b\u00e6rekraftig utvikling.<\/p>\n<p>Kilde: <a href=\"https:\/\/snl.no\/samhandlingsreformen\" rel=\"nofollow noopener\" target=\"_blank\">SNL.<\/a><\/p>\n<p>      Vis mer<br \/>\n      Vis mindre<\/p>\n<p class=\"no_italic m-no_italic\" data-lab-italic=\"\">Om matprisene understreker de:<\/p>\n<p class=\"no_italic m-no_italic\" data-lab-italic=\"\">&#8211; Politikerne m\u00e5 finne ut av hvilke tiltak som trengs. Vi bare p\u00e5peker at matprisene er for h\u00f8ye, sier Mette Kosstad.<\/p>\n<p>    <a itemprop=\"url\" href=\"https:\/\/www.dagbladet.no\/nyheter\/frykter-for-forbrukerne\/71814406\" rel=\"nofollow noopener\" target=\"_blank\"><\/p>\n<p>      <img loading=\"lazy\" decoding=\"async\" src=\"https:\/\/www.europesays.com\/no\/wp-content\/uploads\/2025\/09\/71815124.webp\" width=\"980\" height=\"441\" title=\"Frykter for forbrukerne\" alt=\"\" class=\"lazyload\" style=\"--aspect-ratio-image: 2.22; \"\/><\/p>\n<p>        Frykter for forbrukerne<\/p>\n<p>    <\/a><\/p>\n<p class=\"no_italic m-no_italic\" data-lab-italic=\"\">Konkurransetilsynet har sl\u00e5tt ned p\u00e5 det de mener er ulovlige prisjegere, og ilagt tre akt\u00f8rer &#8211; som styrer 95 prosent av markedet\u00a0 &#8211; en bot p\u00e5 4,9 milliarder kroner. Konkurranseklagenemnda har gitt Konkurransetilsynet medhold n\u00e5r akt\u00f8rene i dagligvaremarkedet har v\u00e6rt uenig i boten.\u00a0<\/p>\n<p class=\"no_italic m-no_italic\" data-lab-italic=\"\">N\u00e5 venter trolig et rettslig oppgj\u00f8r. Men Eldrekonvensjonen har liten tro p\u00e5 effekten av dette &#8211; uansett.<\/p>\n<p>Uten tillit\t<\/p>\n<p class=\"no_italic m-no_italic\" data-lab-italic=\"\">&#8211; De legger vel ogs\u00e5 en bot p\u00e5 prisene, slik at vi som forbrukere nok m\u00e5 betale, sier Kosstad.\u00a0<\/p>\n<p>          <img loading=\"lazy\" decoding=\"async\" src=\"https:\/\/www.europesays.com\/no\/wp-content\/uploads\/2025\/09\/83530954.webp\" width=\"980\" height=\"559\" title=\"FORSKJELLENE \u00d8KER: - Det blir st\u00f8rre forskjeller mellom folk. Matprisene n\u00e5 ned, sier Mette Kosstad. Hun f\u00e5r st\u00f8tte av Solveig Horgen ( i bakgrunnen). Foto: John T. Pedersen \/ Dagbladet\" alt=\"\" class=\"\" style=\"--aspect-ratio-image: 1.75; \"\/><\/p>\n<p>\n          FORSKJELLENE \u00d8KER: &#8211; Det blir st\u00f8rre forskjeller mellom folk. Matprisene n\u00e5 ned, sier Mette Kosstad. Hun f\u00e5r st\u00f8tte av Solveig Horgen ( i bakgrunnen). Foto: John T. Pedersen \/ Dagbladet\n      <\/p>\n<p class=\"no_italic m-no_italic\" data-lab-italic=\"\">I Eldrekonvensjonen er man enige om at prisf\u00f8lsomheten er liten i Norge. Siden mange har grei r\u00e5d, blir det ikke noe oppr\u00f8r av at man m\u00e5 betale noks\u00e5 mye for b\u00e6reposene.<\/p>\n<p class=\"no_italic m-no_italic\" data-lab-italic=\"\">&#8211; Men forskjellen mellom folk \u00f8ker. Det ser vi jo. S\u00e5 selv om vi selv har det bra, er det mange som sliter, understreker Kosstad.<\/p>\n<p class=\"no_italic m-no_italic\" data-lab-italic=\"\">Dagbladet B\u00f8rsen har har lagt fram kritikken fra eldrekonvensjonen for n\u00e6ringsminister Cecilie Myrseth (Ap).<\/p>\n<p>          <img loading=\"lazy\" decoding=\"async\" src=\"https:\/\/www.europesays.com\/no\/wp-content\/uploads\/2025\/09\/83502344.webp\" width=\"686\" height=\"460\" title=\"SVARER DE ELDRE: N\u00e6ringsminister Cecilie Myrseth (Ap) har forst\u00e5else for at mange eldre synes maten er for dyr. HUn lover nye tiltak. Foto: Cornelius Poppe \/ NTB\" alt=\"\" class=\"\" style=\"--aspect-ratio-image: 1.49; \"\/><\/p>\n<p>\n          SVARER DE ELDRE: N\u00e6ringsminister Cecilie Myrseth (Ap) har forst\u00e5else for at mange eldre synes maten er for dyr. HUn lover nye tiltak. Foto: Cornelius Poppe \/ NTB\n      <\/p>\n<p class=\"no_italic m-no_italic\" data-lab-italic=\"\">&#8211; Jeg skj\u00f8nner godt at mange eldre reagerer p\u00e5 matvareprisene. \u00d8kte matpriser rammer de som har minst hardest. Mat er ikke noe vi kan velge bort. Derfor er dette arbeidet viktig for Arbeiderpartiet, sier Myrseth, og fortsetter:<\/p>\n<p class=\"no_italic m-no_italic\" data-lab-italic=\"\">&#8211; Jeg har forst\u00e5else for dette med prisinformasjon. Derfor skal vi n\u00e5 finne tiltak som kan forbedre prisinformasjon i butikkene. Det er ikke alltid lett \u00e5 orientere seg i tilbud og bonusprogrammene til kjedene. Dette er et av de nye tiltakene vi har foresl\u00e5tt og vi er klare for \u00e5 gj\u00f8r mer hvis det er n\u00f8dvendig.<\/p>\n","protected":false},"excerpt":{"rendered":"Fullt oppr\u00f8r: Samfunns\u00f8konom st\u00f8tter gruppas tordentale. N\u00e5 ber de politikerne l\u00f8se problemet. \u00d8KER OG \u00d8KER: Det siste \u00e5ret&hellip;\n","protected":false},"author":2,"featured_media":25567,"comment_status":"","ping_status":"","sticky":false,"template":"","format":"standard","meta":{"footnotes":""},"categories":[10],"tags":[20,21,4070,24,25,15,22,23,1229,13,30,28,29,14,16,776,26,27],"class_list":{"0":"post-25566","1":"post","2":"type-post","3":"status-publish","4":"format-standard","5":"has-post-thumbnail","7":"category-norge","8":"tag-breaking-news","9":"tag-breakingnews","10":"tag-eldre","11":"tag-featured-news","12":"tag-featurednews","13":"tag-headlines","14":"tag-latest-news","15":"tag-latestnews","16":"tag-matpriser","17":"tag-news","18":"tag-no","19":"tag-norge","20":"tag-norway","21":"tag-nyheter","22":"tag-overskrifter","23":"tag-stortingsvalg-2025","24":"tag-top-stories","25":"tag-topstories"},"share_on_mastodon":{"url":"","error":""},"_links":{"self":[{"href":"https:\/\/www.europesays.com\/no\/wp-json\/wp\/v2\/posts\/25566","targetHints":{"allow":["GET"]}}],"collection":[{"href":"https:\/\/www.europesays.com\/no\/wp-json\/wp\/v2\/posts"}],"about":[{"href":"https:\/\/www.europesays.com\/no\/wp-json\/wp\/v2\/types\/post"}],"author":[{"embeddable":true,"href":"https:\/\/www.europesays.com\/no\/wp-json\/wp\/v2\/users\/2"}],"replies":[{"embeddable":true,"href":"https:\/\/www.europesays.com\/no\/wp-json\/wp\/v2\/comments?post=25566"}],"version-history":[{"count":0,"href":"https:\/\/www.europesays.com\/no\/wp-json\/wp\/v2\/posts\/25566\/revisions"}],"wp:featuredmedia":[{"embeddable":true,"href":"https:\/\/www.europesays.com\/no\/wp-json\/wp\/v2\/media\/25567"}],"wp:attachment":[{"href":"https:\/\/www.europesays.com\/no\/wp-json\/wp\/v2\/media?parent=25566"}],"wp:term":[{"taxonomy":"category","embeddable":true,"href":"https:\/\/www.europesays.com\/no\/wp-json\/wp\/v2\/categories?post=25566"},{"taxonomy":"post_tag","embeddable":true,"href":"https:\/\/www.europesays.com\/no\/wp-json\/wp\/v2\/tags?post=25566"}],"curies":[{"name":"wp","href":"https:\/\/api.w.org\/{rel}","templated":true}]}}