{"id":256037,"date":"2026-06-03T21:23:46","date_gmt":"2026-06-03T21:23:46","guid":{"rendered":"https:\/\/www.europesays.com\/no\/256037\/"},"modified":"2026-06-03T21:23:46","modified_gmt":"2026-06-03T21:23:46","slug":"kjendis-tv-her-er-deltakerne-i-hostens-sesong-av-forraeder","status":"publish","type":"post","link":"https:\/\/www.europesays.com\/no\/256037\/","title":{"rendered":"Kjendis, Tv | Her er deltakerne i h\u00f8stens sesong av \u00abForr\u00e6der\u00bb"},"content":{"rendered":"\n<p>I \u00abForr\u00e6der\u00bb st\u00e5r overraskelsene i k\u00f8 n\u00e5r spillmester Mads Hansen inviterer 23 nye spillere til Midt\u00e5sen.<\/p>\n<p>\u00c5rets sesong byr nemlig p\u00e5 nye, skumle tvister, spektakul\u00e6r jakt p\u00e5 s\u00f8lv og hemmelige oppdrag som virkelig setter b\u00e5de de lojale og forr\u00e6derne p\u00e5 pr\u00f8ve.<\/p>\n<p>Jakten p\u00e5 forr\u00e6derne er straks i gang. Vanskelighetsgraden er skrudd opp. Men denne gangen er det ikke bare de lojale som skal finne en forr\u00e6der:<\/p>\n<p>Det skal ogs\u00e5 seerne!<\/p>\n<p>\u2013 Fjor\u00e5rets sesong av \u00abForr\u00e6der\u00bb var den mest sette sesongen noensinne, og fikk ogs\u00e5 Gullruten for \u00abBeste konkurransedrevne reality\u00bb. N\u00e5 gleder vi oss til en ny sesong \u2013 hvor ogs\u00e5 seerne inviteres med p\u00e5 jakten. Det blir selvf\u00f8lgelig flere nye elementer \u2013 hvor vi blant annet introduserer en helt ny rolle i programmet, forteller programredakt\u00f8r i TV 2, Trygve R\u00f8nningen.<\/p>\n<p>H\u00f8stens sesong byr ogs\u00e5 p\u00e5 et par lokale innslag.<\/p>\n<p>Sportskommentator Marius Skjelb\u00e6k (35) fra Ottestad er med, i tillegg til den tidligere Hamar-l\u00e6reren og samfunnsdebattanten Sanna Sarromaa (46).<\/p>\n<p>\u2013 I min jobb handler det jo jevnt over om \u00e5 formidle virkelighet. Da kan du ikke drive med s\u00e5 mye bl\u00f8ff, s\u00e5 kanskje det er det som lokker litt, sier Skjelb\u00e6k til <a href=\"https:\/\/www.tv2.no\/underholdning\/her-er-arets-forraeder-deltakere\/18901423\/\" rel=\"Follow nofollow noopener\" target=\"_blank\">TV 2<\/a>.<\/p>\n<p>   <img decoding=\"async\" width=\"3800\" height=\"2535\" fetchpriority=\"low\"  loading=\"lazy\"  src=\"https:\/\/www.europesays.com\/no\/wp-content\/uploads\/2026\/06\/5697da77-1207-402f-b51b-bf82788f2996.jpg\" alt=\"TV 2 Forr\u00e6der sesong 6. Foto: Espen Solli\" class=\"brick-c-cFOWSL\" style=\"--brick-image-ratio: 3800 \/ 2535;\"\/><\/p>\n<p>      Marius Skjelb\u00e6k fra Ottestad er klar!<br \/>\n      Foto: Espen Solli\/TV2\n    <\/p>\n<p>Sarromaa p\u00e5 sin side tror den st\u00f8rste utfordringen blir det sosiale.<\/p>\n<p>\u2013 Mitt sosiale batteri g\u00e5r veldig fort tomt.<\/p>\n<p>Hun har derfor pakket kofferten med b\u00f8ker, dagbok og brevpapir, og ser nesten like mye frem til alenetiden som selve spillet, if\u00f8lge TV 2.<\/p>\n<p>   <img decoding=\"async\" width=\"3800\" height=\"2535\" fetchpriority=\"low\"  loading=\"lazy\"  src=\"https:\/\/www.europesays.com\/no\/wp-content\/uploads\/2026\/06\/fbb2e1bb-5dda-436e-a096-11b59d8e2ed0.jpg\" alt=\"TV 2 Forr\u00e6der sesong 6. Foto: Espen Solli\" class=\"brick-c-cFOWSL\" style=\"--brick-image-ratio: 3800 \/ 2535;\"\/><\/p>\n<p>      Den tidligere Hamar-l\u00e6reren og samfunnsdebattanten Sanna Sarromaa er ogs\u00e5 med i h\u00f8stens sesong av \u00abForr\u00e6der\u00bb.<br \/>\n      Foto: Espen Solli\/TV2\n    <\/p>\n<p>  Her er deltakerne<\/p>\n","protected":false},"excerpt":{"rendered":"I \u00abForr\u00e6der\u00bb st\u00e5r overraskelsene i k\u00f8 n\u00e5r spillmester Mads Hansen inviterer 23 nye spillere til Midt\u00e5sen. \u00c5rets sesong&hellip;\n","protected":false},"author":2,"featured_media":256038,"comment_status":"","ping_status":"","sticky":false,"template":"","format":"standard","meta":{"footnotes":"","_share_on_mastodon":"0"},"categories":[58],"tags":[36,71,1552,479,30,28,29,14,15046,1551,1510,207,72],"class_list":["post-256037","post","type-post","status-publish","format-standard","has-post-thumbnail","category-underholdning","tag-art","tag-entertainment","tag-hamar","tag-kjendis","tag-no","tag-norge","tag-norway","tag-nyheter","tag-ottestad","tag-stange","tag-story","tag-tv","tag-underholdning"],"share_on_mastodon":{"url":"https:\/\/pubeurope.com\/@no\/116688283948819441","error":""},"_links":{"self":[{"href":"https:\/\/www.europesays.com\/no\/wp-json\/wp\/v2\/posts\/256037","targetHints":{"allow":["GET"]}}],"collection":[{"href":"https:\/\/www.europesays.com\/no\/wp-json\/wp\/v2\/posts"}],"about":[{"href":"https:\/\/www.europesays.com\/no\/wp-json\/wp\/v2\/types\/post"}],"author":[{"embeddable":true,"href":"https:\/\/www.europesays.com\/no\/wp-json\/wp\/v2\/users\/2"}],"replies":[{"embeddable":true,"href":"https:\/\/www.europesays.com\/no\/wp-json\/wp\/v2\/comments?post=256037"}],"version-history":[{"count":0,"href":"https:\/\/www.europesays.com\/no\/wp-json\/wp\/v2\/posts\/256037\/revisions"}],"wp:featuredmedia":[{"embeddable":true,"href":"https:\/\/www.europesays.com\/no\/wp-json\/wp\/v2\/media\/256038"}],"wp:attachment":[{"href":"https:\/\/www.europesays.com\/no\/wp-json\/wp\/v2\/media?parent=256037"}],"wp:term":[{"taxonomy":"category","embeddable":true,"href":"https:\/\/www.europesays.com\/no\/wp-json\/wp\/v2\/categories?post=256037"},{"taxonomy":"post_tag","embeddable":true,"href":"https:\/\/www.europesays.com\/no\/wp-json\/wp\/v2\/tags?post=256037"}],"curies":[{"name":"wp","href":"https:\/\/api.w.org\/{rel}","templated":true}]}}