{"id":256173,"date":"2026-06-04T04:17:17","date_gmt":"2026-06-04T04:17:17","guid":{"rendered":"https:\/\/www.europesays.com\/no\/256173\/"},"modified":"2026-06-04T04:17:17","modified_gmt":"2026-06-04T04:17:17","slug":"olavsvern-forsvaret-forlik-pa-stortinget-olavsvern-skal-utredes-pa-nytt","status":"publish","type":"post","link":"https:\/\/www.europesays.com\/no\/256173\/","title":{"rendered":"Olavsvern, Forsvaret | Forlik p\u00e5 Stortinget: Olavsvern skal utredes p\u00e5 nytt"},"content":{"rendered":"\n<p> Enigheten betyr betydelig mer penger til forsvar \u2013 og en ny gjennomgang av Olavsverns fremtid.<\/p>\n<p>Sp\u00f8rsm\u00e5let om marinebasen utenfor Troms\u00f8 har skapt stor debatt.<\/p>\n<p><b>I det nye forliket er partiene n\u00e5 enige om at det skal gjennomf\u00f8res en ny analyse av behovet for \u00e5 bruke anlegget til forsvarsform\u00e5l. <\/b><\/p>\n<p>Analysen skal legges frem v\u00e5ren 2027.<\/p>\n<p>Det skriver <a href=\"https:\/\/www.forsvarsforeningen.no\/nyheter\/stortinget-reverserer-flere-av-regjeringens-forsvarskutt\/\" rel=\"Follow nofollow noopener\" target=\"_blank\">Forsvarsforeningen.no.<\/a><\/p>\n<p>Milliardopptrapping<\/p>\n<p>Totalt \u00f8kes den ekstraordin\u00e6re oppbyggingen av Forsvaret med ytterligere 6,15 milliarder kroner frem mot 2036, sammenlignet med regjeringens opprinnelige plan. Den totale rammen blir dermed p\u00e5 1,854 milliarder kroner.<\/p>\n<p>Opposisjonen har f\u00e5tt gjennomslag for \u00e5 reversere flere omstridte grep:<\/p>\n<ul>\n<li>Luftvern og helikoptre fremskyndes: Innfasingen av langtrekkende luftvern skal starte fra 2029, og nye helikoptre til H\u00e6ren fremskyndes til 2030.<\/li>\n<li>Mer til drift og Heimevernet: Det settes av fem milliarder kroner mer til trening og \u00f8ving frem mot 2036. Regjeringens foresl\u00e5tte kutt i Heimevernet skrinlegges, og HV styrkes i stedet med 500 millioner kroner til utstyr og teknologi.<\/li>\n<li>Massiv dronesatsing: Det spytter inn 2,95 milliarder kroner ekstra til droner og elektronisk krigf\u00f8ring.<\/li>\n<\/ul>\n<p>Ingen omkamp<\/p>\n<p>Hoveddelen av regjeringens opprinnelige plan \u2013 med satsing p\u00e5 fregatter, ub\u00e5ter og Finnmarksbrigaden \u2013 st\u00e5r fast. <\/p>\n<p>Det blir ingen omkamp om den overordnede forsvarsstrukturen, men forliket retter opp i punktene som har m\u00f8tt sterkest motstand p\u00e5 Stortinget.<\/p>\n","protected":false},"excerpt":{"rendered":"Enigheten betyr betydelig mer penger til forsvar \u2013 og en ny gjennomgang av Olavsverns fremtid. Sp\u00f8rsm\u00e5let om marinebasen&hellip;\n","protected":false},"author":2,"featured_media":256174,"comment_status":"","ping_status":"","sticky":false,"template":"","format":"standard","meta":{"footnotes":"","_share_on_mastodon":"0"},"categories":[10],"tags":[36,20,21,24,25,1903,15,22,23,13,30,28,29,14,498,16,3166,1510,26,27],"class_list":["post-256173","post","type-post","status-publish","format-standard","has-post-thumbnail","category-norge","tag-art","tag-breaking-news","tag-breakingnews","tag-featured-news","tag-featurednews","tag-forsvaret","tag-headlines","tag-latest-news","tag-latestnews","tag-news","tag-no","tag-norge","tag-norway","tag-nyheter","tag-olavsvern","tag-overskrifter","tag-regjeringen","tag-story","tag-top-stories","tag-topstories"],"share_on_mastodon":{"url":"https:\/\/pubeurope.com\/@no\/116689911712643201","error":""},"_links":{"self":[{"href":"https:\/\/www.europesays.com\/no\/wp-json\/wp\/v2\/posts\/256173","targetHints":{"allow":["GET"]}}],"collection":[{"href":"https:\/\/www.europesays.com\/no\/wp-json\/wp\/v2\/posts"}],"about":[{"href":"https:\/\/www.europesays.com\/no\/wp-json\/wp\/v2\/types\/post"}],"author":[{"embeddable":true,"href":"https:\/\/www.europesays.com\/no\/wp-json\/wp\/v2\/users\/2"}],"replies":[{"embeddable":true,"href":"https:\/\/www.europesays.com\/no\/wp-json\/wp\/v2\/comments?post=256173"}],"version-history":[{"count":0,"href":"https:\/\/www.europesays.com\/no\/wp-json\/wp\/v2\/posts\/256173\/revisions"}],"wp:featuredmedia":[{"embeddable":true,"href":"https:\/\/www.europesays.com\/no\/wp-json\/wp\/v2\/media\/256174"}],"wp:attachment":[{"href":"https:\/\/www.europesays.com\/no\/wp-json\/wp\/v2\/media?parent=256173"}],"wp:term":[{"taxonomy":"category","embeddable":true,"href":"https:\/\/www.europesays.com\/no\/wp-json\/wp\/v2\/categories?post=256173"},{"taxonomy":"post_tag","embeddable":true,"href":"https:\/\/www.europesays.com\/no\/wp-json\/wp\/v2\/tags?post=256173"}],"curies":[{"name":"wp","href":"https:\/\/api.w.org\/{rel}","templated":true}]}}