{"id":256337,"date":"2026-06-04T07:00:12","date_gmt":"2026-06-04T07:00:12","guid":{"rendered":"https:\/\/www.europesays.com\/no\/256337\/"},"modified":"2026-06-04T07:00:12","modified_gmt":"2026-06-04T07:00:12","slug":"hemmelig-buffer-og-kaos-i-okonomien-slik-gikk-ski-vm-i-trondheim-galt","status":"publish","type":"post","link":"https:\/\/www.europesays.com\/no\/256337\/","title":{"rendered":"Hemmelig buffer og kaos i \u00f8konomien: Slik gikk ski-VM i Trondheim galt"},"content":{"rendered":"\n<ul class=\"_list_145nj_3 _list_64s2r_85 _unordered_145nj_106 text-sans-m\">\n<li class=\"_item_145nj_30\">Trondheim kommunes evaluering av ski-VM avsl\u00f8rer \u00f8konomisk kaos.<\/li>\n<li class=\"_item_145nj_30\">Hemmelig bufferkonto og d\u00e5rlig budsjettstyring preget arrangementet.<\/li>\n<li class=\"_item_145nj_30\">VM-selskapet manglet kompetanse og kontroll.<\/li>\n<li class=\"_item_145nj_30\">Billetsalg og VIP-salg sviktet, med mange gratisbilletter delt ut.<\/li>\n<li class=\"_item_145nj_30\">Rapporten kritiserer VM-sjef \u00c5ge Skinstad og styret for manglende konflikth\u00e5ndtering.<\/li>\n<\/ul>\n<p>Vis mer <\/p>\n<p class=\"_paragraph_145nj_4 _paragraph_6fko5_10 layout-component text-serif-m layout-normal text-serif-m layout-padded\">Et underskudd p\u00e5 44 millioner kroner. Slik endte folkefesten for snart halvannet \u00e5r siden.<\/p>\n<p class=\"_paragraph_145nj_4 _paragraph_6fko5_10 layout-component text-serif-m layout-normal text-serif-m layout-padded\">I dag kom resultatet av den kommunale granskingen som har p\u00e5g\u00e5tt i flere m\u00e5neder.<\/p>\n<p class=\"_paragraph_145nj_4 _paragraph_6fko5_10 layout-component text-serif-m layout-normal text-serif-m layout-padded\">Rapporten er ikke lystig lesning for arrang\u00f8rene av skifesten i Gran\u00e5sen for 15 m\u00e5neder siden. Blant konklusjonene er f\u00f8lgende:<\/p>\n<ul class=\"_list_145nj_3 _list_6fko5_9 _unordered_145nj_106 layout-component text-serif-m layout-normal text-serif-m layout-padded\">\n<li class=\"_item_145nj_30\">VM-budsjettet manglet if\u00f8lge den kommunale granskingen realisme<\/li>\n<li class=\"_item_145nj_30\">Trondheim kommune mener det manglet \u00e5penhetskultur i VM-selskapet<\/li>\n<li class=\"_item_145nj_30\">Ansatte snakker om en hemmelig buffer i millionklassen i VM-budsjettet. Men summene spriker og er uklare.<\/li>\n<li class=\"_item_145nj_30\">VM-selskapet anklages for \u00e5 mangle kompetanse<\/li>\n<li class=\"_item_145nj_30\">VM-sjef \u00c5ge Skinstad anklages for \u00e5 vike unna konflikter<\/li>\n<li class=\"_item_145nj_30\">Styret i VM-selskapet manglet kontroll underveis i arbeidet med VM<\/li>\n<\/ul>\n<p class=\"_paragraph_145nj_4 _paragraph_6fko5_10 layout-component text-serif-m layout-normal text-serif-m layout-padded\">\u2013 \u00d8konomifunksjonen i selskapet var underbemannet. Dette, kombinert med at enkelte medarbeidere satt med alt for mange oppgaver, skapte flaskehalser i beslutningsprosessene. Selskapet kom sent i gang p\u00e5 flere omr\u00e5der, og det sterke tidspresset mot slutten f\u00f8rte til at mange innkj\u00f8p ble un\u00f8dvendig dyre. Blant annet ser vi dette i sene innkj\u00f8p av provisorier som sm\u00f8rekontainere ga store merkostnader, sier revisjonsdirekt\u00f8r Per Olav Nilsen.<\/p>\n<p class=\"_paragraph_145nj_4 _paragraph_6fko5_10 layout-component text-serif-m layout-normal text-serif-m layout-padded\">Eksemplene p\u00e5 mangler er mange i den over 100 sider lange rapporten som VG har lest.<\/p>\n<p class=\"_paragraph_145nj_4 _paragraph_6fko5_10 layout-component text-serif-m layout-normal text-serif-m layout-padded\">Der heter det blant annet:<\/p>\n<p class=\"_paragraph_145nj_4 _paragraph_6fko5_10 layout-component text-serif-m layout-normal text-serif-m layout-padded\">\u00abVi har f\u00e5tt opplyst at operativ leder hadde 400\u2013500 uh\u00e5ndterte fakturaer i innboksen sin rett etter arrangementet\u00bb.<\/p>\n<p class=\"_paragraph_145nj_4 _paragraph_6fko5_10 layout-component text-serif-m layout-normal text-serif-m layout-padded\">Personen som er omtalt som \u00aboperativ leder\u00bb her, er if\u00f8lge VGs opplysninger nestsjef i VM-organisasjonen, Kristin M\u00fcrer Stemland.<\/p>\n<p class=\"_paragraph_145nj_4 _paragraph_6fko5_10 layout-component text-serif-m layout-normal text-serif-m layout-padded\">Hun skal overfor granskerne ha sagt at fakturaene var kostnader man hadde kontroll p\u00e5, og at de stammet fra en periode lenge f\u00f8r VM.<\/p>\n<p><img decoding=\"async\" alt=\"Bilde av Kristin M\u00fcrer Stemland\" class=\"_image_148z4_25\" height=\"41\" itemprop=\"image\" loading=\"lazy\"  src=\"https:\/\/www.europesays.com\/no\/wp-content\/uploads\/2026\/06\/db23aca5-79e7-331c-a8bd-2b1d197c9e8d.jpeg\"  width=\"40\"\/><strong class=\"_name_148z4_34 title-serif-xs\">Kristin M\u00fcrer Stemland<\/strong><\/p>\n<p class=\"_paragraph_145nj_4 text-sans-m _description_148z4_39\">Nestsjef i ski-VM.<\/p>\n<p class=\"_paragraph_145nj_4 _paragraph_6fko5_10 layout-component text-serif-m layout-normal text-serif-m layout-padded\">I rapporten som blir publisert i dag, fremkommer det likevel at ikke alle var berolighet:<\/p>\n<p class=\"_paragraph_145nj_4 _paragraph_6fko5_10 layout-component text-serif-m layout-normal text-serif-m layout-padded\">\u00ab\u00d8konomisjefen opplyser at hen p\u00e5 forh\u00e5nd advarte om dette, og p\u00e5pekte hvor viktig det var at fakturaer ble behandlet for \u00e5 unng\u00e5 purringer og inkassovarsler\u00bb, st\u00e5r det.<\/p>\n<p class=\"_paragraph_145nj_4 _paragraph_6fko5_10 layout-component text-serif-m layout-normal text-serif-m layout-padded\">I den ferske rapporten fremkommer det flere r\u00f8de tr\u00e5der som \u00e5rsak til de \u00f8konomiske problemene knyttet til ski-VM i 2025:<\/p>\n<ul class=\"_list_145nj_3 _list_6fko5_9 _unordered_145nj_106 layout-component text-serif-m layout-normal text-serif-m layout-padded\">\n<li class=\"_item_145nj_30\">Mange \u00f8konomiske budsjettposter hadde sitt utspring fra tilsvarende tall i ski-VM i Oslo i 2011, hele 14 \u00e5r tidligere.<\/li>\n<li class=\"_item_145nj_30\">Salg av billetter gitt tyngre enn antatt: Det ble delt ut hele 30.000 gratisbilletter og \u00abkun\u00bb solgt i underkant av 200.000 billetter. I den opprinnelige s\u00f8knaden til FIS, ble det estimert 350.000 billetter. Det var basert p\u00e5 VM i Trondheim for nesten 30 \u00e5r siden.<\/li>\n<li class=\"_item_145nj_30\">VIP-salget gikk sv\u00e6rt tregt. I rapporten st\u00e5r det blant annet: \u00abHen mener at slik forholdet til VIP har utviklet seg i samfunnsdebatten er det ikke stuerent lenger \u00e5 kj\u00f8pe seg inn p\u00e5 VIP-tilbud\u00bb.<\/li>\n<li class=\"_item_145nj_30\">Uklare avtaler mellom VM-organisasjonen og Trondheim kommune: Hvem hadde ansvaret for hva p\u00e5 arenaen?<\/li>\n<\/ul>\n<p class=\"_paragraph_145nj_4 _paragraph_6fko5_10 layout-component text-serif-m layout-normal text-serif-m layout-padded\">B\u00e5de utgifter til sikkerhet, politi og transport ble mange millioner dyrere enn budsjettert.<\/p>\n<p class=\"_paragraph_145nj_4 _paragraph_6fko5_10 layout-component text-serif-m layout-normal text-serif-m layout-padded\">Ogs\u00e5 hotell ble en kostbar aff\u00e6re for arrang\u00f8ren av ski-VM i Trondheim. Kontrakten mellom VM-arrang\u00f8ren og en av hotellkjedene var if\u00f8lge enkelte probematisk:<\/p>\n<p class=\"_paragraph_145nj_4 _paragraph_6fko5_10 layout-component text-serif-m layout-normal text-serif-m layout-padded\">Avtalen innebar nemlig at ett spesifikt hotell reserverte hele 397 rom under hele VM-perioden.<\/p>\n<p class=\"_paragraph_145nj_4 _paragraph_6fko5_10 layout-component text-serif-m layout-normal text-serif-m layout-padded\">Det var \u00e5pning for \u00e5 avbestille rom helt frem til oktober 2024, alts\u00e5 noen f\u00e5 m\u00e5neder f\u00f8r ski-VM. Dette skal imidlertid ikke ha skjedd. <\/p>\n<p class=\"_paragraph_145nj_4 _paragraph_6fko5_10 layout-component text-serif-m layout-normal text-serif-m layout-padded\">I rapporten heter det:<\/p>\n<p class=\"_paragraph_145nj_4 _paragraph_6fko5_10 layout-component text-serif-m layout-normal text-serif-m layout-padded\">\u00abHotellet tok kontakt med selskapet f\u00f8r VM og spurte om de virkelig ville leie hele hotellet, men denne henvendelsen ble ikke fulgt opp av VM-selskapet\u00bb.<\/p>\n<p class=\"_paragraph_145nj_4 _paragraph_6fko5_10 layout-component text-serif-m layout-normal text-serif-m layout-padded\">I etterkant av ski-VM i fjor, var skipresident Tove Moe Dyrhaug klar p\u00e5 at alle steiner skulle snus for \u00e5 finne svar p\u00e5 hva som gikk galt.<\/p>\n<p class=\"_paragraph_145nj_4 _paragraph_6fko5_10 layout-component text-serif-m layout-normal text-serif-m layout-padded\">Da kontrollkomiteen i Trondheim kommune deretter satte ned sin gransking, s\u00e5 valgte skiforbundet \u00e5 avvente denne. I dag foreligger konklusjonen til kommunerevisjonen i Trondheim. Der understrekes det at man ikke har hatt mandat til \u00e5 se p\u00e5 rollen til <a href=\"https:\/\/www.vg.no\/tag\/norges-skiforbund?utm_source=vg-article&amp;utm_medium=auto-tagger&amp;utm_campaign=lnvB7M\" class=\"_link_145nj_39\" rel=\"nofollow noopener\" target=\"_blank\">Norges Skiforbund<\/a>.<\/p>\n<p class=\"_paragraph_145nj_4 _paragraph_6fko5_10 layout-component text-serif-m layout-normal text-serif-m layout-padded\"><strong class=\"_strong_145nj_25\">Skiforbundet og datterselskapet S\u00f8r-Tr\u00f8ndelag skikrets sto imidlertid som eiere av 90 prosent av selskapet bak ski-VM i Trondheim.<\/strong><\/p>\n<p class=\"_paragraph_145nj_4 _paragraph_6fko5_10 layout-component text-serif-m layout-normal text-serif-m layout-padded\">VG har stilt sp\u00f8rsm\u00e5l til Tove Moe Dyrhaug om skiforbundet <strong class=\"_strong_145nj_25\">n\u00e5<\/strong> vil iverksette en gransking av seg selv. Sp\u00f8rsm\u00e5lene er ikke besvart. Skiforbundet \u00f8nsker if\u00f8lge kommunikasjonssjef Espen Graff \u00e5 lese rapporten VG i dag omtaler f\u00f8rst.<\/p>\n<p class=\"_paragraph_145nj_4 _paragraph_6fko5_10 layout-component text-serif-m layout-normal text-serif-m layout-padded\">I rapporten fremst\u00e5r \u00f8konomistyringen som et salig kaos. VM-sjef \u00c5ge Skinstad anklages av enkelte av de 49 personene som er intervjuet for \u00e5 skygge unna konflikter. VM-styret, anf\u00f8rt av styreleder \u00c5sne Havnelid, skal ha manglet kontroll og stilt for f\u00e5 sp\u00f8rsm\u00e5l.<\/p>\n<p class=\"_paragraph_145nj_4 _paragraph_6fko5_10 layout-component text-serif-m layout-normal text-serif-m layout-padded\">\u00abRevisjonen mener budsjettet som VM-selskapet styrte etter b\u00e5de var ufullstendig og manglet realisme p\u00e5 flere omr\u00e5der. Gjennomgangen av \u00f8konomien i selskapet viser at flere kostnadselementer enten var utelatt eller beregnet for lavt b\u00e5de i budsjettet og senere prognoser\u00bb, heter det.<\/p>\n<p><img decoding=\"async\" alt=\"Bilde av Tause-Tove\" class=\"_image_148z4_25\" height=\"27\" itemprop=\"image\" loading=\"lazy\"  src=\"https:\/\/www.europesays.com\/no\/wp-content\/uploads\/2026\/06\/531aa804-7ed9-37d3-9dba-dfaa1a7792c2.jpeg\"  width=\"40\"\/><strong class=\"_name_148z4_34 title-serif-xs\">Tause-Tove<\/strong><\/p>\n<p class=\"_paragraph_145nj_4 text-sans-m _description_148z4_39\">Tove Moe Dyrhaug, avtroppende skipresident<\/p>\n<p class=\"_paragraph_145nj_4 _paragraph_6fko5_10 layout-component text-serif-m layout-normal text-serif-m layout-padded\">\u00d8konomisjefen i ski-VM, som senere ble sykemeldt, er sitert p\u00e5 f\u00f8lgende i rapporten:<\/p>\n<p class=\"_paragraph_145nj_4 _paragraph_6fko5_10 layout-component text-serif-m layout-normal text-serif-m layout-padded\">\u00abHen mistenker at b\u00e5de ledelsen og styret var for \u201cforelsket\u201d i prosjektet til \u00e5 utfordre hverandre skikkelig p\u00e5 de \u00f8konomiske farene\u00bb.<\/p>\n<p class=\"_paragraph_145nj_4 _paragraph_6fko5_10 layout-component text-serif-m layout-normal text-serif-m layout-padded\">VM-sjef \u00c5ge Skinstad er nevnt en rekke ganger i rapporten, uten at det brukes navn:<\/p>\n<p class=\"_paragraph_145nj_4 _paragraph_6fko5_10 layout-component text-serif-m layout-normal text-serif-m layout-padded\">\u00abFlere ansatte i selskapet sier at VM-sjefen (Skinstad, journ. anm.) ikke var detaljorientert og manglet fokus p\u00e5 det interne og \u00f8konomiske. Han deltok ikke i de m\u00e5nedlige oppf\u00f8lgingsm\u00f8tene om \u00f8konomi. Noen opplevde at VM-sjefen ikke tok tak i konflikter. Styreleder\u00a0 (Havnelid, journ. anm.) uttaler i etterkant til revisjonen at VM-sjefen nok har stolt for mye p\u00e5 organisasjonen\u00bb.<\/p>\n<p class=\"_paragraph_145nj_4 _paragraph_6fko5_10 layout-component text-serif-m layout-normal text-serif-m layout-padded\">Mens Norges Skiforbund slipper kritikk i rapporten, fordi granskerne ikke har hatt mandat til \u00e5 unders\u00f8ke forbundet, s\u00e5 er situasjonen en annen for Trondheim kommune. <\/p>\n<p class=\"_paragraph_145nj_4 _paragraph_6fko5_10 layout-component text-serif-m layout-normal text-serif-m layout-padded\">Det er likevel aksjeselskapet bak ski-VM &#8211; og <strong class=\"_strong_145nj_25\">ikke<\/strong> kommunen &#8211; som f\u00e5r gjennomg\u00e5 mest.<\/p>\n<p class=\"_paragraph_145nj_4 _paragraph_6fko5_10 layout-component text-serif-m layout-normal text-serif-m layout-padded\">Om Trondheim kommune st\u00e5r det blant annet at det var et skifte fra den tiden Arbeiderpartiet styrte byen, ved Rita Ottervik, og til h\u00f8yresiden tok over h\u00f8sten 2023:<\/p>\n<p class=\"_paragraph_145nj_4 _paragraph_6fko5_10 layout-component text-serif-m layout-normal text-serif-m layout-padded\">\u00abVM-sjefen (\u00c5ge Skinstad, journ. anm.) sier at kommunen f\u00f8r valget hadde fokus p\u00e5 \u00e5 levere et VM i tr\u00e5d med avtalene, mens fokuset etter valget var p\u00e5 \u00e5 holde seg innenfor en vedtatt budsjettramme. Andre i ledergruppa i VM-selskapet opplevde ogs\u00e5 mer motstand etter de politiske endringene i kommunen\u00bb.<\/p>\n<p><img alt=\"VM-LEDERE: Styreleder \u00c5sne Havnelid og VM-sjef \u00c5ge Skinstad.  Foto: Ole Martin Wold  \/ VG\" class=\"_image_jw3bv_65 layout-component layout-normal\" data-fullscreen- data-track-element-type=\"Article image fullscreen\" data-track-name=\"ImageFullscreen\" decoding=\"async\" loading=\"lazy\" height=\"3911\" itemprop=\"image\"  src=\"https:\/\/www.europesays.com\/no\/wp-content\/uploads\/2026\/06\/0e5824af-7147-3269-ab7c-5725851ebf2c.jpeg\"  style=\"object-position:0% 0%\" width=\"5866\"\/>VM-LEDERE: Styreleder \u00c5sne Havnelid og VM-sjef \u00c5ge Skinstad.  Foto: Ole Martin Wold  \/ VG<\/p>\n<p class=\"_paragraph_145nj_4 _paragraph_6fko5_10 layout-component text-serif-m layout-normal text-serif-m layout-padded\">Sprikene mellom tall i budsjett og regnskap er mange i rapporten som legges frem i Trondheim torsdag formiddag. Differansene er i millionklassen p\u00e5 omr\u00e5der som sikkerhet, transport og s\u00e5kalt \u00abhospitality\u00bb.<\/p>\n<p class=\"_paragraph_145nj_4 _paragraph_6fko5_10 layout-component text-serif-m layout-normal text-serif-m layout-padded\">Likevel ble det if\u00f8lge den ferske rapporten operert med en hemmelig buffer.<\/p>\n<p class=\"_paragraph_145nj_4 _paragraph_6fko5_10 layout-component text-serif-m layout-normal text-serif-m layout-padded\">Den spriker ogs\u00e5 i alle retninger:<\/p>\n<p class=\"_paragraph_145nj_4 _paragraph_6fko5_10 layout-component text-serif-m layout-normal text-serif-m layout-padded\">\u00abDet er ulike oppfatninger om hvor mange og hvor store \u00f8konomiske reserver det var i VM-budsjettet\u00bb, st\u00e5r det.<\/p>\n<p class=\"_paragraph_145nj_4 _paragraph_6fko5_10 layout-component text-serif-m layout-normal text-serif-m layout-padded\">F\u00f8rst skal det ha v\u00e6rt en reserve i VM-budsjettet p\u00e5 17 millioner kroner. 13 av disse millionene skal imidlertid ha blitt brukt i juni 2024.<\/p>\n<p class=\"_paragraph_145nj_4 _paragraph_6fko5_10 layout-component text-serif-m layout-normal text-serif-m layout-padded\">Rapporten skriver likevel at operativ leder &#8211; alts\u00e5 Kristin M\u00fcrer Stemland &#8211; i tillegg opererte med en buffer p\u00e5 10 millioner kroner som var bakt inn i administrasjonsbudsjettet som bare hun og \u00f8konomisjefen hadde kjennskap til.<\/p>\n<p class=\"_paragraph_145nj_4 _paragraph_6fko5_10 layout-component text-serif-m layout-normal text-serif-m layout-padded\">I rapporten som VG har lest, st\u00e5r det deretter:<\/p>\n<p class=\"_paragraph_145nj_4 _paragraph_6fko5_10 layout-component text-serif-m layout-normal text-serif-m layout-padded\">\u00abStyreleder (\u00c5sne Havnelid, journ. anm.) opplyser at hun ikke kjenner til noen buffer p\u00e5 10 millioner, men at det var en buffer p\u00e5 19 millioner kroner som bare hun og \u00f8konomisjefen visste om. VM-sjefen (Skinstad, journ. anm.) bekrefter ogs\u00e5 at han hadde h\u00f8rt om denne bufferen p\u00e5 19 millioner kroner. If\u00f8lge \u00f8konomisjefen var det \u00e9n hemmelig buffer p\u00e5 14 millioner, som kun var kjent for \u00f8konomisjefen, styreleder og operativ leder\u00bb.<\/p>\n<p class=\"_paragraph_145nj_4 _paragraph_6fko5_10 layout-component text-serif-m layout-normal text-serif-m layout-padded\">VM-selskapet bak ski-VM i Trondheim var eid 60 prosent av Norges Skiforbund, 30 prosent av S\u00f8r-Tr\u00f8ndelag skikrets og 10 prosent av Trondheim kommune.<\/p>\n<p class=\"_paragraph_145nj_4 _paragraph_6fko5_10 layout-component text-serif-m layout-normal text-serif-m layout-padded\">B\u00e5de VM-sjef og styreleder ble byttet ut flere \u00e5r f\u00f8r ski-VM \u00e5pnet i februar 2025. Det gjorde at det hele kom skjevt ut fra hoppkanten, if\u00f8lge flere av dem granskerne har intervjuet.<\/p>\n<p><img alt=\"Foto: Gorm Kallestad \/ NTB\" class=\"_image_jw3bv_65 layout-component layout-normal\" data-fullscreen- data-track-element-type=\"Article image fullscreen\" data-track-name=\"ImageFullscreen\" decoding=\"async\" loading=\"lazy\" height=\"2606\" itemprop=\"image\"  src=\"https:\/\/www.europesays.com\/no\/wp-content\/uploads\/2026\/06\/a8c46c1a-0683-37e0-9f9f-50a9beffb2ed.jpeg\"  style=\"object-position:0% 0%\" width=\"3909\"\/>Foto: Gorm Kallestad \/ NTB<\/p>\n<p class=\"_paragraph_145nj_4 _paragraph_6fko5_10 layout-component text-serif-m layout-normal text-serif-m layout-padded\">Feilansettelser skal ogs\u00e5 ha v\u00e6rt del av problemene. I den ferske rapporten st\u00e5r det blant annet:<\/p>\n<p class=\"_paragraph_145nj_4 _paragraph_6fko5_10 layout-component text-serif-m layout-normal text-serif-m layout-padded\">\u00abFlere av v\u00e5re informanter, b\u00e5de fra VM-selskapet og eierne, mener at det ble for mange ansatte i starten. Arrangementssjefen i Skiforbundet mener at det var alt for mange ansatte det f\u00f8rste \u00e5ret, og lite ble produsert. Kommunaldirekt\u00f8r for finans er av samme oppfatning.<\/p>\n<p class=\"_paragraph_145nj_4 _paragraph_6fko5_10 layout-component text-serif-m layout-normal text-serif-m layout-padded\">Og senere:<\/p>\n<p class=\"_paragraph_145nj_4 _paragraph_6fko5_10 layout-component text-serif-m layout-normal text-serif-m layout-padded\">\u00abMange av informantene mener at feilansettelser og h\u00f8y turnover f\u00f8rte til at selskapet mistet verdifull tid i starten\u00bb.<\/p>\n<p class=\"_paragraph_145nj_4 _paragraph_6fko5_10 layout-component text-serif-m layout-normal text-serif-m layout-padded\">Det hele endte med en to uker lang folkefest.<\/p>\n<p class=\"_paragraph_145nj_4 _paragraph_6fko5_10 layout-component text-serif-m layout-normal text-serif-m layout-padded\"><strong class=\"_strong_145nj_25\">Og et underskudd p\u00e5 44 millioner koner.<\/strong><\/p>\n","protected":false},"excerpt":{"rendered":"Trondheim kommunes evaluering av ski-VM avsl\u00f8rer \u00f8konomisk kaos. Hemmelig bufferkonto og d\u00e5rlig budsjettstyring preget arrangementet. VM-selskapet manglet kompetanse&hellip;\n","protected":false},"author":2,"featured_media":256338,"comment_status":"","ping_status":"","sticky":false,"template":"","format":"standard","meta":{"footnotes":"","_share_on_mastodon":"0"},"categories":[59],"tags":[2440,30,28,642,29,356,83,82],"class_list":["post-256337","post","type-post","status-publish","format-standard","has-post-thumbnail","category-sport","tag-idrettspolitikk","tag-no","tag-norge","tag-norges-skiforbund","tag-norway","tag-ski-vm","tag-sport","tag-sports"],"share_on_mastodon":{"url":"https:\/\/pubeurope.com\/@no\/116690552675373935","error":""},"_links":{"self":[{"href":"https:\/\/www.europesays.com\/no\/wp-json\/wp\/v2\/posts\/256337","targetHints":{"allow":["GET"]}}],"collection":[{"href":"https:\/\/www.europesays.com\/no\/wp-json\/wp\/v2\/posts"}],"about":[{"href":"https:\/\/www.europesays.com\/no\/wp-json\/wp\/v2\/types\/post"}],"author":[{"embeddable":true,"href":"https:\/\/www.europesays.com\/no\/wp-json\/wp\/v2\/users\/2"}],"replies":[{"embeddable":true,"href":"https:\/\/www.europesays.com\/no\/wp-json\/wp\/v2\/comments?post=256337"}],"version-history":[{"count":0,"href":"https:\/\/www.europesays.com\/no\/wp-json\/wp\/v2\/posts\/256337\/revisions"}],"wp:featuredmedia":[{"embeddable":true,"href":"https:\/\/www.europesays.com\/no\/wp-json\/wp\/v2\/media\/256338"}],"wp:attachment":[{"href":"https:\/\/www.europesays.com\/no\/wp-json\/wp\/v2\/media?parent=256337"}],"wp:term":[{"taxonomy":"category","embeddable":true,"href":"https:\/\/www.europesays.com\/no\/wp-json\/wp\/v2\/categories?post=256337"},{"taxonomy":"post_tag","embeddable":true,"href":"https:\/\/www.europesays.com\/no\/wp-json\/wp\/v2\/tags?post=256337"}],"curies":[{"name":"wp","href":"https:\/\/api.w.org\/{rel}","templated":true}]}}