{"id":256725,"date":"2026-06-04T14:21:49","date_gmt":"2026-06-04T14:21:49","guid":{"rendered":"https:\/\/www.europesays.com\/no\/256725\/"},"modified":"2026-06-04T14:21:49","modified_gmt":"2026-06-04T14:21:49","slug":"markedet-holdes-tilbake-e24","status":"publish","type":"post","link":"https:\/\/www.europesays.com\/no\/256725\/","title":{"rendered":"Markedet holdes tilbake \u2013 E24"},"content":{"rendered":"\n<p class=\"_textTheme_1yhmn_1 _lead_172ys_2 _lead_qg7rf_18 layout-component layout-wide layout-padded _lead_o6m9k_5 body-large _wide_o6m9k_9\">Nordisk finansn\u00e6ring holdes tilbake av nasjonale s\u00e6rregler og det er kundene som betaler prisen.<\/p>\n<p>   <a href=\"https:\/\/e24.no\/forfatter\/jan-erik-saugestad\" title=\"Jan Erik Saugestad\" rel=\"nofollow noopener\" target=\"_blank\"> <img decoding=\"async\" alt=\"Bilde av Jan Erik Saugestad\" class=\"_image_sm4dm_35\" itemprop=\"image\" loading=\"lazy\"  src=\"https:\/\/www.europesays.com\/no\/wp-content\/uploads\/2026\/06\/475fa655-f3cf-4c14-82da-d0fb735fcd6e.jpeg\"  width=\"40\"\/> <\/a>   <strong class=\"_name_sm4dm_44 title-small\"> <a href=\"https:\/\/e24.no\/forfatter\/jan-erik-saugestad\" class=\"_authorName_sm4dm_47\" rel=\"nofollow noopener\" target=\"_blank\"> Jan Erik Saugestad <\/a> <\/strong> <\/p>\n<p class=\"body-small _description_sm4dm_56\"> Leder av Storebrand Asset Management <\/p>\n<p>      <a href=\"https:\/\/e24.no\/forfatter\/odd-arild-grefstad\" title=\"Odd Arild Grefstad\" rel=\"nofollow noopener\" target=\"_blank\"> <img decoding=\"async\" alt=\"Bilde av Odd Arild Grefstad\" class=\"_image_sm4dm_35\" itemprop=\"image\" loading=\"lazy\"  src=\"https:\/\/www.europesays.com\/no\/wp-content\/uploads\/2026\/06\/7548a600-782e-4352-a035-4f7bd6b67247.jpeg\"  width=\"40\"\/> <\/a>   <strong class=\"_name_sm4dm_44 title-small\"> <a href=\"https:\/\/e24.no\/forfatter\/odd-arild-grefstad\" class=\"_authorName_sm4dm_47\" rel=\"nofollow noopener\" target=\"_blank\"> Odd Arild Grefstad <\/a> <\/strong> <\/p>\n<p class=\"body-small _description_sm4dm_56\"> Konsernsjef i Storebrand <\/p>\n<p>   <img alt=\"Odd Arild Grefstad og Jan Erik Saugestad i Storebrand.\" class=\"_image_1t4co_86 layout-component layout-wide\" data-fullscreen- data-track-element-type=\"Article image fullscreen\" data-track-name=\"ImageFullscreen\" fetchpriority=\"high\" decoding=\"sync\" loading=\"eager\" height=\"1444\" itemprop=\"image\"  src=\"https:\/\/www.europesays.com\/no\/wp-content\/uploads\/2026\/06\/71359f6b-feda-324c-89ed-c6e99a091980.jpeg\"  style=\"object-position:0% 0%\" width=\"2166\"\/>Odd Arild Grefstad og Jan Erik Saugestad i Storebrand.  Foto: Lise Eide Risanger \/ StorebrandVis mer    <\/p>\n<p class=\"_title_smwls_36\"><strong class=\"title-small bold\">Dette er en kronikk<\/strong><\/p>\n<p class=\"_textTheme_1yhmn_1 _paragraph_172ys_4 _paragraph_qg7rf_27 layout-component layout-normal\">Kronikken gir uttrykk for skribentens holdning.<\/p>\n<p class=\"_textTheme_1yhmn_1 _paragraph_172ys_4 _paragraph_qg7rf_27 layout-component layout-normal layout-padded body-medium\">Et velfungerende marked for sparing, investeringer og kapitalforvaltning er viktig for vekst og\u00a0konkurransekraft. De nordiske landene har sterke finansmarkeder, men hver for oss er vi sm\u00e5.\u00a0Samtidig er interessen for nordiske samarbeid \u00f8kende p\u00e5 flere omr\u00e5der, b\u00e5de i n\u00e6ringslivet og\u00a0ellers i samfunnet. Da er det p\u00e5fallende at finansn\u00e6ringen fortsatt preges av nasjonale\u00a0s\u00e6rregler og ulik praksis som gj\u00f8r nordisk fondsdistribusjon mer tungvint enn den burde v\u00e6re.\u00a0Det gir h\u00f8yere kostnader, mindre konkurranse og et svakere tilbud til kundene. Derfor b\u00f8r\u00a0finansdepartementer og tilsynsmyndigheter i Norden i st\u00f8rre grad samordne reglene og\u00a0prosessene som i dag st\u00e5r i veien for et bedre fungerende marked.<\/p>\n<p> <a class=\"_link_19jmd_20\" data-track-id=\"teaser:d4JmPj\" data-track-impression=\"true\" data-track-name=\"Regjeringen vil stagge bankflukten: Vil ha like kapitalkrav for alle banker i Norge\" data-track-element-size=\"small\" data-track-element-type=\"Teaser\" data-track-image-url=\"https:\/\/www.europesays.com\/no\/wp-content\/uploads\/2026\/06\/05724f99-3ec8-3ca6-84ac-515605b98e12.jpeg\" data-track-layout-name=\"image:right\" data-track-position-source=\"related-article\" href=\"https:\/\/e24.no\/boers-og-finans\/i\/d4JmPj\/regjeringen-vil-stagge-bankflukten-vil-ha-like-kapitalkrav-for-alle-banker-i-norge\" rel=\"nofollow noopener\" target=\"_blank\"><img decoding=\"async\" alt=\"\" class=\"_image_19jmd_78\" height=\"3808\" loading=\"lazy\"  src=\"https:\/\/www.europesays.com\/no\/wp-content\/uploads\/2026\/06\/05724f99-3ec8-3ca6-84ac-515605b98e12.jpeg\"  width=\"5712\"\/><\/p>\n<p class=\"label-small _kicker_19jmd_89\">Les ogs\u00e5<\/p>\n<p>Regjeringen vil stagge bankflukten: Vil ha like kapitalkrav for alle banker i Norge<\/a> <\/p>\n<p class=\"_textTheme_1yhmn_1 _paragraph_172ys_4 _paragraph_qg7rf_27 layout-component layout-normal layout-padded body-medium\">For Norge er dette s\u00e6rlig aktuelt i lys av \u00e5rets finansmarkedsmelding. Meldingen peker i riktig\u00a0retning ved \u00e5 anerkjenne behovet for bedre rammevilk\u00e5r, sterkere konkurransekraft og mer\u00a0harmonisering med EU og Norden. Men dersom dette skal f\u00e5 reell betydning, m\u00e5 oppf\u00f8lgingen bli\u00a0mer konkret og munne ut i faktiske regulatoriske forbedringer. Det er f\u00f8rst i oppf\u00f8lgingen at det vil\u00a0avgj\u00f8res om Norge faktisk lykkes med \u00e5 styrke konkurransekraften i kapitalforvaltning og\u00a0fondsmarkedet.<\/p>\n<p class=\"_textTheme_1yhmn_1 _paragraph_172ys_4 _paragraph_qg7rf_27 layout-component layout-normal layout-padded body-medium\">Til tross for at Norden ofte omtales som en integrert region, er det i praksis fortsatt krevende \u00e5 drive\u00a0grensekryssende fondsvirksomhet mellom de nordiske landene. Forskjeller i nasjonal\u00a0gjennomf\u00f8ring av felles EU-regelverk, ulik tilsynspraksis og ulike administrative krav skaper h\u00f8yere\u00a0kostnader og d\u00e5rligere skalerbarhet. For alternative investeringsfond er forskjellene enda st\u00f8rre.\u00a0Resultatet er at akt\u00f8rer ofte velger \u00e5 etablere fond i Luxembourg eller Irland, selv n\u00e5r virksomheten,\u00a0kapitalen og kundene i stor grad er nordiske.\u00a0<\/p>\n<p class=\"_textTheme_1yhmn_1 _paragraph_172ys_4 _paragraph_qg7rf_27 layout-component layout-normal layout-padded body-medium\">Det er et paradoks. Norden har b\u00e5de kapital, kompetanse og tillit nok til \u00e5 v\u00e6re en sterk europeisk\u00a0region for sparing og kapitalforvaltning. Likevel holdes markedet tilbake av nasjonale s\u00e6rregler og\u00a0manglende samordning.\u00a0<\/p>\n<p class=\"_textTheme_1yhmn_1 _paragraph_172ys_4 _paragraph_qg7rf_27 layout-component layout-normal layout-padded body-medium\">Dette handler ikke bare om rammevilk\u00e5r for en n\u00e6ring. Det handler om hva slags tilbud sparere og\u00a0investorer faktisk f\u00e5r. N\u00e5r markedet splittes opp av s\u00e6rregler og ulik praksis, blir kostnadene h\u00f8yere,\u00a0konkurransen svakere og utvalget smalere enn det trenger \u00e5 v\u00e6re. Et mer samordnet nordisk\u00a0marked ville gitt kundene flere valgmuligheter og bedre priser.\u00a0<\/p>\n<p class=\"_textTheme_1yhmn_1 _paragraph_172ys_4 _paragraph_qg7rf_27 layout-component layout-normal layout-padded body-medium\">De nordiske landene har ulike styrker i finansmarkedene. Sverige har en sterk aksjekultur og mange\u00a0b\u00f8rsnoteringer. Danmark har et konkurransedyktig pensjons- og fondsmarked. Norge har\u00a0verdensledende kapitalforvaltningskompetanse, blant annet gjennom NBIM. Finland har et\u00a0innovativt og eksportorientert n\u00e6ringsliv. Nettopp derfor er potensialet stort dersom markedene\u00a0kobles tettere sammen. Samlet kan Norden f\u00e5 st\u00f8rre tyngde i Europa og st\u00e5 sterkere i m\u00f8te med\u00a0den internasjonale konkurransen. Men da m\u00e5 Norge ogs\u00e5 s\u00f8rge for at regelverk og praksis holder\u00a0tritt med utviklingen i Sverige, Norden og EU.\u00a0<\/p>\n<p> <a class=\"_link_19jmd_20\" data-track-id=\"teaser:LM8rvV\" data-track-impression=\"true\" data-track-name=\"Fortsetter utflaggingen av norske fond\" data-track-element-size=\"small\" data-track-element-type=\"Teaser\" data-track-image-url=\"https:\/\/www.europesays.com\/no\/wp-content\/uploads\/2026\/06\/06c802e8-d907-4115-b77f-7a3de89c46fc.jpeg\" data-track-layout-name=\"image:right\" data-track-position-source=\"related-article\" href=\"https:\/\/e24.no\/boers-og-finans\/i\/LM8rvV\/fortsetter-utflaggingen-av-norske-fond\" rel=\"nofollow noopener\" target=\"_blank\"><img decoding=\"async\" alt=\"\" class=\"_image_19jmd_78\" height=\"2584\" loading=\"lazy\"  src=\"https:\/\/www.europesays.com\/no\/wp-content\/uploads\/2026\/06\/06c802e8-d907-4115-b77f-7a3de89c46fc.jpeg\"  width=\"4593\"\/><\/p>\n<p class=\"label-small _kicker_19jmd_89\">Les ogs\u00e5<\/p>\n<p>Fortsetter utflaggingen av norske fond<\/a> <\/p>\n<p class=\"_textTheme_1yhmn_1 _paragraph_172ys_4 _paragraph_qg7rf_27 layout-component layout-normal layout-padded body-medium\">Det som trengs n\u00e5, er en tydeligere nordisk integrasjonsagenda og en mer konkret norsk oppf\u00f8lging.\u00a0Det handler ikke om nye overnasjonale strukturer, men om \u00e5 fjerne praktiske barrierer og gj\u00f8re\u00a0regelverket mer sammenhengende og forutsigbart.\u00a0<\/p>\n<p class=\"_textTheme_1yhmn_1 _paragraph_172ys_4 _paragraph_qg7rf_27 layout-component layout-normal layout-padded body-medium\">I praksis b\u00f8r det bety at myndighetene i Norden samarbeider om \u00e5:<\/p>\n<p class=\"_textTheme_1yhmn_1 _paragraph_172ys_4 _paragraph_qg7rf_27 layout-component layout-normal layout-padded body-medium\">\u2022 harmonisere hvordan UCITS- og AIF-regelverk gjennomf\u00f8res i de nordiske landene <\/p>\n<p class=\"_textTheme_1yhmn_1 _paragraph_172ys_4 _paragraph_qg7rf_27 layout-component layout-normal layout-padded body-medium\">\u2022 forenkle registrering og markedsf\u00f8ring av fond p\u00e5 tvers av landegrensene\u00a0<\/p>\n<p class=\"_textTheme_1yhmn_1 _paragraph_172ys_4 _paragraph_qg7rf_27 layout-component layout-normal layout-padded body-medium\">\u2022 prioritere konkrete regulatoriske forbedringer for fondsforvaltning og distribusjon, blant\u00a0annet knyttet til fondsstrukturer, distribusjon og valutasikring\u00a0<\/p>\n<p class=\"_textTheme_1yhmn_1 _paragraph_172ys_4 _paragraph_qg7rf_27 layout-component layout-normal layout-padded body-medium\">M\u00e5let b\u00f8r v\u00e6re enkelt og konkret: Det skal v\u00e6re like lett \u00e5 distribuere og forvalte fond mellom Oslo,\u00a0Stockholm, K\u00f8benhavn og Helsinki som det i dag er fra Luxembourg og ut i Europa.\u00a0<\/p>\n<p class=\"_textTheme_1yhmn_1 _paragraph_172ys_4 _paragraph_qg7rf_27 layout-component layout-normal layout-padded body-medium\">For Norge handler dette om \u00e5 bruke oppf\u00f8lgingen av finansmarkedsmeldingen til mer enn gode\u00a0formuleringer. Hvis Sverige og EU beveger seg raskere enn oss, risikerer vi at Norge igjen blir\u00a0hengende etter. Det vil svekke norsk kapitalforvaltning, norsk n\u00e6ringsliv og norske kunders tilgang\u00a0til konkurransedyktige produkter.\u00a0<\/p>\n<p class=\"_textTheme_1yhmn_1 _paragraph_172ys_4 _paragraph_qg7rf_27 layout-component layout-normal layout-padded body-medium\">Mulighetene er der. N\u00e5 trengs politisk vilje, nordisk samordning og konkret oppf\u00f8lging. Hvis m\u00e5let er\u00a0sterkere konkurransekraft og et bedre tilbud til kundene, m\u00e5 Norden i st\u00f8rre grad fungere som det\u00a0regionen ofte omtales som: et felles marked.<\/p>\n","protected":false},"excerpt":{"rendered":"Nordisk finansn\u00e6ring holdes tilbake av nasjonale s\u00e6rregler og det er kundene som betaler prisen. Jan Erik Saugestad Leder&hellip;\n","protected":false},"author":2,"featured_media":256726,"comment_status":"","ping_status":"","sticky":false,"template":"","format":"standard","meta":{"footnotes":"","_share_on_mastodon":"0"},"categories":[56],"tags":[184,60,61,350,22710,157,2640,62,30,5747,28,29,22711,11948],"class_list":["post-256725","post","type-post","status-publish","format-standard","has-post-thumbnail","category-naeringsliv","tag-aksjer","tag-business","tag-economy","tag-fond","tag-kapitalforvaltning","tag-leserinnlegg","tag-luxembourg","tag-naeringsliv","tag-no","tag-norden","tag-norge","tag-norway","tag-rammevilkar","tag-storebrand"],"share_on_mastodon":{"url":"https:\/\/pubeurope.com\/@no\/116692291336313677","error":""},"_links":{"self":[{"href":"https:\/\/www.europesays.com\/no\/wp-json\/wp\/v2\/posts\/256725","targetHints":{"allow":["GET"]}}],"collection":[{"href":"https:\/\/www.europesays.com\/no\/wp-json\/wp\/v2\/posts"}],"about":[{"href":"https:\/\/www.europesays.com\/no\/wp-json\/wp\/v2\/types\/post"}],"author":[{"embeddable":true,"href":"https:\/\/www.europesays.com\/no\/wp-json\/wp\/v2\/users\/2"}],"replies":[{"embeddable":true,"href":"https:\/\/www.europesays.com\/no\/wp-json\/wp\/v2\/comments?post=256725"}],"version-history":[{"count":0,"href":"https:\/\/www.europesays.com\/no\/wp-json\/wp\/v2\/posts\/256725\/revisions"}],"wp:featuredmedia":[{"embeddable":true,"href":"https:\/\/www.europesays.com\/no\/wp-json\/wp\/v2\/media\/256726"}],"wp:attachment":[{"href":"https:\/\/www.europesays.com\/no\/wp-json\/wp\/v2\/media?parent=256725"}],"wp:term":[{"taxonomy":"category","embeddable":true,"href":"https:\/\/www.europesays.com\/no\/wp-json\/wp\/v2\/categories?post=256725"},{"taxonomy":"post_tag","embeddable":true,"href":"https:\/\/www.europesays.com\/no\/wp-json\/wp\/v2\/tags?post=256725"}],"curies":[{"name":"wp","href":"https:\/\/api.w.org\/{rel}","templated":true}]}}