{"id":256776,"date":"2026-06-04T15:24:13","date_gmt":"2026-06-04T15:24:13","guid":{"rendered":"https:\/\/www.europesays.com\/no\/256776\/"},"modified":"2026-06-04T15:24:13","modified_gmt":"2026-06-04T15:24:13","slug":"ny-tv-serie-med-martha-og-durek-jeg-er-koblet-til-gud","status":"publish","type":"post","link":"https:\/\/www.europesays.com\/no\/256776\/","title":{"rendered":"Ny TV-serie med M\u00e4rtha og Durek: \u2013 Jeg er koblet til Gud"},"content":{"rendered":"\n<p class=\"_lead_145nj_2 _lead_6fko5_53 layout-component text-serif-m layout-normal text-serif-l layout-component layout-wide layout-padded _wide_17hqh_1 layout-padded\">Durek Verrett antyder at serien kan bli sterk kost for publikum. Statsministerens s\u00f8nn dukker ogs\u00e5 opp i serien.<\/p>\n<p><img alt=\"ALTERNATIVE: Durek Verrett og prinsesse M\u00e4rtha Louise, her avbildet i Hollywood i 2024. Foto: OLIVIA WONG \/ AFP \/ NTB\" class=\"_image_jw3bv_65 layout-component layout-wide\" data-fullscreen- data-track-element-type=\"Article image fullscreen\" data-track-name=\"ImageFullscreen\" fetchpriority=\"high\" decoding=\"sync\" loading=\"eager\" height=\"4433\" itemprop=\"image\"  src=\"https:\/\/www.europesays.com\/no\/wp-content\/uploads\/2026\/06\/a4a897e0-f3de-322e-876f-8b745b33b405.jpeg\"  style=\"object-position:0% 0%\" width=\"5633\"\/>ALTERNATIVE: Durek Verrett og prinsesse M\u00e4rtha Louise, her avbildet i Hollywood i 2024. Foto: OLIVIA WONG \/ AFP \/ NTB<\/p>\n<ul aria-hidden=\"true\" class=\"_images_ntbth_112\">\n<li><a class=\"_link_ntbth_117\" href=\"https:\/\/www.vg.no\/forfatter\/catherine-gonsholt-ighanian\" style=\"z-index:1\" title=\"Catherine Gonsholt Ighanian\" rel=\"nofollow noopener\" target=\"_blank\"><img alt=\"Bilde av Catherine Gonsholt Ighanian\" class=\"_image_ntbth_93\" fetchpriority=\"low\" loading=\"lazy\" decoding=\"async\" itemprop=\"image\"  src=\"https:\/\/www.europesays.com\/no\/wp-content\/uploads\/2026\/06\/1780586652_795_72dca32d-ee6f-474c-a50e-72a9bb49f38a.jpeg\"  width=\"480\"\/><\/a><\/li>\n<\/ul>\n<p> Oppdatert torsdag 4. juni kl. 17:04    <\/p>\n<ul class=\"_list_145nj_3 _list_64s2r_85 _unordered_145nj_106 text-sans-m\">\n<li class=\"_item_145nj_30\">M\u00e4rtha Louise og Durek Verrett dukker opp i ny TV-serie p\u00e5 Viaplay til h\u00f8sten, kalt \u00abAlternative Norge\u00bb.<\/li>\n<li class=\"_item_145nj_30\">Serien utforsker hva som eventuelt finnes mellom himmel og jord.<\/li>\n<li class=\"_item_145nj_30\">Statsministerens s\u00f8nn, Magnus St\u00f8re, deltar ogs\u00e5.<\/li>\n<li class=\"_item_145nj_30\">Flere klarsynte og dyretolkere er med.<\/li>\n<\/ul>\n<p>Vis mer <\/p>\n<p class=\"_paragraph_145nj_4 _paragraph_6fko5_10 layout-component text-serif-m layout-normal text-serif-m layout-padded\">Prinsesse M\u00e4rtha (54) og ektemannen (51), som i fjor <a href=\"https:\/\/www.vg.no\/rampelys\/i\/QMGVdJ\/marianne-behn-om-dokumentaren-utfordrende\" data-track-element-type=\"Link\" data-track-id=\"link:QMGVdJ\" class=\"_link_145nj_39\" rel=\"nofollow noopener\" target=\"_blank\">skapte b\u00f8lger<\/a> med Netflix-dokumentaren <a href=\"https:\/\/www.vg.no\/rampelys\/i\/lw6yQ7\/anmeldelse-rebel-royals-an-unlikely-love-story\" data-track-element-type=\"Link\" data-track-id=\"link:lw6yQ7\" class=\"_link_145nj_39\" rel=\"nofollow noopener\" target=\"_blank\">\u00abRebel Royals\u00bb<\/a> p\u00e5 Netflix, samarbeider n\u00e5 med Viaplay.<\/p>\n<p class=\"_paragraph_145nj_4 _paragraph_6fko5_10 layout-component text-serif-m layout-normal text-serif-m layout-padded\">TV-serien \u00abAlternative Norge\u00bb f\u00e5r premiere til h\u00f8sten og skal utforske om det finnes mer mellom himmel og jord enn det man ser. <\/p>\n<p class=\"_paragraph_145nj_4 _paragraph_6fko5_10 layout-component text-serif-m layout-normal text-serif-m layout-padded\">If\u00f8lge Viaplay f\u00e5r TV-seerne ogs\u00e5 svar p\u00e5 hvordan M\u00e4rtha og Dureks liv er n\u00e5r det de tror p\u00e5 og brenner for, \u00abblir uglesett av storsamfunnet\u00bb.<\/p>\n<p class=\"_paragraph_145nj_4 _paragraph_6fko5_10 layout-component text-serif-m layout-normal text-serif-m layout-padded\"><strong class=\"_strong_145nj_25\">\u2013 Jeg er koblet til Gud, og hvis det gj\u00f8r folk ukomfortable &#8230; vel, da kommer dere til \u00e5 bli veldig ukomfortable, sier Durek Verrett i pressemeldingen om prosjektet.<\/strong><\/p>\n<p><img decoding=\"async\" alt=\"Bilde av M\u00e4rtha under \u00e5pningen av Engleskolen i 2007.\" class=\"_image_148z4_25\" height=\"45\" itemprop=\"image\" loading=\"lazy\"  src=\"https:\/\/www.europesays.com\/no\/wp-content\/uploads\/2026\/06\/9accc4de-a2f3-3f52-b8a9-b39bf46363e7.jpeg\"  width=\"40\"\/><strong class=\"_name_148z4_34 title-serif-xs\">M\u00e4rtha under \u00e5pningen av Engleskolen i 2007.<\/strong><\/p>\n<p class=\"_paragraph_145nj_4 _paragraph_6fko5_10 layout-component text-serif-m layout-normal text-serif-m layout-padded\">Prinsesse M\u00e4rtha har ogs\u00e5 i hele sitt voksne liv v\u00e6rt \u00e5pen om sitt alternative, \u00e5ndelige og spirituelle livssyn. <\/p>\n<p class=\"_paragraph_145nj_4 _paragraph_6fko5_10 layout-component text-serif-m layout-normal text-serif-m layout-padded\">Blant annet drev hun i mange \u00e5r den s\u00e5kalte Engleskolen.<\/p>\n<p class=\"_paragraph_145nj_4 _paragraph_6fko5_10 layout-component text-serif-m layout-normal text-serif-m layout-padded\">TV-serien byr p\u00e5 seks episoder med alt fra dyretolkere og sjamaner til pusteterapeuter, klarsynte og spirituelle veiledere. <\/p>\n<p>St\u00f8res s\u00f8nn<\/p>\n<p class=\"_paragraph_145nj_4 _paragraph_6fko5_10 layout-component text-serif-m layout-normal text-serif-m layout-padded\">Magnus St\u00f8re (36), terapeut og pusteveileder \u2013 og s\u00f8nn av statsminister Jonas Gahr St\u00f8re, er med i \u00abAlternative Norge\u00bb.<\/p>\n<p class=\"_paragraph_145nj_4 _paragraph_6fko5_10 layout-component text-serif-m layout-normal text-serif-m layout-padded\">Han uttalte til <a href=\"https:\/\/www.aftenposten.no\/kultur\/i\/5BAXQe\/magnus-stoere-tar-nye-steg-jeg-tror-det-kommer-en-aandelig-boelge-i-vaar-tid\" class=\"_link_145nj_39\" rel=\"nofollow noopener\" target=\"_blank\">Aftenposten<\/a> i 2024 at han tror \u00abdet kommer en \u00e5ndelig b\u00f8lge i v\u00e5r tid\u00bb.<\/p>\n<p><img decoding=\"async\" alt=\"Bilde av Hanne Kristin Rohde.\" class=\"_image_148z4_25\" height=\"47\" itemprop=\"image\" loading=\"lazy\"  src=\"https:\/\/www.europesays.com\/no\/wp-content\/uploads\/2026\/06\/57e61ffd-6c29-37b4-8c5c-ef63844f4b6f.jpeg\"  width=\"40\"\/><strong class=\"_name_148z4_34 title-serif-xs\">Hanne Kristin Rohde.<\/strong><\/p>\n<p class=\"_paragraph_145nj_4 _paragraph_6fko5_10 layout-component text-serif-m layout-normal text-serif-m layout-padded\">Med i serien er ogs\u00e5 den kjente dyretolken <a href=\"https:\/\/tv.vg.no\/serier\/et-rikere-norge\/s1e11\/her-snakker-hun-med-katten-tom?id=12933\" class=\"_link_145nj_39\" rel=\"nofollow noopener\" target=\"_blank\">Sissel Grana (56)<\/a> samt jurist, forfatter og tidligere politileder <a href=\"https:\/\/www.vg.no\/rampelys\/i\/gPMqLL\/hanne-kristin-rohde-hevder-hun-har-skjulte-evner-jeg-har-en-uforklarlig-side\" data-track-element-type=\"Link\" data-track-id=\"link:gPMqLL\" class=\"_link_145nj_39\" rel=\"nofollow noopener\" target=\"_blank\">Hanne Kristin Rohde (64)<\/a>, natur- og dyretolker.<\/p>\n<p class=\"_paragraph_145nj_4 _paragraph_6fko5_10 layout-component text-serif-m layout-normal text-serif-m layout-padded\">Klarsynte <a href=\"https:\/\/www.vg.no\/rampelys\/i\/y3LK1K\/michael-winger-jeg-hatet-livet-mitt-og-den-jeg-var\" data-track-element-type=\"Link\" data-track-id=\"link:y3LK1K\" class=\"_link_145nj_39\" rel=\"nofollow noopener\" target=\"_blank\">Michael Winger (44)<\/a> og <a href=\"https:\/\/www.vg.no\/helse\/i\/zdMRb\/du-er-en-ekte-trollkvinne\" data-track-element-type=\"Link\" data-track-id=\"link:zdMRb\" class=\"_link_145nj_39\" rel=\"nofollow noopener\" target=\"_blank\">Henning Hai Lee Yang (76)<\/a>, begge kjent fra flere TV-serier, gj\u00f8r comeback p\u00e5 skjermen. <\/p>\n<p class=\"_paragraph_145nj_4 _paragraph_6fko5_10 layout-component text-serif-m layout-normal text-serif-m layout-padded\">If\u00f8lge Viaplay gir serien \u00abet varmt, underholdende og n\u00e6rt innblikk\u00bb i det alternative milj\u00f8et i Norge s\u00e5nn det er i dag.<\/p>\n<p class=\"_paragraph_145nj_4 _paragraph_6fko5_10 layout-component text-serif-m layout-normal text-serif-m layout-padded\">TV-kanalen presiserer at programserien ikke tar stilling til p\u00e5standene som presenteres, men i stedet stiller sp\u00f8rsm\u00e5let mange lurer p\u00e5: Finnes det noe mer enn det vi kan se? <\/p>\n<p class=\"_paragraph_145nj_4 _paragraph_6fko5_10 layout-component text-serif-m layout-normal text-serif-m layout-padded\">Viaplay presenterer sitt h\u00f8stprogram torsdag ettermiddag. <\/p>\n<p class=\"_paragraph_145nj_4 _paragraph_6fko5_10 layout-component text-serif-m layout-normal text-serif-m layout-padded\">Blant ingrediensene er \u00abJulekveld med Tone Damli\u00bb, \u00abVi er down\u00bb, \u00abNorges smarteste realitydeltager\u00bb, \u00abCharterfeber\u00bb, \u00abEventyrlig oppussing\u00bb, \u00abLuksusfellen\u00bb (med Charter-Hilde og Charter-Svein), \u00abNorske Truckers\u00bb, dokumentarseriene \u00abMayday\u00bb og \u00abInspekt\u00f8rene\u00bb, \u00abFuret v\u00e6rbitt\u00bb og ny Premier League-sesong.<\/p>\n<p class=\"_paragraph_145nj_4 _paragraph_6fko5_10 layout-component text-serif-m layout-normal text-serif-m layout-padded\"><strong class=\"_strong_145nj_25\">Fikk du med deg at kongen vitset om prinsesse M\u00e4rtha og Dureks Netflix-serie foran stortingsrepresentantene i fjor? Se her:<\/strong><\/p>\n<p>Les ogs\u00e5<\/p>\n","protected":false},"excerpt":{"rendered":"Durek Verrett antyder at serien kan bli sterk kost for publikum. Statsministerens s\u00f8nn dukker ogs\u00e5 opp i serien.&hellip;\n","protected":false},"author":2,"featured_media":256777,"comment_status":"","ping_status":"","sticky":false,"template":"","format":"standard","meta":{"footnotes":"","_share_on_mastodon":"0"},"categories":[58],"tags":[3758,2858,71,4479,30,28,29,1221,207,72],"class_list":["post-256776","post","type-post","status-publish","format-standard","has-post-thumbnail","category-underholdning","tag-alternativ-behandling","tag-durek-verrett","tag-entertainment","tag-kongelige","tag-no","tag-norge","tag-norway","tag-prinsesse-martha-louise","tag-tv","tag-underholdning"],"share_on_mastodon":{"url":"https:\/\/pubeurope.com\/@no\/116692534357597503","error":""},"_links":{"self":[{"href":"https:\/\/www.europesays.com\/no\/wp-json\/wp\/v2\/posts\/256776","targetHints":{"allow":["GET"]}}],"collection":[{"href":"https:\/\/www.europesays.com\/no\/wp-json\/wp\/v2\/posts"}],"about":[{"href":"https:\/\/www.europesays.com\/no\/wp-json\/wp\/v2\/types\/post"}],"author":[{"embeddable":true,"href":"https:\/\/www.europesays.com\/no\/wp-json\/wp\/v2\/users\/2"}],"replies":[{"embeddable":true,"href":"https:\/\/www.europesays.com\/no\/wp-json\/wp\/v2\/comments?post=256776"}],"version-history":[{"count":0,"href":"https:\/\/www.europesays.com\/no\/wp-json\/wp\/v2\/posts\/256776\/revisions"}],"wp:featuredmedia":[{"embeddable":true,"href":"https:\/\/www.europesays.com\/no\/wp-json\/wp\/v2\/media\/256777"}],"wp:attachment":[{"href":"https:\/\/www.europesays.com\/no\/wp-json\/wp\/v2\/media?parent=256776"}],"wp:term":[{"taxonomy":"category","embeddable":true,"href":"https:\/\/www.europesays.com\/no\/wp-json\/wp\/v2\/categories?post=256776"},{"taxonomy":"post_tag","embeddable":true,"href":"https:\/\/www.europesays.com\/no\/wp-json\/wp\/v2\/tags?post=256776"}],"curies":[{"name":"wp","href":"https:\/\/api.w.org\/{rel}","templated":true}]}}