{"id":256988,"date":"2026-06-04T19:49:19","date_gmt":"2026-06-04T19:49:19","guid":{"rendered":"https:\/\/www.europesays.com\/no\/256988\/"},"modified":"2026-06-04T19:49:19","modified_gmt":"2026-06-04T19:49:19","slug":"aktor-ber-om-livstid-i-fengsel-for-julemarked-tiltalt-i-tyskland","status":"publish","type":"post","link":"https:\/\/www.europesays.com\/no\/256988\/","title":{"rendered":"Aktor ber om livstid i fengsel for julemarked-tiltalt i Tyskland"},"content":{"rendered":"\n<p class=\"_lead_145nj_2 _lead_6fko5_53 layout-component text-serif-m layout-normal text-serif-l layout-component layout-wide layout-padded _wide_17hqh_1 layout-padded\">P\u00e5talemyndigheten ba torsdag om at mannen som er tiltalt for angrepet p\u00e5 et julemarked i Magdeburg i 2024, d\u00f8mmes til livstid i fengsel.<\/p>\n<p><img alt=\" Foto: JOHN MACDOUGALL \/ AFP \/ NTB\" class=\"_image_jw3bv_65 layout-component layout-wide\" data-fullscreen- data-track-element-type=\"Article image fullscreen\" data-track-name=\"ImageFullscreen\" fetchpriority=\"high\" decoding=\"sync\" loading=\"eager\" height=\"3585\" itemprop=\"image\"  src=\"https:\/\/www.europesays.com\/no\/wp-content\/uploads\/2026\/06\/15dd5de9-ad48-3d9d-96d5-d67d96eef493.jpeg\"  style=\"object-position:0% 0%\" width=\"5377\"\/> Foto: JOHN MACDOUGALL \/ AFP \/ NTB<\/p>\n<ul aria-hidden=\"true\" class=\"_images_ntbth_112\">\n<li><a class=\"_link_ntbth_117\" href=\"https:\/\/www.vg.no\/forfatter\/ntb\" style=\"z-index:1\" title=\"NTB\" rel=\"nofollow noopener\" target=\"_blank\"><img alt=\"Bilde av NTB\" class=\"_image_ntbth_93\" fetchpriority=\"low\" loading=\"lazy\" decoding=\"async\" itemprop=\"image\"  src=\"https:\/\/www.europesays.com\/no\/wp-content\/uploads\/2026\/06\/1780602559_950_c33980b0-5d07-4027-84a1-813f90a7c8d6.jpeg\"  width=\"480\"\/><\/a><\/li>\n<\/ul>\n<p> Oppdatert torsdag 4. juni kl. 18:26     <\/p>\n<p class=\"_paragraph_145nj_4 _paragraph_6fko5_10 layout-component text-serif-m layout-normal text-serif-m layout-padded\">Mannen st\u00e5r tiltalt for seks drap og 338 drapsfors\u00f8k etter at en <a href=\"https:\/\/www.vg.no\/nyheter\/i\/Gyn22V\/angrep-paa-julemarked-i-magdeburg\" data-track-element-type=\"Link\" data-track-id=\"link:Gyn22V\" class=\"_link_145nj_39\" rel=\"nofollow noopener\" target=\"_blank\">bil kj\u00f8rte inn i en folkemengde p\u00e5 et julemarked i Magdeburg den 20. desember 2024<\/a>.<\/p>\n<p class=\"_paragraph_145nj_4 _paragraph_6fko5_10 layout-component text-serif-m layout-normal text-serif-m layout-padded\">Aktor mener angrepet \u201cble planlagt lenge i forveien\u201d, og de ba derfor domstolen d\u00f8mme den tiltalte til strengest mulig straff.<\/p>\n<p><img alt=\"Etter angrepet ble det lagt ned et hav av blomster og bamser til minne om ofrene.  Foto: Peter Gercke \/ AP \/ NTB\" class=\"_image_jw3bv_65 layout-component layout-normal\" data-fullscreen- data-track-element-type=\"Article image fullscreen\" data-track-name=\"ImageFullscreen\" decoding=\"async\" loading=\"lazy\" height=\"3347\" itemprop=\"image\"  src=\"https:\/\/www.europesays.com\/no\/wp-content\/uploads\/2026\/06\/6d4142f6-e6d8-3f7a-8559-e273adb5a86c.jpeg\"  style=\"object-position:0% 0%\" width=\"5021\"\/>Etter angrepet ble det lagt ned et hav av blomster og bamser til minne om ofrene.  Foto: Peter Gercke \/ AP \/ NTB<\/p>\n<p class=\"_paragraph_145nj_4 _paragraph_6fko5_10 layout-component text-serif-m layout-normal text-serif-m layout-padded\">Da rettssaken startet i november i fjor, innr\u00f8mmet Taleb al-Abdulmohsen (51) at han satt bak rattet da en leiebil meide ned mennesker p\u00e5 julemarkedet. <\/p>\n<p class=\"_paragraph_145nj_4 _paragraph_6fko5_10 layout-component text-serif-m layout-normal text-serif-m layout-padded\">Fem kvinner i alderen 45 til 75 \u00e5r og en ni \u00e5r gammel gutt ble drept. Flere hundre ble skadet.<\/p>\n<p class=\"_paragraph_145nj_4 _paragraph_6fko5_10 layout-component text-serif-m layout-normal layout-padded\"><strong class=\"_strong_145nj_25\">Les ogs\u00e5:<\/strong> <a href=\"https:\/\/www.vg.no\/i\/B0v2qQ\" data-track-element-type=\"Link\" data-track-id=\"link:B0v2qQ\" class=\"_link_145nj_39\" rel=\"nofollow noopener\" target=\"_blank\">Angrep p\u00e5 julemarked i Tyskland: Mann fra Saudi-Arabia p\u00e5grepet<\/a><\/p>\n<p class=\"_paragraph_145nj_4 _paragraph_6fko5_10 layout-component text-serif-m layout-normal text-serif-m layout-padded\">Et vitne beskrev julemarkedet som et sted med <a href=\"https:\/\/www.vg.no\/nyheter\/i\/B0v2qQ\/bil-har-kjoert-inn-i-folkemengde-paa-julemarked-i-magdeburg-i-tyskland-melder-nyhetsbyraaet-dpa\" data-track-element-type=\"Link\" data-track-id=\"link:B0v2qQ\" class=\"_link_145nj_39\" rel=\"nofollow noopener\" target=\"_blank\">\u00abkrigslignende tilstander\u00bb<\/a>, i etterkant av angrepet. <\/p>\n<p class=\"_paragraph_145nj_4 _paragraph_6fko5_10 layout-component text-serif-m layout-normal text-serif-m layout-padded\">Bilen skal ha kj\u00f8rt 400 meter gjennom markedet, som ligger like ved r\u00e5dhuset i byen. Vitner beskrev at bilen kj\u00f8rte i sikksakk over hele markedsomr\u00e5det.<\/p>\n<p class=\"_paragraph_145nj_4 _paragraph_6fko5_10 layout-component text-serif-m layout-normal text-serif-m layout-padded\">Siktede al-Abdulmohsen er en lege fra Saudi-Arabia som kom til <a href=\"https:\/\/www.vg.no\/tag\/tyskland?utm_source=vg-article&amp;utm_medium=auto-tagger&amp;utm_campaign=bOL90g\" class=\"_link_145nj_39\" rel=\"nofollow noopener\" target=\"_blank\">Tyskland<\/a> i 2006. <\/p>\n<p class=\"_paragraph_145nj_4 _paragraph_6fko5_10 layout-component text-serif-m layout-normal text-serif-m layout-padded\">Han skal raskt ha blitt p\u00e5grepet og skal ha handlet alene. <\/p>\n","protected":false},"excerpt":{"rendered":"P\u00e5talemyndigheten ba torsdag om at mannen som er tiltalt for angrepet p\u00e5 et julemarked i Magdeburg i 2024,&hellip;\n","protected":false},"author":2,"featured_media":256989,"comment_status":"","ping_status":"","sticky":false,"template":"","format":"standard","meta":{"footnotes":"","_share_on_mastodon":"0"},"categories":[12],"tags":[20,21,5293,377,24,25,15,22,23,13,30,28,29,14,16,26,27,175,42,43,44,45],"class_list":["post-256988","post","type-post","status-publish","format-standard","has-post-thumbnail","category-verden","tag-breaking-news","tag-breakingnews","tag-domstol","tag-drap","tag-featured-news","tag-featurednews","tag-headlines","tag-latest-news","tag-latestnews","tag-news","tag-no","tag-norge","tag-norway","tag-nyheter","tag-overskrifter","tag-top-stories","tag-topstories","tag-tyskland","tag-verden","tag-world","tag-world-news","tag-worldnews"],"share_on_mastodon":{"url":"https:\/\/pubeurope.com\/@no\/116693576566952595","error":""},"_links":{"self":[{"href":"https:\/\/www.europesays.com\/no\/wp-json\/wp\/v2\/posts\/256988","targetHints":{"allow":["GET"]}}],"collection":[{"href":"https:\/\/www.europesays.com\/no\/wp-json\/wp\/v2\/posts"}],"about":[{"href":"https:\/\/www.europesays.com\/no\/wp-json\/wp\/v2\/types\/post"}],"author":[{"embeddable":true,"href":"https:\/\/www.europesays.com\/no\/wp-json\/wp\/v2\/users\/2"}],"replies":[{"embeddable":true,"href":"https:\/\/www.europesays.com\/no\/wp-json\/wp\/v2\/comments?post=256988"}],"version-history":[{"count":0,"href":"https:\/\/www.europesays.com\/no\/wp-json\/wp\/v2\/posts\/256988\/revisions"}],"wp:featuredmedia":[{"embeddable":true,"href":"https:\/\/www.europesays.com\/no\/wp-json\/wp\/v2\/media\/256989"}],"wp:attachment":[{"href":"https:\/\/www.europesays.com\/no\/wp-json\/wp\/v2\/media?parent=256988"}],"wp:term":[{"taxonomy":"category","embeddable":true,"href":"https:\/\/www.europesays.com\/no\/wp-json\/wp\/v2\/categories?post=256988"},{"taxonomy":"post_tag","embeddable":true,"href":"https:\/\/www.europesays.com\/no\/wp-json\/wp\/v2\/tags?post=256988"}],"curies":[{"name":"wp","href":"https:\/\/api.w.org\/{rel}","templated":true}]}}