{"id":256996,"date":"2026-06-04T19:57:57","date_gmt":"2026-06-04T19:57:57","guid":{"rendered":"https:\/\/www.europesays.com\/no\/256996\/"},"modified":"2026-06-04T19:57:57","modified_gmt":"2026-06-04T19:57:57","slug":"bredt-aksjemarkedsfall-og-oljeprisoppgang-dnb","status":"publish","type":"post","link":"https:\/\/www.europesays.com\/no\/256996\/","title":{"rendered":"Bredt aksjemarkedsfall og oljeprisoppgang &#8211; DNB"},"content":{"rendered":"<ol>\n<li><a href=\"https:\/\/news.google.com\/rss\/articles\/CBMikwFBVV95cUxOOUZzcmgzNHJ6T3UtbUoyMEtCanI4Q1VtLTM1am9kQ3dBWUd2bzdwek95RHpKSUJQZDVndUd3Wnp2dXNFd1E1MzBWOFlTQ2Vra0RCWW0zNGhHb2JJYjlSaVJ4NWRfci1ZUFEweUJHU3VmcTRmbVg2b0xHVXlEam9TQVNNWGFFNnlyazBOdXVibTc5N0E?oc=5\" target=\"_blank\" rel=\"nofollow noopener\">Bredt aksjemarkedsfall og oljeprisoppgang<\/a>&nbsp;&nbsp;DNB<\/li>\n<li><a href=\"https:\/\/news.google.com\/rss\/articles\/CBMivAFBVV95cUxPT29ObGN0SVJKaEN0ODdobzBCLUs5RzBaNUs2RHlENHphdXZmanNRSVJKQnVVVmU0QVVHdjM3dnNwV2dScW5KTnNkYV9TdVRSb3Jkbzh4QlRPX3htc1g4TXZkaTdOUm9Ea2lSR2pVckEwaHZ1dHQyZlBkLVBBcDJpZHNZX1lzYi0zOVU0OHB2Y0ljdGtWMHVld0hCdlJQYnhodGxJNWtvSzVxelNBdnNFZXU0Q2psOHFsYTVXbg?oc=5\" target=\"_blank\" rel=\"nofollow noopener\">Europeiske aksjer stabile mens Midt\u00f8sten-spenninger gj\u00f8r investorer forsiktige<\/a>&nbsp;&nbsp;Invezz<\/li>\n<li><a href=\"https:\/\/news.google.com\/rss\/articles\/CBMirAFBVV95cUxQdnNaVkx3dEcySkF4eDE2Sm9jYVlPeHhTRmxlOGVWZ0tnZnAzYzNybWZ6UEh0Wjl2eXp0el8wS2Vsa1JNOWJIdlRoOEE2NDVOVVFKOVZRS0VXQ05hZGJia3ZLWGM3YnBtdHRmMnE1aTAtcEdoS3hxNFFoU2V4SmVpRWk5SThCMGNCbUhlcndDSVdxN0V1c1JIMW1SMVh4LTVwQS1WZmNRVV9tTkdM?oc=5\" target=\"_blank\" rel=\"nofollow noopener\">FTSE 100 faller etter at Midt\u00f8sten-konflikt driver oljeprisene opp<\/a>&nbsp;&nbsp;Invezz<\/li>\n<li><a href=\"https:\/\/news.google.com\/rss\/articles\/CBMipwFBVV95cUxQUW16SVdIak5DNk5SOHlpdmJkTmlwOEczVXBBV1dtNlA0T1dYbjFxLWtYRTFZMldVOENERjlIbkhWVE8teEVseXJuXzUwUDMySGZWTEwwbHVQOFRhaXJmUkJLTGNXSGMyLVYtbEpfdmlTRWoxQXBRYWI0UUw0YWI1YzRXWnh5RmVfV3NyUUlkSFJYTXB4UE5lNlpqVkxQc0tOMXpqQmM2OA?oc=5\" target=\"_blank\" rel=\"nofollow noopener\">STOXX 600 faller svakt da stigende oljepriser tynger markedene<\/a>&nbsp;&nbsp;Invezz<\/li>\n<li><a href=\"https:\/\/news.google.com\/rss\/articles\/CBMipgFBVV95cUxQRFFEVG9QNlZOQUhxa1lwTkdIWWswS2liaDdnVTlEMldHOG45OFVvZ3pQV2ZmT2g4dVhrb2dJbmQtcXdNdUc0NHA2Q1N5QXE5MXZsWmNyeGJZcUxUTnhfY1FocTRfUnZNczFMYVJIeS1XMUhMRXFwR1IxcDNrY2x4cW1pc2l6OHJiMWVpcU1OUllMN3pMbVZ4VWNGeEFBdFk5Uk9OdHZ3?oc=5\" target=\"_blank\" rel=\"nofollow noopener\">STOXX 600 \u00e5pner h\u00f8yere f\u00f8r viktige inflasjonsdata i eurosonen<\/a>&nbsp;&nbsp;Invezz<\/li>\n<\/ol>\n","protected":false},"excerpt":{"rendered":"Bredt aksjemarkedsfall og oljeprisoppgang&nbsp;&nbsp;DNB Europeiske aksjer stabile mens Midt\u00f8sten-spenninger gj\u00f8r investorer forsiktige&nbsp;&nbsp;Invezz FTSE 100 faller etter at Midt\u00f8sten-konflikt&hellip;\n","protected":false},"author":2,"featured_media":256997,"comment_status":"","ping_status":"","sticky":false,"template":"","format":"standard","meta":{"footnotes":"","_share_on_mastodon":"0"},"categories":[56],"tags":[60,185,61,740,739,62,30,28,29],"class_list":["post-256996","post","type-post","status-publish","format-standard","has-post-thumbnail","category-naeringsliv","tag-business","tag-dnb-carnegie","tag-economy","tag-makro","tag-morgenrapport","tag-naeringsliv","tag-no","tag-norge","tag-norway"],"share_on_mastodon":{"url":"https:\/\/pubeurope.com\/@no\/116693611731732395","error":""},"_links":{"self":[{"href":"https:\/\/www.europesays.com\/no\/wp-json\/wp\/v2\/posts\/256996","targetHints":{"allow":["GET"]}}],"collection":[{"href":"https:\/\/www.europesays.com\/no\/wp-json\/wp\/v2\/posts"}],"about":[{"href":"https:\/\/www.europesays.com\/no\/wp-json\/wp\/v2\/types\/post"}],"author":[{"embeddable":true,"href":"https:\/\/www.europesays.com\/no\/wp-json\/wp\/v2\/users\/2"}],"replies":[{"embeddable":true,"href":"https:\/\/www.europesays.com\/no\/wp-json\/wp\/v2\/comments?post=256996"}],"version-history":[{"count":0,"href":"https:\/\/www.europesays.com\/no\/wp-json\/wp\/v2\/posts\/256996\/revisions"}],"wp:featuredmedia":[{"embeddable":true,"href":"https:\/\/www.europesays.com\/no\/wp-json\/wp\/v2\/media\/256997"}],"wp:attachment":[{"href":"https:\/\/www.europesays.com\/no\/wp-json\/wp\/v2\/media?parent=256996"}],"wp:term":[{"taxonomy":"category","embeddable":true,"href":"https:\/\/www.europesays.com\/no\/wp-json\/wp\/v2\/categories?post=256996"},{"taxonomy":"post_tag","embeddable":true,"href":"https:\/\/www.europesays.com\/no\/wp-json\/wp\/v2\/tags?post=256996"}],"curies":[{"name":"wp","href":"https:\/\/api.w.org\/{rel}","templated":true}]}}