{"id":25712,"date":"2025-09-03T09:53:46","date_gmt":"2025-09-03T09:53:46","guid":{"rendered":"https:\/\/www.europesays.com\/no\/25712\/"},"modified":"2025-09-03T09:53:46","modified_gmt":"2025-09-03T09:53:46","slug":"ubs-93-prosent-resesjonsfare-i-usa","status":"publish","type":"post","link":"https:\/\/www.europesays.com\/no\/25712\/","title":{"rendered":"UBS: 93 prosent resesjonsfare i USA"},"content":{"rendered":"<p>\u00abUBS har regnet seg frem til at de \u00abharde dataene\u00bb fra den amerikanske \u00f8konomien i perioden mai til juli viste et forh\u00f8yet risikoniv\u00e5. Meglerhuset ansl\u00e5r n\u00e5 at det er hele 93 prosent sannsynlighet for at USA er p\u00e5 vei inn i resesjon, melder Fortune.\u00a0<\/p>\n<p><b>Dette beskrives som et \u00abhistorisk urovekkende niv\u00e5\u00bb, if\u00f8lge UBS, ettersom signalet tidligere har hatt h\u00f8y treffsikkerhet i \u00e5 fange opp vendepunkter.<br \/><\/b><\/p>\n<p>Banken viser til at n\u00f8kkelindikatorer som inntekt, konsum, industriproduksjon og sysselsetting har svekket seg markant siden februar. Analysen filtrerer bort sentimentm\u00e5linger og finansmarkedsdata, og baserer seg utelukkende p\u00e5 faktiske tall.<\/p>\n<p class=\"subhead\" data-element-type=\"subhead\" data-element-label=\"Mellomtittel\">\u2013 Slapt<\/p>\n<p>Meglerhuset peker ogs\u00e5 p\u00e5 den inverterte rentekurven \u2013 et klassisk resesjonstegn \u2013 som n\u00e5 er 23 prosent invertert. I tillegg har \u00f8kende stress i kredittmarkedene l\u00f8ftet resesjonsrisikoen fra kredittm\u00e5linger til 41 prosent, dobbelt s\u00e5 h\u00f8yt som ved inngangen til \u00e5ret, skriver Fortune.\u00a0<\/p>\n<p><b>N\u00e5r UBS kombinerer alle indikatorene, kommer den samlede sannsynligheten for resesjon i juli ut p\u00e5 52 prosent, opp 15 prosentpoeng siden januar.<\/b><\/p>\n<p>Banken advarer dermed mot et sv\u00e6rt skj\u00f8rt balansepunkt for amerikansk \u00f8konomi \u2013 langt svakere enn en \u00abmyk landing\u00bb, men uten tegn til total kollaps. Prognosen er \u00abslapp vekst\u00bb i 2025, etterfulgt av bedring i 2026.<\/p>\n<p>\u2013 Slapt, mykt, svakt, ja \u2013 men ikke kollaps, oppsummerer UBS-teamet ledet av Pierre Lafourcade.<\/p>\n<p class=\"subhead\" data-element-type=\"subhead\" data-element-label=\"Mellomtittel\">50\u201350<\/p>\n<p>If\u00f8lge Fortune deler flere analytikere bekymringen. Moody\u2019s-sjef\u00f8konom Mark Zandi advarte i forrige m\u00e5ned om at USA st\u00e5r p\u00e5 kanten av resesjon, s\u00e6rlig etter store revisjoner ned i sysselsettingstallene for juli.\u00a0<\/p>\n<p>JPMorgan har pekt p\u00e5 at det kraftige fallet i ettersp\u00f8rselen etter arbeidskraft ofte har varslet nedgang tidligere.<\/p>\n<p><b>Zandi mener vinteren 2025\/2026 blir den mest s\u00e5rbare perioden, og ansl\u00e5r en 50-50 sjanse for resesjon. Han p\u00e5peker at delstater som utgj\u00f8r nesten en tredjedel av amerikansk BNP allerede er i, eller n\u00e6r, resesjon.<\/b><\/p>\n<p>En som ogs\u00e5 ser m\u00f8rkt p\u00e5 USAs utsikter er hedgefondmilliard\u00e6ren Ray Dalio. <a href=\"https:\/\/www.finansavisen.no\/politikk\/2025\/09\/02\/8289962\/ray-dalio-med-sjelden-trump-kritikk\" rel=\"nofollow noopener\" target=\"_blank\">Dalio uttalte til Financial Times<\/a> p\u00e5 tirsdag, at USA er p\u00e5 randen av en gjeldskrise.\u00a0<\/p>\n<p>\u2013 De store overskridelsene som n\u00e5 f\u00f8lger av det nye budsjettet vil sannsynligvis utl\u00f8se et gjeldsindusert hjerteinfarkt i relativt n\u00e6r fremtid, hevder Dalio, som mener USA vil bli hardt straffet etter mange \u00e5r med store underskudd og uholdbar gjeldsvekst.<\/p>\n<p>\u2013 Jeg vil ansl\u00e5 tre \u00e5r, pluss\/minus ett til to.<\/p>\n","protected":false},"excerpt":{"rendered":"\u00abUBS har regnet seg frem til at de \u00abharde dataene\u00bb fra den amerikanske \u00f8konomien i perioden mai til&hellip;\n","protected":false},"author":2,"featured_media":25713,"comment_status":"","ping_status":"","sticky":false,"template":"","format":"standard","meta":{"footnotes":""},"categories":[56],"tags":[60,61,62,30,28,29,4103,50],"class_list":{"0":"post-25712","1":"post","2":"type-post","3":"status-publish","4":"format-standard","5":"has-post-thumbnail","7":"category-naeringsliv","8":"tag-business","9":"tag-economy","10":"tag-naeringsliv","11":"tag-no","12":"tag-norge","13":"tag-norway","14":"tag-ubs","15":"tag-usa"},"share_on_mastodon":{"url":"","error":""},"_links":{"self":[{"href":"https:\/\/www.europesays.com\/no\/wp-json\/wp\/v2\/posts\/25712","targetHints":{"allow":["GET"]}}],"collection":[{"href":"https:\/\/www.europesays.com\/no\/wp-json\/wp\/v2\/posts"}],"about":[{"href":"https:\/\/www.europesays.com\/no\/wp-json\/wp\/v2\/types\/post"}],"author":[{"embeddable":true,"href":"https:\/\/www.europesays.com\/no\/wp-json\/wp\/v2\/users\/2"}],"replies":[{"embeddable":true,"href":"https:\/\/www.europesays.com\/no\/wp-json\/wp\/v2\/comments?post=25712"}],"version-history":[{"count":0,"href":"https:\/\/www.europesays.com\/no\/wp-json\/wp\/v2\/posts\/25712\/revisions"}],"wp:featuredmedia":[{"embeddable":true,"href":"https:\/\/www.europesays.com\/no\/wp-json\/wp\/v2\/media\/25713"}],"wp:attachment":[{"href":"https:\/\/www.europesays.com\/no\/wp-json\/wp\/v2\/media?parent=25712"}],"wp:term":[{"taxonomy":"category","embeddable":true,"href":"https:\/\/www.europesays.com\/no\/wp-json\/wp\/v2\/categories?post=25712"},{"taxonomy":"post_tag","embeddable":true,"href":"https:\/\/www.europesays.com\/no\/wp-json\/wp\/v2\/tags?post=25712"}],"curies":[{"name":"wp","href":"https:\/\/api.w.org\/{rel}","templated":true}]}}