{"id":257129,"date":"2026-06-04T22:41:20","date_gmt":"2026-06-04T22:41:20","guid":{"rendered":"https:\/\/www.europesays.com\/no\/257129\/"},"modified":"2026-06-04T22:41:20","modified_gmt":"2026-06-04T22:41:20","slug":"kultur-elektronisk-musikk-jakob-fra-valer-i-innlandet-lanserer-en-remix-med-stort-potensial","status":"publish","type":"post","link":"https:\/\/www.europesays.com\/no\/257129\/","title":{"rendered":"Kultur, Elektronisk musikk | Jakob fra V\u00e5ler i Innlandet lanserer en remix med stort potensial"},"content":{"rendered":"\n<p>Fredag slapp han remiksen av l\u00e5ten \u00abJeg vil ha mer\u00bb i samarbeid med Universal Music Norge.\u00a0<\/p>\n<p>Utgivelsen markerer ogs\u00e5 starten p\u00e5 hans nye artistprosjekt LANDE.\u00a0<\/p>\n<p>Musikkinteressen startet tidlig gjennom kulturskolen og UKM i V\u00e5ler.<\/p>\n<p> Som barn og ungdom deltok Jakob p\u00e5 flere konserter og arrangementer i bygda, blant annet p\u00e5 omsorgssentre, lokale kulturarrangementer og for kommunestyret i V\u00e5ler.<\/p>\n<p>Gjennom UKM gikk han videre til fylkesm\u00f8nstring ved to anledninger, og interessen for musikk vokste stadig videre.<\/p>\n<p>N\u00e5 ser Jakob Lande videre og vil ha mer.<\/p>\n<p>Inspirert av Matoma<\/p>\n<p>\u2013 Jeg ville hele tiden utvikle meg videre musikalsk og pr\u00f8ve \u00e5 ta nye steg, forteller Jakob.<\/p>\n<p>Inspirert av Matoma og Kygo fikk han for alvor interesse for elektronisk musikk.<\/p>\n<p>\u2013 Matoma og Kygo ble tidlig store inspirasjonskilder for meg. Jeg ble veldig fascinert av hvordan de kunne lage enkle og fengende melodier som samtidig traff skikkelig godt f\u00f8lelsesmessig, sier han.<\/p>\n<p>  <a href=\"https:\/\/www.ostlendingen.no\/80-69-264875\" class=\"related-teaser has-image article--c-MkAkR\" rel=\"nofollow noopener\" target=\"_blank\"><\/p>\n<p>    <img decoding=\"async\" width=\"155\"  loading=\"lazy\"  src=\"https:\/\/www.europesays.com\/no\/wp-content\/uploads\/2026\/06\/IMG_7633%20(1).JPG\" alt=\"\" class=\"brick-c-cFOWSL\" style=\"\"\/><\/p>\n<p>\n            Les ogs\u00e5<\/p>\n<p>            Trakk seg fra Elvebris: N\u00e5 har Tore funnet erstatteren\n        <\/p>\n<p>  <\/a><\/p>\n<p>Etter hvert begynte han \u00e5 produsere mer selv, og interessen for musikkproduksjon tok st\u00f8rre plass enn sangen.<\/p>\n<p>Etter videreg\u00e5ende startet han p\u00e5 bachelor i l\u00e5tskriving og musikkproduksjon ved H\u00f8yskolen Kristiania, tidligere Westerdals.<\/p>\n<p> I \u00e5rene etter har han jobbet videre med egne l\u00e5ter og remikser, som han blant annet har delt p\u00e5 SoundCloud og TikTok.<\/p>\n<p>\u2013 Jeg pr\u00f8ver \u00e5 lage min egen sound, men musikken ligger nok innenfor melodisk house og elektronisk pop, sier Jakob.<\/p>\n<p>TikTok ga respons<\/p>\n<p>Tidligere i \u00e5r begynte han \u00e5 dele sm\u00e5 klipp av egne remikser p\u00e5 TikTok.<\/p>\n<p> I februar la han ut et utdrag av en remiks av \u00abJeg vil ha mer\u00bb av Michelle Ullestad.<\/p>\n<p>\u2013 Jeg har alltid syntes originalen er en veldig fin l\u00e5t, og fikk lyst til \u00e5 pr\u00f8ve \u00e5 gj\u00f8re min egen versjon av den. Selve hooket kom egentlig veldig fort og naturlig, forteller han.<\/p>\n<p>Videoene fikk stor respons p\u00e5 TikTok, og etter hvert ble han kontaktet av flere plateselskap.<\/p>\n<p>\u2013 Det var ganske surrealistisk \u00e5 sitte p\u00e5 kontoret til Universal og vise fram musikken min. De likte l\u00e5ten veldig godt, og det betyr mye for meg, sier han.<\/p>\n<p>I dag jobber Jakob som l\u00e6rer i Gjerdrum kommune, samtidig som han studerer norsk.\u00a0<\/p>\n<p>Ved siden av jobb og studier \u00f8nsker han \u00e5 satse videre p\u00e5 musikken.<\/p>\n<p>\u2013 Jeg kommer til \u00e5 satse s\u00e5 mye jeg kan ved siden av jobb og studier. Det gir ekstra motivasjon at Universal har tro p\u00e5 det jeg lager, sier han.<\/p>\n<p>Etter at remiksen fikk respons p\u00e5 TikTok, tok Michelle Ullestad \u2013 artisten bak originalen \u00abJeg vil ha mer\u00bb \u2013 kontakt.\u00a0<\/p>\n<p>Hun likte versjonen Jakob hadde laget og \u00f8nsket \u00e5 v\u00e6re med p\u00e5 utgivelsen.\u00a0<\/p>\n","protected":false},"excerpt":{"rendered":"Fredag slapp han remiksen av l\u00e5ten \u00abJeg vil ha mer\u00bb i samarbeid med Universal Music Norge.\u00a0 Utgivelsen markerer&hellip;\n","protected":false},"author":2,"featured_media":257130,"comment_status":"","ping_status":"","sticky":false,"template":"","format":"standard","meta":{"footnotes":"","_share_on_mastodon":"0"},"categories":[58],"tags":[36,22726,71,410,30,28,29,14,1510,72,1986],"class_list":["post-257129","post","type-post","status-publish","format-standard","has-post-thumbnail","category-underholdning","tag-art","tag-elektronisk-musikk","tag-entertainment","tag-kultur","tag-no","tag-norge","tag-norway","tag-nyheter","tag-story","tag-underholdning","tag-valer"],"share_on_mastodon":{"url":"https:\/\/pubeurope.com\/@no\/116694252713785289","error":""},"_links":{"self":[{"href":"https:\/\/www.europesays.com\/no\/wp-json\/wp\/v2\/posts\/257129","targetHints":{"allow":["GET"]}}],"collection":[{"href":"https:\/\/www.europesays.com\/no\/wp-json\/wp\/v2\/posts"}],"about":[{"href":"https:\/\/www.europesays.com\/no\/wp-json\/wp\/v2\/types\/post"}],"author":[{"embeddable":true,"href":"https:\/\/www.europesays.com\/no\/wp-json\/wp\/v2\/users\/2"}],"replies":[{"embeddable":true,"href":"https:\/\/www.europesays.com\/no\/wp-json\/wp\/v2\/comments?post=257129"}],"version-history":[{"count":0,"href":"https:\/\/www.europesays.com\/no\/wp-json\/wp\/v2\/posts\/257129\/revisions"}],"wp:featuredmedia":[{"embeddable":true,"href":"https:\/\/www.europesays.com\/no\/wp-json\/wp\/v2\/media\/257130"}],"wp:attachment":[{"href":"https:\/\/www.europesays.com\/no\/wp-json\/wp\/v2\/media?parent=257129"}],"wp:term":[{"taxonomy":"category","embeddable":true,"href":"https:\/\/www.europesays.com\/no\/wp-json\/wp\/v2\/categories?post=257129"},{"taxonomy":"post_tag","embeddable":true,"href":"https:\/\/www.europesays.com\/no\/wp-json\/wp\/v2\/tags?post=257129"}],"curies":[{"name":"wp","href":"https:\/\/api.w.org\/{rel}","templated":true}]}}